{"id":153396,"date":"2025-10-02T19:32:12","date_gmt":"2025-10-02T19:32:12","guid":{"rendered":"https:\/\/www.europesays.com\/es\/153396\/"},"modified":"2025-10-02T19:32:12","modified_gmt":"2025-10-02T19:32:12","slug":"entrevista-exclusiva-de-veronica-hardy-con-bolavip","status":"publish","type":"post","link":"https:\/\/www.europesays.com\/es\/153396\/","title":{"rendered":"Entrevista exclusiva de Ver\u00f3nica Hardy con Bolavip"},"content":{"rendered":"<p data-testid=\"paragraph\" class=\"mb-[20px] md:mb-[30px] break-word\">Cuando parece que todo est\u00e1 perdido, es justo reconocer que es buen momento para realizar una pausa, recuperar fuerzas y volver m\u00e1s fuerte. Esto fue lo que entendi\u00f3 que deb\u00eda hacer <strong>Ver\u00f3nica Hardy<\/strong> con su carrera, la cual comenz\u00f3 en <strong><a href=\"https:\/\/bolavip.com\/mx\/tema\/ufc\" target=\"_blank\" rel=\"noreferrer noopener nofollow\" class=\"break-word font-articleLinkText text-articleLinkText hover:text-articleLinkTextHover hover:bg-articleLinkTextHoverBg cursor-pointer border-solid border-b-articleLinkTextHover\">UFC<\/a><\/strong> cuando ten\u00eda apenas 20 a\u00f1os y que est\u00e1 viviendo sus mejores momentos por estos tiempos. Ahora, <strong>ante una nueva oportunidad de demostrar de qu\u00e9 est\u00e1 hecha, la venezolana luce m\u00e1s confiada que nunca.<\/strong><\/p>\n<p data-testid=\"paragraph\" class=\"mb-[20px] md:mb-[30px] break-word\">En esta conversaci\u00f3n exclusiva con <strong>Bolavip<\/strong>, Ver\u00f3nica se mostr\u00f3 con su caracter\u00edstica alegr\u00eda, la misma que la convierta en una de las luchadoras m\u00e1s queridas de la organizaci\u00f3n, y revel\u00f3 sus secretos m\u00e1s importantes. <strong>Desde sus deseos m\u00e1s grandes, su vida fuera del oct\u00e1gono y la cuenta pendiente por saldar. \u201cQuiero que el p\u00fablico vea algo bien violento\u201d, cuenta.<\/strong><\/p>\n<p data-testid=\"paragraph\" class=\"mb-[20px] md:mb-[30px] break-word\">Este s\u00e1bado 4 de octubre, Hardy ser\u00e1 la encargada de abrir la cartelera del UFC 320 que se desarrollar\u00e1 en Las Vegas. <strong>En el T-Mobile Arena, Ver\u00f3nica se medir\u00e1 ante Brogan Walker en el peso mosca<\/strong> con la misi\u00f3n de obtener su cuarta victoria en las \u00faltimas cinco peleas. Su objetivo es derrotar a una rival que no pelea desde 2023, para alzar la mano ante la compa\u00f1\u00eda en busca de oportunidades m\u00e1s grandes en el futuro.<\/p>\n<p data-testid=\"paragraph\" class=\"mb-[20px] md:mb-[30px] break-word\">La carrera de Hardy estuvo detenida desde 2020 y 2023, a\u00f1o en el que decidi\u00f3 regresar a la acci\u00f3n tras alejarse por decisi\u00f3n propia. <strong>M\u00faltiples lesiones y, sobre todo, inconvenientes con contusiones cerebrales, obligaron a la Venezolana de 29 a\u00f1os a tener que priorizar su salud antes que el \u00e9xito deportivo<\/strong>. Casada con el ex luchador Dan Hardy, las artes marciales mixtas siempre estuvieron en su vida, por lo que su regreso se iba a concretar m\u00e1s pronto que tarde.<\/p>\n<p>Entrevista completa a Ver\u00f3nica Hardy con Bolavip<\/p>\n<p data-testid=\"paragraph\" class=\"mb-[20px] md:mb-[30px] break-word\"><strong>\u2013 Primero, agradecerte por el tiempo y por estar aqu\u00ed con nosotros. \u00bfC\u00f3mo est\u00e1s en esta nueva oportunidad?<\/strong><\/p>\n<p data-testid=\"paragraph\" class=\"mb-[20px] md:mb-[30px] break-word\">\u2013 Estoy muy emocionada, sabes. Tener otra oportunidad para ense\u00f1ar mis habilidades. Yo pienso que en la \u00faltima pelea hice un trabajo horrible en eso. Una pelea bastante aburrida, donde me levant\u00e9 en el tercer round, yo no s\u00e9 qu\u00e9 estaba pasando, pero bueno. <strong>He practicado bastante en eso, estar bastante enfocada, empezar m\u00e1s agresiva y tener una buena mezcla entre t\u00e9cnica y agresi\u00f3n.<\/strong><\/p>\n<p data-testid=\"paragraph\" class=\"mb-[20px] md:mb-[30px] break-word\"><strong>\u2013 \u00bfEres muy autocr\u00edtica con tus presentaciones?<\/strong><\/p>\n<p data-testid=\"paragraph\" class=\"mb-[20px] md:mb-[30px] break-word\">\u2013 Bastante. Creo que no importa lo que me digan, yo ya me he dicho unas cosas peores, ja. Pero es una oportunidad no solo en la carrera, sino una oportunidad de ver cuestiones de uno mismo, de caracter\u00edsticas de las cosas que sali\u00f3, como sali\u00f3, porqu\u00e9 sali\u00f3. Est\u00e1s es un momento de mucho estr\u00e9s, de mucha presi\u00f3n y como t\u00fa como persona aguantas eso y c\u00f3mo haces para seguir adelante es algo que dice mucho de ti y bastante importante en ver c\u00f3mo puedes mejorar como persona. Es una oportunidad grande y, \u00bfc\u00f3mo lo voy a perder?.<\/p>\n<p data-testid=\"paragraph\" class=\"mb-[20px] md:mb-[30px] break-word\"><strong>\u2013 \u00bfTe hubiera gustado volver antes al oct\u00e1gono o estuvo bien este tiempo largo de preparaci\u00f3n?<\/strong><\/p>\n<p data-testid=\"paragraph\" class=\"mb-[20px] md:mb-[30px] break-word\">\u2013 No, para m\u00ed estuvo bien. Porque tambi\u00e9n ten\u00eda que buscar un nuevo sitio donde entrenar, donde pod\u00eda hacer buen sparring, donde ten\u00eda las mujeres para entrenar. Porque es algo bastante dif\u00edcil para una mujer encontrar, sabes, pues compa\u00f1eras y d\u00f3nde est\u00e1n, porque a veces est\u00e1 una en un lado, otra en otro y se complica la cosa. Y encontrar eso, venir a Las Vegas tambi\u00e9n, <strong>practicar la cuesti\u00f3n mental de c\u00f3mo estar preparada, c\u00f3mo prepararme para la presi\u00f3n, para uno salir y no ser como espectador de lo que est\u00e1 pasando, sino estar en control durante la pelea, estar presente.<\/strong> Es algo que no pensaba que me afectar\u00eda tanto como lo fue en Nueva York y he trabajado bastante para que no vuelva a pasar la misma cosa.<\/p>\n<p data-testid=\"paragraph\" class=\"mb-[20px] md:mb-[30px] break-word\"><strong>\u2013 \u00bfC\u00f3mo manejaste eso? \u00bfCon psic\u00f3logos o hablando con entrenadores?<\/strong><\/p>\n<p data-testid=\"paragraph\" class=\"mb-[20px] md:mb-[30px] break-word\">\u2013 Bueno, yo he hecho una mezcla de cosas. <strong>Hay cuestiones que yo ten\u00eda personalmente que todav\u00eda me estaban como que molestando, que no me dejaban dormir bien, que yo ten\u00eda, como persona, que arreglar y lo he hecho<\/strong>. Con relaciones con otras personas, con cosas que yo he cometido errores y no me ha gustado como quedaban las cosas. Tambi\u00e9n he hablado mucho, una persona que Randy Couture me mencion\u00f3, que \u00e9l trabaj\u00f3 con ella muchos a\u00f1os, que es muy buena. Empec\u00e9 a hablar con ella y me ha ayudado a estar m\u00e1s\u2026 La cosa no es tanto la psicolog\u00eda de c\u00f3mo te sientes y c\u00f3mo fue tu ni\u00f1ez y por qu\u00e9 las cosas est\u00e1n mal, sino es<strong> c\u00f3mo estar enfocada, c\u00f3mo estar en una forma deportiva, c\u00f3mo practicar a tu mente para que est\u00e9 enfocada, porque hay muchas veces que tu mente se va a pensar en otras cosas<\/strong>. Es bastante dif\u00edcil sentarte cinco minutos y no hacer nada, porque ah\u00ed t\u00fa empiezas: \u2018Ah no, tengo que hacer esto, tienes que hacer\u2026\u2019 y te empiezas a distraer y practicar en esos momentos volver es importante. Y eso se hace no solo con una sesi\u00f3n, eso se hace practic\u00e1ndolo todos los d\u00edas. Entonces, poni\u00e9ndole importancia a eso tanto como lo pongo en entrenamiento f\u00edsico, ha sido lo que va a hacer la diferencia.<\/p>\n<p>Su vida fuera del oct\u00e1gono y sus decisiones para no sufrir el d\u00eda a d\u00eda del deporte<\/p>\n<p data-testid=\"paragraph\" class=\"mb-[20px] md:mb-[30px] break-word\"><strong>\u2013 Cuando no est\u00e1s en campamento, \u00bfdedicas mucho tiempo a las artes marciales mixtas o encuentras otras formas de disfrutar la vida?<\/strong><\/p>\n<p data-testid=\"paragraph\" class=\"mb-[20px] md:mb-[30px] break-word\">\u2013 Yo pienso que mi vida est\u00e1 tan conectada a las artes marciales. Me cas\u00e9 con Dan Hardy y ese nunca deja de hablar de peleas. \u00c9l dice: \u2018Mi amor ya, ya no vamos a ver m\u00e1s MMA\u2019 y yo digo: \u2018Ok, vamos a ver un show\u2019 y pone boxeo. Eso todav\u00eda es combate, chamo, ja. O est\u00e1 de comentarista en un evento, entonces yo voy,<strong> hablo con los atletas, veo peleas, entonces siempre estuve en el ambiente. Es un ambiente que a m\u00ed me encanta, no solo los peleadores, sino las personas que trabajan un evento que nunca le dan el m\u00e9rito que merecen, pero trabajan tan duro<\/strong>. Poder hablar con ellos, poder hablar con personas como ustedes que hacen entrevistas, que es bastante dif\u00edcil. Porque he hecho entrevistas y eso me pone tan nerviosa, hablar con los atletas y a veces no te responden bien\u2026 Ver todas esas diferentes partes del deporte, aunque todav\u00eda es MMA, es diferente, y entre el viaje para los eventos es algo que a m\u00ed me llena mucho como persona. Entonces, s\u00ed, no es igual como estar en el gimnasio, todos los d\u00edas ver a la misma persona tambi\u00e9n, lo cual cansa tambi\u00e9n. Pero es una forma de tener esa conexi\u00f3n sin ser tan intenso en diferente forma.<\/p>\n<p><img decoding=\"async\" src=\"https:\/\/www.europesays.com\/es\/wp-content\/uploads\/2025\/10\/BMX_20251002_BMX_366989_image-2025-10-02T134700.452-1024x575_809bbe35.webp&#038;width=1024&#038;height=575.webp\" width=\"1024\" height=\"575\" alt=\"Ver\u00f3nica y su esposo Dan Hardy: unidos por las artes marciales mixtas. (INSTAGRAM)\" class=\"h-auto\" loading=\"lazy\"\/><\/p>\n<p class=\"text-center mt-5 text-[14px] leading-[20px] font-normal\">Ver\u00f3nica y su esposo Dan Hardy: unidos por las artes marciales mixtas. (INSTAGRAM)<\/p>\n<p data-testid=\"paragraph\" class=\"mb-[20px] md:mb-[30px] break-word\"><strong>\u2013 Est\u00e1s en semana de pelea, a pocos d\u00edas del evento. Parece que no estuvieras cortando peso. \u00bfC\u00f3mo manejas eso?<\/strong><\/p>\n<p data-testid=\"paragraph\" class=\"mb-[20px] md:mb-[30px] break-word\">\u2013 <strong>Eso es lo bueno de medir tan poquito, ja. Uno no corta tanto. Yo no corto una cantidad enorme de peso<\/strong>, creo que lo que pasa es que hay personas que pueden hacer el peso y muchas veces les va bien y otras veces en unas peleas no se hidratan bien y se sienten horrible. Yo no quiero jugar a eso. Quiero enfocarme en mi entrenamiento, en estar presente, aprender las t\u00e9cnicas como son, no en que \u00bfcu\u00e1ndo se va a callar este profesor, porque tengo que correr 10 millas para hacer este peso? Porque es normal, las personas est\u00e1n as\u00ed. Y fue una decisi\u00f3n que yo tom\u00e9 en no hacer eso. <strong>Me siento muy bien en esta divisi\u00f3n, donde el corte de peso no es muy grande, pero todav\u00eda estoy cortando peso, pero me siento bien, con energ\u00eda. <\/strong>Yo ahorita voy a ir a entrenar y voy a golpear, o sea, voy a sentir poder en mi golpe, no voy a sentir como que \u2018ya, \u00bfcu\u00e1ndo se acaba de esto? Y para m\u00ed eso es importante, porque despu\u00e9s t\u00fa ves a los peleadores que terminan, hacen el peso y suben como 40 libras y despu\u00e9s hay que bajarlo de nuevo porque <strong>el corte es muy grande y la cuesti\u00f3n es como te afecta a las hormonas y el resto de tu vida. No es algo con lo que yo quiero jugar.<\/strong><\/p>\n<p data-testid=\"paragraph\" class=\"mb-[20px] md:mb-[30px] break-word\"><strong>\u2013 \u00bfQu\u00e9 opinas de pactar un peso y pesarse el mismo d\u00eda de la pelea para evitar cortes tan dr\u00e1sticos?<\/strong><\/p>\n<p data-testid=\"paragraph\" class=\"mb-[20px] md:mb-[30px] break-word\">\u2013 Mira, siempre va a haber loqueras. Mi nutricionista trabaja en la cuesti\u00f3n de amateurs y t\u00fa ves ni\u00f1os, no s\u00e9 c\u00f3mo los padres\u2026 Pero bueno, tampoco me voy a arrechar, pero haci\u00e9ndolos cortar peso, llorando y eso no se va a acabar. <strong>Lo que yo pienso que puede ayudar es tener como el boxeo, cada tres libras tienes otra categor\u00eda<\/strong>. Es muy grande el corte de 10 libras. Mira, 115 a 125 por las mujeres, en un porcentaje de su cuerpo, es una cosa enorme. Yo pienso que si hay m\u00e1s divisiones, claro, con lo que crezca el deporte ojal\u00e1 haya m\u00e1s divisiones, creo que eso va a ayudar bastante. Porque parar la loquera de las personas es imposible, siempre va a haber uno que lo haga. <strong>Aunque t\u00fa le digas toda la ciencia de: \u2018Mira, esto va a ser horrible para ti\u2026\u2019 Ellos dicen: \u2018No, no importa, yo lo hago\u2019 Porque es as\u00ed.<\/strong><\/p>\n<p>La estrategia en su cabeza<\/p>\n<p data-testid=\"paragraph\" class=\"mb-[20px] md:mb-[30px] break-word\"><strong>\u2013 Sobre tu \u00faltima pelea contra Moura, \u00bfqu\u00e9 te molest\u00f3 y qu\u00e9 quieres corregir?<\/strong><\/p>\n<p data-testid=\"paragraph\" class=\"mb-[20px] md:mb-[30px] break-word\">\u2013 S\u00ed, porque mira, yo puedo ver, cuando empec\u00e9 mi carrera, estaba bien joven, ten\u00eda 20 a\u00f1os, no sab\u00eda qu\u00e9 estaba haciendo, todo eso. Pero yo era muy agresiva, a m\u00ed la agresi\u00f3n nunca me ha faltado, pero la \u00faltima pelea me falt\u00f3. Es un poquito, es un balance, \u00bfno? Porque <strong>ten\u00eda agresi\u00f3n, pero me faltaba t\u00e9cnica, me faltaba estrategia, me faltaban cosas donde la agresi\u00f3n estaba trabajando en mi contra. <\/strong>Entonces, en esta, como que quit\u00e9 demasiado la agresi\u00f3n y la estrategia no me funcion\u00f3, porque es una pelea, todav\u00eda necesitas la intenci\u00f3n. <strong>Hay personas que yo veo que tienen t\u00e9cnica horrible y noquean a personas porque tienen intenci\u00f3n<\/strong>. Entonces, ha sido esa mezcla y ha sido darle el respeto a esa parte del juego que no se la di.<\/p>\n<p><img decoding=\"async\" src=\"https:\/\/www.europesays.com\/es\/wp-content\/uploads\/2025\/10\/BMX_20251002_BMX_366989_image-2025-10-02T134608.319-1024x576_632204ed.webp&#038;width=1024&#038;height=576.webp\" width=\"1024\" height=\"576\" alt=\"El peso nunca es un problema para la venezolana. (INSTAGRAM)\" class=\"h-auto\" loading=\"lazy\"\/><\/p>\n<p class=\"text-center mt-5 text-[14px] leading-[20px] font-normal\">El peso nunca es un problema para la venezolana. (INSTAGRAM)<\/p>\n<p data-testid=\"paragraph\" class=\"mb-[20px] md:mb-[30px] break-word\"><strong>\u2013 \u00bfC\u00f3mo juega la confianza en tu cabeza, especialmente tras victorias consecutivas?<\/strong><\/p>\n<p data-testid=\"paragraph\" class=\"mb-[20px] md:mb-[30px] break-word\">\u2013 Es un poquito loco. Estoy m\u00e1s confiante ahorita que vengo de una derrota que cuando ven\u00eda de tres victorias. Cuando ganaba estaba como: \u2018Ay, me est\u00e1 yendo bien, ojal\u00e1 no pierda de nuevo\u2019. La cosa era no perder, no cre\u00eda en m\u00ed misma. Aunque los resultados estaban mejorando, todav\u00eda yo estaba en la mente pasada y yo pienso que tom\u00f3 esto para, bueno, lastimosamente tom\u00f3 esto, porque sabes como es el deporte, uno pierde y\u2026 Pero como persona yo pienso que me ayud\u00f3 porque me dio la oportunidad de reflexionar en que: <strong>\u2018Mira, t\u00fa no eres la misma persona, no tienes el mismo cuerpo, no tienes la misma mente, tienes que ver esta pelea diferente y t\u00fa mereces la confianza que tienes. Mira c\u00f3mo est\u00e1s entrenando, mira las cosas que haces. Pero ve en los resultados de ahorita, ve como te sientes ahorita, no en las tres derrotas que tuviste en el 2016. O sea, vamos\u2019. <\/strong>Y yo pienso que eso me ha ayudado a madurar mucho y en esa madurez ha venido la confianza. Porque honestamente, antes de Nueva York yo no la ten\u00eda, no era una confianza real.<\/p>\n<p><img decoding=\"async\" src=\"https:\/\/www.europesays.com\/es\/wp-content\/uploads\/2025\/10\/BMX_20251002_BMX_366989_image-2025-10-02T134541.419-1024x575_620493df.webp&#038;width=1024&#038;height=575.webp\" width=\"1024\" height=\"575\" alt=\"Ver\u00f3nica Hardy quiere volver a brillar en UFC. (INSTAGRAM)\" class=\"h-auto\" loading=\"lazy\"\/><\/p>\n<p class=\"text-center mt-5 text-[14px] leading-[20px] font-normal\">Ver\u00f3nica Hardy quiere volver a brillar en UFC. (INSTAGRAM)<\/p>\n<p data-testid=\"paragraph\" class=\"mb-[20px] md:mb-[30px] break-word\"><strong>\u2013 \u00bfC\u00f3mo analizas a una rival que no pelea hace tanto tiempo?<\/strong><\/p>\n<p data-testid=\"paragraph\" class=\"mb-[20px] md:mb-[30px] break-word\">\u2013 Es dif\u00edcil porque mira, yo, como te digo, despu\u00e9s de tres a\u00f1os sal\u00ed como una persona, una peleadora diferente. Entonces, uno tiene que tomar en cuenta las cosas que ellos han hecho antes, pero tambi\u00e9n las cosas que han mejorado. <strong>Pienso que va a venir con bastante confianza, ha practicado mucho en su grappling, en su jiu-jitsu, yo s\u00e9 que est\u00e1 dando clases en eso.<\/strong> S\u00e9 que tuvo una cirug\u00eda de rodilla, entonces ahora se est\u00e1 moviendo mucho mejor, eso es algo que no le estaba ayudando con el movimiento antes y ahora se va a sentir mucho m\u00e1s libre, mucho m\u00e1s confiada y pienso que esto va a salir en la pelea. Va a ser, especialmente en los primeros minutos, una cosa que yo tengo que tener muy en cuenta hasta que me deje que agarre el tiempo de la pelea, agarre las cosas necesarias. Pero <strong>la agresi\u00f3n no va a venir en el tercer round, te lo juro, va a ser en el primero, pero dame un chance de leer a la persona.<\/strong><\/p>\n<p>Agradecimiento a UFC y sue\u00f1os a futuro<\/p>\n<p data-testid=\"paragraph\" class=\"mb-[20px] md:mb-[30px] break-word\"><strong>\u2013 Ser\u00e1 una interesante cartelera. \u00bfC\u00f3mo<\/strong> <strong>analizas el hecho de estar abriendo un evento de este calibre y que la compa\u00f1\u00eda haya confiado en ti?<\/strong><\/p>\n<p data-testid=\"paragraph\" class=\"mb-[20px] md:mb-[30px] break-word\">\u2013 S\u00ed, s\u00ed. <strong>Despu\u00e9s de la \u00faltima pelea, yo no me hubiese visto pelear ni en la esquina, sabes, ni en el estacionamiento<\/strong>. Pero que ellos todav\u00eda piensen que, o sea, tengan la confianza en que yo he trabajado bastante duro para acomodar esas cosas es lo que a m\u00ed tambi\u00e9n me da confianza porque, se ve que ellos saben que es una cosa que a m\u00ed me importa mucho como persona, como atleta, algo que yo le doy mucho respeto. <strong>Es una cartelera asombrosa con peleadores que yo les tengo mucha admiraci\u00f3n y estar ah\u00ed y poder ser la primera pelea, terminar y poder disfrutar de eso es algo bastante especial.<\/strong> Porque peleo a las 3:00 en Las Vegas, entonces ya 3:30 estoy en regreso a la casa, prendiendo la parrilla y viendo las peleas que es algo que me encanta.<\/p>\n<p data-testid=\"paragraph\" class=\"mb-[20px] md:mb-[30px] break-word\"><strong>\u2013 A tus 29 a\u00f1os, con mucho tiempo en la compa\u00f1\u00eda, \u00bftienes un objetivo a gran escala o vas paso a paso?<\/strong><\/p>\n<p data-testid=\"paragraph\" class=\"mb-[20px] md:mb-[30px] break-word\">\u2013 Yo voy paso a paso, pero ahorita estoy teniendo m\u00e1s confianza en agrandar el futuro que yo me veo. Como te dije antes, ven\u00eda de tres peleas, tres victorias consecutivas, mira, y una contra JJ Aldrich que est\u00e1 ranqueada\u2026 O sea, son buenas peleadoras. Pero igual, no, yo como que estaba esperando a alguien me diga: \u2018No es as\u00ed\u2019. Es una cosa media rara lo que he pasado. Entonces, ahorita me siento mucho mejor, pero me lo tengo que demostrar, este s\u00e1bado. <strong>Esta pelea es por m\u00ed. Es por demostrar todo lo que yo he hecho en entrenamientos, todo lo que las personas me han aportado, me han ayudado y ense\u00f1ar la habilidad que yo tengo<\/strong>, porque no creo que ninguna de las peleas lo he podido hacer, porque he estado en mi propio camino.<\/p>\n<p data-testid=\"paragraph\" class=\"mb-[20px] md:mb-[30px] break-word\"><strong>\u2013 \u00bfQu\u00e9 te gustar\u00eda dejar en el oct\u00e1gono o que el p\u00fablico vea?<\/strong><\/p>\n<p data-testid=\"paragraph\" class=\"mb-[20px] md:mb-[30px] break-word\">\u2013 <strong>Yo quiero que el p\u00fablico vea algo bien violento. Bien, bien violento, porque es lo que hace falta, es lo que yo tengo por dentro.<\/strong> Es lo que, sabes, uno lo deja salir y despu\u00e9s se siente bien calmada. Y yo me quiero sentir bien calmada despu\u00e9s de dejar todo eso salir.<\/p>\n<p data-testid=\"paragraph\" class=\"mb-[20px] md:mb-[30px] break-word\"><strong>\u2013 En caso de que ganes, \u00bftienes una rival en mente o ser\u00e1 lo que la compa\u00f1\u00eda ofrezca?<\/strong><\/p>\n<p data-testid=\"paragraph\" class=\"mb-[20px] md:mb-[30px] break-word\">\u2013 No, lo que la compa\u00f1\u00eda ofrezca, uno nunca sabe. Uno puede decir las cosas, pero <strong>mucho depende c\u00f3mo te van las peleas, c\u00f3mo ellos te ven y a quien te dan. Pienso que despu\u00e9s de eso voy a ver.<\/strong><\/p>\n<p data-testid=\"paragraph\" class=\"mb-[20px] md:mb-[30px] break-word\"><strong>\u2013 \u00bfTe gustar\u00eda pelear con alguien en especial?<\/strong><\/p>\n<p data-testid=\"paragraph\" class=\"mb-[20px] md:mb-[30px] break-word\">\u2013 <strong>No, no, yo nunca he pedido a nadie. Siempre me mandan el nombre y digo: \u2018Ah, ok, dale pues\u2019.<\/strong> Uno no tiene mucha opci\u00f3n tampoco. Las opciones vienen, una ilusi\u00f3n\u2026<\/p>\n<p>El v\u00ednculo especial con su pa\u00eds: Piera Rodr\u00edguez como nexo<\/p>\n<p data-testid=\"paragraph\" class=\"mb-[20px] md:mb-[30px] break-word\">\u2013 <strong>\u00bfC\u00f3mo se siente representar a Venezuela en el oct\u00e1gono?<\/strong><\/p>\n<p data-testid=\"paragraph\" class=\"mb-[20px] md:mb-[30px] break-word\">\u2013 Bueno, no solo yo voy a estar ah\u00ed, sino <strong>tengo a Piera Rodr\u00edguez en mi esquina que me ha ayudado como t\u00fa no tienes idea para todo este campamento<\/strong>. Ella siempre tiene camisas de Venezuela. Las camisas de ella son las cosas m\u00e1s c\u00f3micas. El otro d\u00eda ten\u00eda una que dec\u00eda: \u2018No jalo bola, no pico torta, no le hago fiesta a nadie\u2019. Yo me pongo a re\u00edr tanto con ella. Y es una alegr\u00eda que uno le puede dar al pa\u00eds, sabes, porque son cosas buenas. <strong>Yo no me hab\u00eda dado cuenta antes de lo que eso puede causar hasta que alguien como Piera me lo hizo saber. Tenerla a ella tambi\u00e9n, representar a Venezuela es algo especial.<\/strong><\/p>\n<p><img decoding=\"async\" src=\"https:\/\/www.europesays.com\/es\/wp-content\/uploads\/2025\/10\/BMX_20251002_BMX_366989_image-2025-10-02T134637.078-1024x575_97d78043.webp&#038;width=1024&#038;height=575.webp\" width=\"1024\" height=\"575\" alt=\"Ver\u00f3nica Hardy y Piera Rodr\u00edguez mantienen una gran relaci\u00f3n. (INSTAGRAM)\" class=\"h-auto\" loading=\"lazy\"\/><\/p>\n<p class=\"text-center mt-5 text-[14px] leading-[20px] font-normal\">Ver\u00f3nica Hardy y Piera Rodr\u00edguez mantienen una gran relaci\u00f3n. (INSTAGRAM)<\/p>\n<p data-testid=\"paragraph\" class=\"mb-[20px] md:mb-[30px] break-word\"><strong>\u2013 \u00bfC\u00f3mo es la situaci\u00f3n en el pa\u00eds respecto al deporte?<\/strong><\/p>\n<p data-testid=\"paragraph\" class=\"mb-[20px] md:mb-[30px] break-word\">\u2013 Lo que es dif\u00edcil, honestamente, son las oportunidades. Porque puede ser que tengan los eventos, pero a veces no le dan importancia, no es lo suficientemente grande como para que ellos te den el m\u00e9rito de la pelea y eso es lo que lo hace dif\u00edcil, salir del pa\u00eds para poder competir. <strong>Uno tiene que viajar para esas cosas, es bastante complicado en eso, pero Venezuela tiene mucho talento. Yo he practicado en Caracas, en jiu-jitsu, son muy buenos, en la lucha siempre han sido buen\u00edsimas, el boxeo lo han tenido en muy buen nivel.<\/strong> Entonces, yo pienso que est\u00e1n todos los recursos ah\u00ed, s\u00e9 que Omar Morales est\u00e1 en Venezuela d\u00e1ndole duro y se est\u00e1n viendo muchos m\u00e1s venezolanos salir. Pero es la oportunidad. A veces, cuando conoces de un pa\u00eds, salen unos peleadores y hacen buen nombre, entonces empiezan a ver el pa\u00eds m\u00e1s y pienso que <strong>mientras mejor nos vaya a nosotros, m\u00e1s oportunidad le vamos a dar a todos los que lo merecen<\/strong>.<\/p>\n<p data-testid=\"paragraph\" class=\"mb-[20px] md:mb-[30px] break-word\"><strong>\u2013 \u00bfFalta visibilidad o importancia al deporte en Sudam\u00e9rica?<\/strong><\/p>\n<p data-testid=\"paragraph\" class=\"mb-[20px] md:mb-[30px] break-word\">\u2013 <strong>S\u00ed, es el dinero que le ponen al deporte. No hay tanto dinero para hacer los eventos, no hay tanto dinero para poder dar una cosa con luces s\u00faper lindas y despu\u00e9s no le prestan tanta atenci\u00f3n.<\/strong> Pero Brasil tiene mucho, claro, Brasil fue uno de los fundadores de esto y ahorita est\u00e1 creciendo, pero con la accesibilidad al internet, a informaci\u00f3n, creo que esto va a crecer mucho y no va a estar tanto en unos pa\u00edses nada m\u00e1s, sino que <strong>se est\u00e1 expandiendo el deporte y, con la fama que est\u00e1 agarrando, solo va a seguir creciendo.<\/strong><\/p>\n<p data-testid=\"paragraph\" class=\"mb-[20px] md:mb-[30px] break-word\"><strong>\u2013 \u00bfTienes un sue\u00f1o m\u00e1ximo en las artes marciales mixtas o en tu vida que nos puedas compartir?<\/strong><\/p>\n<p data-testid=\"paragraph\" class=\"mb-[20px] md:mb-[30px] break-word\">\u2013 Est\u00e1 bien. Es algo que le he estado diciendo a mi entrenador. Me acuerdo hace como seis, siete a\u00f1os le dije: <strong>\u2018Yo quiero, un d\u00eda, poder pelear totalmente calmada. Totalmente enfocada en un momento donde todo se va en c\u00e1mara lenta, porque s\u00e9 que es posible y no pelear con tanta, bueno, arrechera\u2019<\/strong>. Pero es eso, es llegar al punto como una artista marcial cuando tienes todo el control de tu cuerpo, de tus emociones, de tu oponente. Es algo que yo veo bien dif\u00edcil, pero es la meta.<\/p>\n<p data-testid=\"paragraph\" class=\"mb-[20px] md:mb-[30px] break-word\"><strong>\u2013 Un mensaje para los que veremos tu pelea.<\/strong><\/p>\n<p data-testid=\"paragraph\" class=\"break-word\">\u2013 <strong>Muchas gracias. A ustedes los quiero un mont\u00f3n, no saben cu\u00e1nto me alegran los mensajes, la energ\u00eda que me dan, me anima mucho y voy a salir con todo.<\/strong> Ojal\u00e1 que les guste la pelea, honestamente he trabajado bastante duro, tengo un buen campamento y si estoy muy lenta Piera me va a gritar, entonces eso se va, ja. <strong>Ya t\u00fa sabes, voy a salir con todo.<\/strong><\/p>\n","protected":false},"excerpt":{"rendered":"Cuando parece que todo est\u00e1 perdido, es justo reconocer que es buen momento para realizar una pausa, recuperar&hellip;\n","protected":false},"author":2,"featured_media":153397,"comment_status":"","ping_status":"","sticky":false,"template":"","format":"standard","meta":{"footnotes":""},"categories":[276],"tags":[168,25,24,23,167,343],"class_list":{"0":"post-153396","1":"post","2":"type-post","3":"status-publish","4":"format-standard","5":"has-post-thumbnail","7":"category-ufc","8":"tag-deportes","9":"tag-es","10":"tag-espana","11":"tag-spain","12":"tag-sports","13":"tag-ufc"},"share_on_mastodon":{"url":"","error":""},"_links":{"self":[{"href":"https:\/\/www.europesays.com\/es\/wp-json\/wp\/v2\/posts\/153396","targetHints":{"allow":["GET"]}}],"collection":[{"href":"https:\/\/www.europesays.com\/es\/wp-json\/wp\/v2\/posts"}],"about":[{"href":"https:\/\/www.europesays.com\/es\/wp-json\/wp\/v2\/types\/post"}],"author":[{"embeddable":true,"href":"https:\/\/www.europesays.com\/es\/wp-json\/wp\/v2\/users\/2"}],"replies":[{"embeddable":true,"href":"https:\/\/www.europesays.com\/es\/wp-json\/wp\/v2\/comments?post=153396"}],"version-history":[{"count":0,"href":"https:\/\/www.europesays.com\/es\/wp-json\/wp\/v2\/posts\/153396\/revisions"}],"wp:featuredmedia":[{"embeddable":true,"href":"https:\/\/www.europesays.com\/es\/wp-json\/wp\/v2\/media\/153397"}],"wp:attachment":[{"href":"https:\/\/www.europesays.com\/es\/wp-json\/wp\/v2\/media?parent=153396"}],"wp:term":[{"taxonomy":"category","embeddable":true,"href":"https:\/\/www.europesays.com\/es\/wp-json\/wp\/v2\/categories?post=153396"},{"taxonomy":"post_tag","embeddable":true,"href":"https:\/\/www.europesays.com\/es\/wp-json\/wp\/v2\/tags?post=153396"}],"curies":[{"name":"wp","href":"https:\/\/api.w.org\/{rel}","templated":true}]}}