{"id":153400,"date":"2025-10-02T19:36:15","date_gmt":"2025-10-02T19:36:15","guid":{"rendered":"https:\/\/www.europesays.com\/es\/153400\/"},"modified":"2025-10-02T19:36:15","modified_gmt":"2025-10-02T19:36:15","slug":"russell-niega-dureza-en-negociaciones-para-2026-con-mercedes-requieren-cuidado-noticia-de-f1","status":"publish","type":"post","link":"https:\/\/www.europesays.com\/es\/153400\/","title":{"rendered":"Russell niega dureza en negociaciones para 2026 con Mercedes: \u00abRequieren cuidado\u00bb &#8211; Noticia de F1"},"content":{"rendered":"<p>La renovaci\u00f3n del contrato entre <strong>George Russell<\/strong> y <strong>Mercedes<\/strong> contin\u00faa en fase de negociaci\u00f3n para la <strong>temporada 2026<\/strong>. En una conferencia de prensa en el paddock del <strong>GP de Singapur<\/strong> este jueves, el brit\u00e1nico rechaz\u00f3 ser un negociador duro y argument\u00f3 que el nuevo acuerdo debe incluir algo justo y beneficioso para ambas partes.<\/p>\n<p>Russell se encuentra en una posici\u00f3n ventajosa en las rondas de negociaci\u00f3n, especialmente despu\u00e9s de que <strong>Max Verstappen<\/strong> confirmara que permanecer\u00e1 en <strong>Red Bull<\/strong> en <strong>2026<\/strong>. El neerland\u00e9s ha sido el objetivo del director de Mercedes, <strong>Toto Wolff<\/strong>, desde que <strong>Lewis Hamilton<\/strong> anunci\u00f3 su fichaje por <strong>Ferrari<\/strong>.<\/p>\n<p>Adem\u00e1s de no tener ya en la mira al tetracampe\u00f3n ni a ninguno de los otros pilotos de \u00e9lite de la F1, que tienen contrato con otros equipos, Russell, seg\u00fan se informa, est\u00e1 presionando con fuerza para obtener el salario y el plazo que les permita el acuerdo m\u00e1s favorable. El brit\u00e1nico es uno de los pilotos m\u00e1s destacados de la temporada, actualmente en cuarto lugar del campeonato, e incluso con <strong>Andrea Kimi Antonelli<\/strong> teniendo un a\u00f1o dif\u00edcil de adaptaci\u00f3n al deporte, ha logrado dejar a Mercedes en segundo lugar en el <strong>Campeonato de Constructores<\/strong>, solo por detr\u00e1s de <strong>McLaren<\/strong>.<\/p>\n<p>\ud83d\udfe5\u00a0<strong>\u00a1Todas las novedades te esperan en el canal de\u00a0<\/strong><a href=\"https:\/\/www.youtube.com\/@GrandePremioES\" rel=\"nofollow noopener\" target=\"_blank\">YouTube<\/a><strong>\u00a0de Grande Pr\u00eamio en Espa\u00f1ol!<\/strong>\u00a0\ud83d\udfe8<\/p>\n<p><img decoding=\"async\" data-attachment-id=\"364416\" data-permalink=\"https:\/\/grandepremio.com\/es\/azerbaijao-2025-f1-quinta-feira-mercedes-george-russell-02\/\" data-orig-file=\"https:\/\/grandepremio.com\/cdn-cgi\/image\/width=893,height=558,fit=contain,gravity=0.5x0.5,quality=75,format=webp\/es\/wp-content\/uploads\/..\/gp_br_uploads\/2025\/09\/azerbaijao-2025-f1-quinta-feira-mercedes-george-russell-02.jpg\" data-orig-size=\"\" data-comments-opened=\"1\" data-image-meta=\"[]\" data-image-title=\"azerbaij\u00e3o-2025-f1-quinta-feira-mercedes-george-russell-02\" data-image-description=\"\" data-image-caption=\"&lt;p&gt;George Russell se\u00f1al\u00f3 que \u00ablas renovaciones requieren cuidado\u00bb. (Foto: Mercedes)&lt;\/p&gt;&#10;\" data-medium-file=\"https:\/\/grandepremio.com\/cdn-cgi\/image\/width=893,height=558,fit=contain,gravity=0.5x0.5,quality=75,format=webp\/es\/wp-content\/uploads\/..\/gp_br_uploads\/2025\/09\/azerbaijao-2025-f1-quinta-feira-mercedes-george-russell-02.jpg\" data-large-file=\"https:\/\/grandepremio.com\/cdn-cgi\/image\/width=893,height=558,fit=contain,gravity=0.5x0.5,quality=75,format=webp\/es\/wp-content\/uploads\/..\/gp_br_uploads\/2025\/09\/azerbaijao-2025-f1-quinta-feira-mercedes-george-russell-02.jpg\" src=\"https:\/\/www.europesays.com\/es\/wp-content\/uploads\/2025\/10\/azerbaijao-2025-f1-quinta-feira-mercedes-george-russell-02.jpg\" alt=\"\" class=\"wp-image-364416\"\/>George Russell se\u00f1al\u00f3 que \u00ablas renovaciones requieren cuidado\u00bb. (Foto: Mercedes)<\/p>\n<p>\u23e9\u00a0<strong>\u00a1Seguinos en redes por\u00a0<\/strong><a href=\"https:\/\/twitter.com\/grandepremioES\" rel=\"nofollow noopener\" target=\"_blank\">Twitter\u00a0<\/a><strong>e\u00a0<\/strong><a href=\"https:\/\/www.instagram.com\/grandepremioes\/\" rel=\"nofollow noopener\" target=\"_blank\">Instagram!<\/a><br \/>\u23e9\u00a0<strong>Adem\u00e1s, tenemos nuestro\u00a0<\/strong><a href=\"https:\/\/whatsapp.com\/channel\/0029VaDZ5zb0gcfDxuwxBM05\" rel=\"nofollow noopener\" target=\"_blank\">canal de Whatsapp<\/a><strong>\u00a0con toda la informaci\u00f3n al instante<\/strong>\u00a0\ud83c\udfc1<\/p>\n<p>A pesar de mostrar cierta incomodidad con los problemas en torno a las negociaciones contractuales durante la conferencia de prensa en <strong>Marina Bay<\/strong>, Russell neg\u00f3 haber sido duro con Mercedes en cuanto a la renovaci\u00f3n de su contrato en la F\u00f3rmula 1.<\/p>\n<p>\u201cCuando llegas a cierto punto en tu carrera, las cosas deben hacerse bien\u201d, declar\u00f3. \u201cTodas las renovaciones de contrato son las m\u00e1s importantes de tu vida, as\u00ed que deben hacerse con cuidado. Se concretar\u00e1 cuando se concrete\u201d, a\u00f1adi\u00f3.<\/p>\n<p>\u201c\u00bfCu\u00e1ntas preguntas m\u00e1s como esa habr\u00e1 aqu\u00ed? [risas]\u201d, respondi\u00f3 cuando se le pregunt\u00f3 si era un negociador duro. \u201cNo lo creo, se trata simplemente de justicia y beneficio mutuo. Es diferente para cada piloto. Estar\u00e9 encantado de avisarte cuando todo est\u00e9 resuelto\u201d, concluy\u00f3.<\/p>\n<p>La\u00a0<strong>F\u00f3rmula 1<\/strong>\u00a0regresa entre el 3 y 5 de octubre con el\u00a0<strong>Gran Premio de Singapur<\/strong>, 18\u00aa prueba de la\u00a0<strong>temporada 2025<\/strong>, en el circuito urbano de\u00a0<strong>Marina Bay<\/strong>.<\/p>\n<p>      <script async src=\"https:\/\/platform.twitter.com\/widgets.js\" charset=\"utf-8\"><\/script><script async src=\"\/\/www.instagram.com\/embed.js\"><\/script><\/p>\n","protected":false},"excerpt":{"rendered":"La renovaci\u00f3n del contrato entre George Russell y Mercedes contin\u00faa en fase de negociaci\u00f3n para la temporada 2026.&hellip;\n","protected":false},"author":2,"featured_media":153401,"comment_status":"","ping_status":"","sticky":false,"template":"","format":"standard","meta":{"footnotes":""},"categories":[270],"tags":[168,25,24,306,271,272,23,167],"class_list":{"0":"post-153400","1":"post","2":"type-post","3":"status-publish","4":"format-standard","5":"has-post-thumbnail","7":"category-formula-1","8":"tag-deportes","9":"tag-es","10":"tag-espana","11":"tag-f1","12":"tag-formula-1","13":"tag-formula1","14":"tag-spain","15":"tag-sports"},"share_on_mastodon":{"url":"","error":""},"_links":{"self":[{"href":"https:\/\/www.europesays.com\/es\/wp-json\/wp\/v2\/posts\/153400","targetHints":{"allow":["GET"]}}],"collection":[{"href":"https:\/\/www.europesays.com\/es\/wp-json\/wp\/v2\/posts"}],"about":[{"href":"https:\/\/www.europesays.com\/es\/wp-json\/wp\/v2\/types\/post"}],"author":[{"embeddable":true,"href":"https:\/\/www.europesays.com\/es\/wp-json\/wp\/v2\/users\/2"}],"replies":[{"embeddable":true,"href":"https:\/\/www.europesays.com\/es\/wp-json\/wp\/v2\/comments?post=153400"}],"version-history":[{"count":0,"href":"https:\/\/www.europesays.com\/es\/wp-json\/wp\/v2\/posts\/153400\/revisions"}],"wp:featuredmedia":[{"embeddable":true,"href":"https:\/\/www.europesays.com\/es\/wp-json\/wp\/v2\/media\/153401"}],"wp:attachment":[{"href":"https:\/\/www.europesays.com\/es\/wp-json\/wp\/v2\/media?parent=153400"}],"wp:term":[{"taxonomy":"category","embeddable":true,"href":"https:\/\/www.europesays.com\/es\/wp-json\/wp\/v2\/categories?post=153400"},{"taxonomy":"post_tag","embeddable":true,"href":"https:\/\/www.europesays.com\/es\/wp-json\/wp\/v2\/tags?post=153400"}],"curies":[{"name":"wp","href":"https:\/\/api.w.org\/{rel}","templated":true}]}}