{"id":153412,"date":"2025-10-02T19:43:09","date_gmt":"2025-10-02T19:43:09","guid":{"rendered":"https:\/\/www.europesays.com\/es\/153412\/"},"modified":"2025-10-02T19:43:09","modified_gmt":"2025-10-02T19:43:09","slug":"boyero-se-deshace-de-elogios-a-la-serie-del-momento-agradezco-mucho-que-te-hagan-reir-cine-y-tv","status":"publish","type":"post","link":"https:\/\/www.europesays.com\/es\/153412\/","title":{"rendered":"Boyero se deshace de elogios a la serie del momento: \u00abAgradezco mucho que te hagan re\u00edr\u00bb | Cine y TV"},"content":{"rendered":"<p>Una de las mejores comedias de los \u00faltimos a\u00f1os en Espa\u00f1a acaba de estrenar su segunda temporada. Con Pep\u00f3n Montero y Juan Maidag\u00e1n a los mandos, Poquita fe no para de ganarse adeptos haya donde vaya, en gran parte gracias a sus dos protagonistas, Ra\u00fal Cimas y Esperanza Pedre\u00f1o, una pareja c\u00f3mica con una qu\u00edmica dif\u00edcil de igualar.<\/p>\n<p>M\u00e1s informaci\u00f3n<\/p>\n<p>La ficci\u00f3n acaba de estrenar su segunda temporada en Movistar Plus+ y Carlos Boyero se la ha tragado entera en una tarde. \u00abEn mi casa yo solo he soltado carcajadas en momentos puntuales. Casi siempre con una sonrisa en la cara. Que alguien te haga re\u00edr lo agradezco mucho\u00bb, ha indicado Boyero en La Ventana del cine. <\/p>\n<p>\u00abHay mucho talento por parte de sus creadores. Necesitan escaso dinero porque son ellos contando movidas en primer plano\u00bb, ha comentado el cr\u00edtico de la serie, que est\u00e1 grabada como un falso documental en el que sus protagonistas hablan a c\u00e1mara. La gracia de la serie la tienen en gran parte las carism\u00e1ticas interpretaciones de Ra\u00fal Cimas y Esperanza Pedre\u00f1o, que interpretan a una pareja ancada en la monoton\u00eda a la que echan repentinamente de su casa. <\/p>\n<p>Ellos intentan vivir su vida lo mejor que pueden, pero no lo tienen nada f\u00e1cil. \u00abSon tan excesivos y pat\u00e9ticos. Quieres que les vaya bien aunque hay crisis de pareja. Me ofrecen tal sensaci\u00f3n de desamparo que me inspiran compasi\u00f3n\u00bb, ha indicado Boyero sobre la serie espa\u00f1ola, a\u00f1adiendo que los dos actores son \u00abmuy buenos\u00bb y que Cimas siempre le ha hecho mucha gracia. <\/p>\n<p>El cr\u00edtico de cine ha comentado en el \u00faltimo programa de La Ventana del cine la \u00faltima pel\u00edcula de su amigo Agust\u00edn D\u00edaz Yanes, Un fantasma en la batalla, que narra la historia de Ainhoa, una agente encubierta dentro de ETA que fue clave para localizar los zulos que la banda terrorista ten\u00eda escondidos en el sur de Francia. A Boyero le ha gustado mucho la pel\u00edcula, aunque cree que su parecido con La infiltrada podr\u00eda jugarle en contra. <\/p>\n<p>\u00abLa pel\u00edcula es de estas que no se me ocurre mirar el reloj, adem\u00e1s no tiene una duraci\u00f3n desmesurada, se agradece. Est\u00e1 muy bien. Que su parecido conLa infiltradano eche a la gente para atr\u00e1s\u00bb, ha sentenciado el cr\u00edtico en el programa presentado por Carles Francino. <\/p>\n<p><img decoding=\"async\" src=\"https:\/\/www.europesays.com\/es\/wp-content\/uploads\/2025\/10\/https:\/\/sdmedia.playser.cadenaser.com\/playser\/image\/20259\/29\/1759158217_asset_still.png\" alt=\"La Ventana del Cine con Carlos Boyero | 'Un fantasma en la batalla'\" width=\"655\"   loading=\"lazy\"\/><\/p>\n<p class=\"tit\">La Ventana del Cine con Carlos Boyero | &#8216;Un fantasma en la batalla&#8217;<\/p>\n<p>00:00:0022:57<\/p>\n<p>El c\u00f3digo iframe se ha copiado en el portapapeles<\/p>\n<p>FacebookTwitterLinkedinWhatsAppCerrar<\/p>\n","protected":false},"excerpt":{"rendered":"Una de las mejores comedias de los \u00faltimos a\u00f1os en Espa\u00f1a acaba de estrenar su segunda temporada. Con&hellip;\n","protected":false},"author":2,"featured_media":153413,"comment_status":"","ping_status":"","sticky":false,"template":"","format":"standard","meta":{"footnotes":""},"categories":[171],"tags":[146,147,25,24,23,214],"class_list":{"0":"post-153412","1":"post","2":"type-post","3":"status-publish","4":"format-standard","5":"has-post-thumbnail","7":"category-tv","8":"tag-entertainment","9":"tag-entretenimiento","10":"tag-es","11":"tag-espana","12":"tag-spain","13":"tag-tv"},"share_on_mastodon":{"url":"","error":""},"_links":{"self":[{"href":"https:\/\/www.europesays.com\/es\/wp-json\/wp\/v2\/posts\/153412","targetHints":{"allow":["GET"]}}],"collection":[{"href":"https:\/\/www.europesays.com\/es\/wp-json\/wp\/v2\/posts"}],"about":[{"href":"https:\/\/www.europesays.com\/es\/wp-json\/wp\/v2\/types\/post"}],"author":[{"embeddable":true,"href":"https:\/\/www.europesays.com\/es\/wp-json\/wp\/v2\/users\/2"}],"replies":[{"embeddable":true,"href":"https:\/\/www.europesays.com\/es\/wp-json\/wp\/v2\/comments?post=153412"}],"version-history":[{"count":0,"href":"https:\/\/www.europesays.com\/es\/wp-json\/wp\/v2\/posts\/153412\/revisions"}],"wp:featuredmedia":[{"embeddable":true,"href":"https:\/\/www.europesays.com\/es\/wp-json\/wp\/v2\/media\/153413"}],"wp:attachment":[{"href":"https:\/\/www.europesays.com\/es\/wp-json\/wp\/v2\/media?parent=153412"}],"wp:term":[{"taxonomy":"category","embeddable":true,"href":"https:\/\/www.europesays.com\/es\/wp-json\/wp\/v2\/categories?post=153412"},{"taxonomy":"post_tag","embeddable":true,"href":"https:\/\/www.europesays.com\/es\/wp-json\/wp\/v2\/tags?post=153412"}],"curies":[{"name":"wp","href":"https:\/\/api.w.org\/{rel}","templated":true}]}}