{"id":153416,"date":"2025-10-02T19:46:12","date_gmt":"2025-10-02T19:46:12","guid":{"rendered":"https:\/\/www.europesays.com\/es\/153416\/"},"modified":"2025-10-02T19:46:12","modified_gmt":"2025-10-02T19:46:12","slug":"ciudad-real-acoge-la-quixote-world-cup-de-patinaje-freestyle-con-record-de-participacion-internacional","status":"publish","type":"post","link":"https:\/\/www.europesays.com\/es\/153416\/","title":{"rendered":"Ciudad Real acoge la Quixote World Cup de Patinaje Freestyle con record de participaci\u00f3n internacional"},"content":{"rendered":"<dl class=\"article-info\">\n<dt class=\"article-info-term\"\/>\n<dd class=\"parent-category-name\">\n\t\t\t\t\t\t\t\t\t\t\t\t\t\t\t\t<a href=\"https:\/\/www.ciudadreal.es\/noticias\/zona-de-prensa.html\" rel=\"nofollow noopener\" target=\"_blank\">Noticias<\/a>\t\t\t\t\t\t\t\t\t\t\t\t\t\t&gt;<br \/>\n\t\t\t\t\t\t\t\t\t\t\t\t\t\t\t\t<a href=\"https:\/\/www.ciudadreal.es\/noticias\/deportes.html\" rel=\"nofollow noopener\" target=\"_blank\">Deportes.<\/a>\t\t\t\t\t\t\t\t\t\t\t\t\t\t\t\t<\/dd>\n<dd class=\"published\">\n\t\t\t\t\t Publicado: 02 Octubre 2025\t\t\t\t<\/dd>\n<\/dl>\n<p>\t\t\t<a class=\"modal thumbnail\" href=\"https:\/\/www.europesays.com\/es\/wp-content\/uploads\/2025\/10\/IMG_20251002_185509_1_11zon.jpg\"><img decoding=\"async\" src=\"https:\/\/www.europesays.com\/es\/wp-content\/uploads\/2025\/10\/IMG_20251002_185509_1_11zon.jpg\" alt=\"\"\/><\/a><\/p>\n<p>La ciudad se convierte hasta el pr\u00f3ximo domingo en la capital mundial del patinaje freestyle en un evento que re\u00fane a m\u00e1s de 300 participantes de 12 pa\u00edses diferentes.<\/p>\n<p>La ciudad abre sus puertas a la segunda edici\u00f3n de la Copa Mundial de Patinaje Inline Freestyle, una cita que se consolida como referente en esta disciplina deportiva y que este a\u00f1o ha duplicado en n\u00famero de participantes.<\/p>\n<p>El alcalde de Ciudad Real, Francisco Ca\u00f1izares, y el concejal de Deportes, Pau Beltr\u00e1n, han asistido a la entrega de medallas de la primera jornada de la competici\u00f3n, en \u00a0\u00a0la modalidad de derrapes y saltos, que se han disputado en la Plaza de la Constituci\u00f3n. \u00a0Beltr\u00e1n ha querido agradecer a la junta directiva del Club Sportia, organizadores de la World Cup, \u201cque han hecho posible que un evento \u00a0a nivel mundial llegue a nuestra ciudad, y que todo el que pase por aqu\u00ed pueda disfrutar de este deporte tan bonito\u201d<\/p>\n<p>Adem\u00e1s, el concejal ha querido invitar a toda la ciudadan\u00eda a disfrutar de la competici\u00f3n, que seguir\u00e1 celebr\u00e1ndose durante todo el fin de semana en el Quijote Arena. \u201cNos quedan tres d\u00edas por delante para ver a los mejores representantes de este deporte espect\u00e1culo, que vuelve a poner a nuestra ciudad en el mapa a nivel mundial y eso no tiene precio\u201d, explicaba.<\/p>\n<p>Por su parte Eduardo Gallego, presidente del Club Sportia, destacaba como novedad este a\u00f1o el haber sacado la competici\u00f3n a la calle, \u201cpara que la gente pueda conocer un poco m\u00e1s de nuestro deporte\u201d, y resaltaba tambi\u00e9n la cantidad de participantes, que se ha doblado este a\u00f1o, con casi trecientos deportistas de todo el mundo.<\/p>\n<p>Durante todo el fin de semana el p\u00fablico podr\u00e1 seguir disfrutando de las pruebas de distintas modalidades, y de los mejores deportistas del mundo en esta disciplina, que se dar\u00e1n cita en el Quijote Arena.<\/p>\n","protected":false},"excerpt":{"rendered":"Noticias &gt; Deportes. Publicado: 02 Octubre 2025 La ciudad se convierte hasta el pr\u00f3ximo domingo en la capital&hellip;\n","protected":false},"author":2,"featured_media":153417,"comment_status":"","ping_status":"","sticky":false,"template":"","format":"standard","meta":{"footnotes":""},"categories":[93],"tags":[4071,1250,777,1940,168,5509,25,24,10,5510,23,167,5067,4664],"class_list":{"0":"post-153416","1":"post","2":"type-post","3":"status-publish","4":"format-standard","5":"has-post-thumbnail","7":"category-deportes","8":"tag-agenda","9":"tag-ayuntamiento","10":"tag-ciudad","11":"tag-ciudad-real","12":"tag-deportes","13":"tag-empleo","14":"tag-es","15":"tag-espana","16":"tag-noticias","17":"tag-promocion-economica","18":"tag-spain","19":"tag-sports","20":"tag-tramites","21":"tag-turismo"},"share_on_mastodon":{"url":"","error":""},"_links":{"self":[{"href":"https:\/\/www.europesays.com\/es\/wp-json\/wp\/v2\/posts\/153416","targetHints":{"allow":["GET"]}}],"collection":[{"href":"https:\/\/www.europesays.com\/es\/wp-json\/wp\/v2\/posts"}],"about":[{"href":"https:\/\/www.europesays.com\/es\/wp-json\/wp\/v2\/types\/post"}],"author":[{"embeddable":true,"href":"https:\/\/www.europesays.com\/es\/wp-json\/wp\/v2\/users\/2"}],"replies":[{"embeddable":true,"href":"https:\/\/www.europesays.com\/es\/wp-json\/wp\/v2\/comments?post=153416"}],"version-history":[{"count":0,"href":"https:\/\/www.europesays.com\/es\/wp-json\/wp\/v2\/posts\/153416\/revisions"}],"wp:featuredmedia":[{"embeddable":true,"href":"https:\/\/www.europesays.com\/es\/wp-json\/wp\/v2\/media\/153417"}],"wp:attachment":[{"href":"https:\/\/www.europesays.com\/es\/wp-json\/wp\/v2\/media?parent=153416"}],"wp:term":[{"taxonomy":"category","embeddable":true,"href":"https:\/\/www.europesays.com\/es\/wp-json\/wp\/v2\/categories?post=153416"},{"taxonomy":"post_tag","embeddable":true,"href":"https:\/\/www.europesays.com\/es\/wp-json\/wp\/v2\/tags?post=153416"}],"curies":[{"name":"wp","href":"https:\/\/api.w.org\/{rel}","templated":true}]}}