{"id":153424,"date":"2025-10-02T19:50:17","date_gmt":"2025-10-02T19:50:17","guid":{"rendered":"https:\/\/www.europesays.com\/es\/153424\/"},"modified":"2025-10-02T19:50:17","modified_gmt":"2025-10-02T19:50:17","slug":"los-vehiculos-electrificados-duplican-sus-ventas-en-septiembre","status":"publish","type":"post","link":"https:\/\/www.europesays.com\/es\/153424\/","title":{"rendered":"Los veh\u00edculos electrificados duplican sus ventas en septiembre"},"content":{"rendered":"<p class=\"voc-p\" style=\"\">El mercado de veh\u00edculos electrificados en Espa\u00f1a ha registrado un mes de septiembre excepcional, con un aumento del 96,8% en las matriculaciones de veh\u00edculos (el\u00e9ctricos puros e h\u00edbridos enchufables) de todas las categor\u00edas, alcanzando un total de 22.781 unidades. Este crecimiento eleva las ventas acumuladas del sector a 178.981 unidades, casi duplicando las cifras del a\u00f1o anterior.<\/p>\n<p class=\"voc-p\" style=\"\">Estos datos, facilitados por la Asociaci\u00f3n Empresarial para el Desarrollo e Impulso de la Movilidad El\u00e9ctrica (AEDIVE) y la Asociaci\u00f3n Nacional de Vendedores de Veh\u00edculos (GANVAM), confirman la aceleraci\u00f3n de la transici\u00f3n hacia la movilidad sostenible.<\/p>\n<p class=\"voc-p\" style=\"\">Los turismos electrificados han sido el principal motor de esta evoluci\u00f3n. En septiembre, sus matriculaciones subieron un 97,7%, hasta las 20.655 unidades, con un crecimiento acumulado que roza el 100%.<\/p>\n<p class=\"voc-p\" style=\"\">Dentro de esta categor\u00eda, los veh\u00edculos 100% el\u00e9ctricos han registrado un aumento del 62,9% en el mes, con 10.394 turismos matriculados. Por su parte, los h\u00edbridos enchufables (PHEV) han mostrado un crecimiento a\u00fan m\u00e1s espectacular, con un incremento del 152,2% en sus matriculaciones mensuales y un total de 10.261 unidades.<\/p>\n<p class=\"voc-p\" style=\"\">Las matriculaciones de ciclomotores el\u00e9ctricos invierten en septiembre su tendencia a la baja. De esta forma, subieron un 9,2% durante el pasado mes, hasta alcanzar las 154 unidades. Hasta septiembre moderan su descenso, hasta situarse en las 1.591 unidades matriculadas, lo que supone un 14,6% menos. En su caso, las matriculaciones de motocicletas cero emisiones cayeron un 16,3% durante el mes pasado, con 370 unidades; si bien, en lo que va de a\u00f1o, acumulan un crecimiento del 20,4%, con un total de 4.763 unidades matriculadas.<\/p>\n<p><img decoding=\"async\" loading=\"lazy\" src=\"https:\/\/www.europesays.com\/es\/wp-content\/uploads\/2025\/10\/cargando-U21141267276EWo-760x427@diario_abc.jpg\" class=\"voc-img\" width=\"760\" height=\"427\" alt=\"Proceso de carga de un coche el\u00e9ctrico\" data-voc-vtm-id=\"in-text-traffic\"\/><\/p>\n<p>Proceso de carga de un coche el\u00e9ctrico<\/p>\n<p>Eranovum<\/p>\n<p>El desglose de los datos evidencia el avance de cada tecnolog\u00eda:<\/p>\n<p class=\"voc-p\">El\u00e9ctricos Puros (BEV): Las ventas subieron un 60,1% en septiembre, con 11.913 unidades. En el acumulado del a\u00f1o, el crecimiento es del 76,6%, alcanzando las 88.252 unidades.<\/p>\n<p class=\"voc-p\">H\u00edbridos Enchufables (PHEV): Experimentaron un incremento del 162,8% en el mes, con 10.868 unidades, y un crecimiento acumulado del 111%, superando las 90.000 unidades.<\/p>\n<p class=\"voc-p\" style=\"\">Las furgonetas el\u00e9ctricas tambi\u00e9n han destacado, con un crecimiento del 159,9% en septiembre. Este dinamismo en el segmento de veh\u00edculos comerciales refuerza el uso de la movilidad el\u00e9ctrica en el transporte de mercanc\u00edas.<\/p>\n<p class=\"voc-p\" style=\"\">A pesar de la positiva evoluci\u00f3n, AEDIVE y GANVAM advierten sobre el riesgo de estancamiento y urgen al Gobierno a revisar los planes de incentivo. Ambas entidades proponen que las ayudas sean directas en la factura para asegurar la continuidad del ritmo de crecimiento y afianzar la movilidad el\u00e9ctrica en el pa\u00eds.<\/p>\n<p>Reportar un error<\/p>\n","protected":false},"excerpt":{"rendered":"El mercado de veh\u00edculos electrificados en Espa\u00f1a ha registrado un mes de septiembre excepcional, con un aumento del&hellip;\n","protected":false},"author":2,"featured_media":153425,"comment_status":"","ping_status":"","sticky":false,"template":"","format":"standard","meta":{"footnotes":""},"categories":[80],"tags":[82,46248,95,94,46247,25,24,1971,23,10152,7147],"class_list":{"0":"post-153424","1":"post","2":"type-post","3":"status-publish","4":"format-standard","5":"has-post-thumbnail","7":"category-economia","8":"tag-business","9":"tag-duplican","10":"tag-economia","11":"tag-economy","12":"tag-electrificados","13":"tag-es","14":"tag-espana","15":"tag-septiembre","16":"tag-spain","17":"tag-vehiculos","18":"tag-ventas"},"share_on_mastodon":{"url":"","error":""},"_links":{"self":[{"href":"https:\/\/www.europesays.com\/es\/wp-json\/wp\/v2\/posts\/153424","targetHints":{"allow":["GET"]}}],"collection":[{"href":"https:\/\/www.europesays.com\/es\/wp-json\/wp\/v2\/posts"}],"about":[{"href":"https:\/\/www.europesays.com\/es\/wp-json\/wp\/v2\/types\/post"}],"author":[{"embeddable":true,"href":"https:\/\/www.europesays.com\/es\/wp-json\/wp\/v2\/users\/2"}],"replies":[{"embeddable":true,"href":"https:\/\/www.europesays.com\/es\/wp-json\/wp\/v2\/comments?post=153424"}],"version-history":[{"count":0,"href":"https:\/\/www.europesays.com\/es\/wp-json\/wp\/v2\/posts\/153424\/revisions"}],"wp:featuredmedia":[{"embeddable":true,"href":"https:\/\/www.europesays.com\/es\/wp-json\/wp\/v2\/media\/153425"}],"wp:attachment":[{"href":"https:\/\/www.europesays.com\/es\/wp-json\/wp\/v2\/media?parent=153424"}],"wp:term":[{"taxonomy":"category","embeddable":true,"href":"https:\/\/www.europesays.com\/es\/wp-json\/wp\/v2\/categories?post=153424"},{"taxonomy":"post_tag","embeddable":true,"href":"https:\/\/www.europesays.com\/es\/wp-json\/wp\/v2\/tags?post=153424"}],"curies":[{"name":"wp","href":"https:\/\/api.w.org\/{rel}","templated":true}]}}