{"id":153428,"date":"2025-10-02T19:52:12","date_gmt":"2025-10-02T19:52:12","guid":{"rendered":"https:\/\/www.europesays.com\/es\/153428\/"},"modified":"2025-10-02T19:52:12","modified_gmt":"2025-10-02T19:52:12","slug":"lionel-ramirez-se-recupera-en-la-uci-lo-paso-muy-mal-pero-siempre-penso-que-lo-iban-a-rescatar","status":"publish","type":"post","link":"https:\/\/www.europesays.com\/es\/153428\/","title":{"rendered":"Lionel Ram\u00edrez se recupera en la UCI: \u00abLo pas\u00f3 muy mal pero siempre pens\u00f3 que lo iban a rescatar\u00bb"},"content":{"rendered":"<p><a class=\"v-mdl-ath__fig-a\" href=\"https:\/\/www.canarias7.es\/autor\/gaumet-florido-3382.html\" title=\"Gaumet Florido\" rel=\"nofollow noopener\" target=\"_blank\"><br \/>\n<img decoding=\"async\" class=\"v-mdl-ath__img\" src=\"https:\/\/www.europesays.com\/es\/wp-content\/uploads\/2025\/09\/autor-3382-foto-1.jpeg\" alt=\"Gaumet Florido\"\/><br \/>\n<\/a><\/p>\n<p class=\"v-mdl-ath__p v-mdl-ath__p--6\">\nJueves, 2 de octubre 2025, 14:52<\/p>\n<p>| Actualizado 20:12h.<\/p>\n<p class=\"v-p\"><strong>Lionel Ram\u00edrez,<\/strong> el joven de 27 a\u00f1os rescatado este mi\u00e9rcoles tras pasar dos noches y un d\u00eda <strong>desaparecido en alta mar<\/strong> montado en su moto de agua, se recupera en la UCI del hospital San Roque de Meloneras, en San Bartolom\u00e9 de Tirajana. Su madre, <strong>Natividad Collado,<\/strong> apunt\u00f3 este jueves que ha estado en observaci\u00f3n y que todas las anal\u00edticas que le han hecho han dado buenos resultados, pero que tampoco sab\u00eda ni le hab\u00edan comunicado cu\u00e1ndo le iban a dar el alta. En principio, presentaba un<strong> grado muy alto de deshidrataci\u00f3n y quemaduras solares. <\/strong><\/p>\n<p class=\"v-p\"><strong>\u00abMi hijo me cuenta que lo pas\u00f3 muy mal,<\/strong> pero que siempre tuvo claro que lo iban a rescatar\u00bb. Su madre tambi\u00e9n. Siempre pens\u00f3 que la moto lo salvar\u00eda, como as\u00ed fue finalmente. Lionel calcul\u00f3 que tendr\u00eda fuerzas para aguantar incluso un par de d\u00edas m\u00e1s.<\/p>\n<p class=\"v-p\"><strong>\u00ab\u00c9l est\u00e1 bien, lo que pasa es que est\u00e1 muy d\u00e9bil<\/strong>, cuando se levanta a\u00fan se marea\u00bb, cont\u00f3 este jueves Natividad minutos despu\u00e9s de haberlo ido a ver nuevamente al centro hospitalario. Seg\u00fan Lionel, la peor de las noches fue la primera, la noche de su desaparici\u00f3n, el lunes pasado. \u00abHab\u00eda muchas olas y se lo hicieron pasarlo muy mal\u00bb. Por lo que cuenta,<strong> se qued\u00f3 sin combustible, <\/strong>por lo que se vio de noche y a merced de las corrientes, que no tardaron en alejarlo de la orilla. \u00abNos cuenta que lo alejaron tanto y tan r\u00e1pido que en poco tiempo dej\u00f3 de ver tierra, ni tampoco luces\u00bb.<\/p>\n<p class=\"v-p\">Para ayudarse en esa batalla tit\u00e1nica de casi 40 horas en alta mar, casi sin ropa, y sin comida ni bebida, el joven opt\u00f3 por <strong>amarrarse la moto de agua a uno de sus brazos <\/strong>y por pasarse los dos d\u00edas nadando. Cuando se cansaba o sent\u00eda que la corriente lo arrastraba, se sub\u00eda a la moto y descansaba. \u00abNo la dej\u00f3 atr\u00e1s porque era su salvavidas; mi hijo sab\u00eda que sin ella se iba a ahogar\u00bb.<\/p>\n<p class=\"v-p\">Al susto y a la terrible angustia de ese d\u00eda y medio que su madre pas\u00f3 sin saber de \u00e9l, se le sum\u00f3 la imagen impactante de Lionel, que se ha hecho viral, encaramado a su moto cual clavo ardiendo y haciendo se\u00f1as a quienes primero lo avistaron desde el aire. Este jueves reconoc\u00eda que esa visi\u00f3n se le hizo dura y que no le permiti\u00f3 pasar la noche del mi\u00e9rcoles al jueves todo lo tranquila que esperaba, pero en cuanto pudo volver a hablar con su hijo este jueves por la ma\u00f1ana recuper\u00f3 las fuerzas que \u00e9l siempre le transmite.<\/p>\n<p class=\"v-p\">De ese v\u00eddeo que ha estado circulando llama la atenci\u00f3n que<strong> Lionel estuviera casi desnudo, en calzoncillos.<\/strong> Natividad lo explica. Cuando \u00e9l y sus amigos estaban navegando en una motora por la costa de Juan Grande (San Bartolom\u00e9 de Tirajana) la noche del lunes y se dieron cuenta de que la moto acu\u00e1tica se desenganch\u00f3 y qued\u00f3 a la deriva, <strong>se quit\u00f3 sobre la marcha toda la ropa y se lanz\u00f3 al agua<\/strong> para recuperarla. Pact\u00f3 con ellos que la sacar\u00eda a tierra por Castillo del Romeral, pero no lleg\u00f3. Se qued\u00f3 sin combustible y a merced del mar. Sus amigos dieron entonces parte de su desaparici\u00f3n.<\/p>\n<p class=\"v-p\">\u00abLo ha pasado muy muy muy mal; <strong>&#8216;mam\u00e1, casi no lo cuento&#8217;, me dice \u00e9l\u00bb.<\/strong> Como todo fue tan r\u00e1pido, tampoco llevaba nada de comida ni agua. Pas\u00f3 casi 40 horas sin llevarse nada a la boca. Cuenta Natividad que cuando Lionel not\u00f3 que se hab\u00eda alejado tanto de la costa lleg\u00f3 a pensar que lo m\u00e1s factible era intentar alcanzar la costa de Tenerife. Y <strong>acab\u00f3 con la moto boca abajo porque se le fue llenando de agua <\/strong>y le result\u00f3 m\u00e1s c\u00f3moda esa posici\u00f3n.<\/p>\n<p class=\"v-p\">Aunque las fuentes oficiales han informado de que su rescate se produjo a 15 millas al suroeste de Arguinegu\u00edn (unos 18 kil\u00f3metros), Natividad apunta que las primeras informaciones que le facilitaron a ella hablaban de 30 millas. Y Lionel les asegura que quien primero le vio fue una avioneta particular. <strong>\u00abSe puso a dar vueltas durante una hora alrededor de \u00e9l para no perderlo de vista\u00bb.<\/strong> Quiz\u00e1s pudo haberla confundido con el <strong>avi\u00f3n Sasemar 103 de Salvamento Mar\u00edtimo.<\/strong> Luego se uni\u00f3 un helic\u00f3ptero hasta que la <strong>embarcaci\u00f3n Urania,<\/strong> tambi\u00e9n de Salvamento Mar\u00edtimo, lo sac\u00f3 del agua y lo traslad\u00f3 hasta el muelle de Arguinegu\u00edn, en Mog\u00e1n, donde lo esperaban familiares y amigos.<\/p>\n<p class=\"v-p\">La Guardia Civil, que ha abierto una investigaci\u00f3n para esclarecer lo sucedido, intent\u00f3 el mi\u00e9rcoles recuperar la moto, pero no lo consigui\u00f3. Tras rescatar al joven y ponerlo en manos de los efectivos de Cruz Roja, que era la prioridad en aquellos momentos, las fuerzas de seguridad volvieron al punto donde lo hallaron y ya no estaba. Este jueves reiniciaron la b\u00fasqueda, pero, seg\u00fan fuentes oficiales, no tuvieron \u00e9xito <strong>y casi dan por hecho que\u00a0se\u00a0ha hundido.<\/strong> La otra embarcaci\u00f3n s\u00ed est\u00e1 bajo custodia policial.<\/p>\n<p>Reporta un error<\/p>\n","protected":false},"excerpt":{"rendered":"Jueves, 2 de octubre 2025, 14:52 | Actualizado 20:12h. Lionel Ram\u00edrez, el joven de 27 a\u00f1os rescatado este&hellip;\n","protected":false},"author":2,"featured_media":153429,"comment_status":"","ping_status":"","sticky":false,"template":"","format":"standard","meta":{"footnotes":""},"categories":[8],"tags":[17,18,25,24,13,14,11,33913,19,20,46249,4627,9,10,15,16,4191,34875,4794,6833,35462,369,23,12,11214,21,22],"class_list":{"0":"post-153428","1":"post","2":"type-post","3":"status-publish","4":"format-standard","5":"has-post-thumbnail","7":"category-espana","8":"tag-breaking-news","9":"tag-breakingnews","10":"tag-es","11":"tag-espana","12":"tag-featured-news","13":"tag-featurednews","14":"tag-headlines","15":"tag-iban","16":"tag-latest-news","17":"tag-latestnews","18":"tag-lionel","19":"tag-mal","20":"tag-news","21":"tag-noticias","22":"tag-noticias-destacadas","23":"tag-noticiasdestacadas","24":"tag-paso","25":"tag-penso","26":"tag-ramirez","27":"tag-recupera","28":"tag-rescatar","29":"tag-siempre","30":"tag-spain","31":"tag-titulares","32":"tag-uci","33":"tag-ultimas-noticias","34":"tag-ultimasnoticias"},"share_on_mastodon":{"url":"","error":""},"_links":{"self":[{"href":"https:\/\/www.europesays.com\/es\/wp-json\/wp\/v2\/posts\/153428","targetHints":{"allow":["GET"]}}],"collection":[{"href":"https:\/\/www.europesays.com\/es\/wp-json\/wp\/v2\/posts"}],"about":[{"href":"https:\/\/www.europesays.com\/es\/wp-json\/wp\/v2\/types\/post"}],"author":[{"embeddable":true,"href":"https:\/\/www.europesays.com\/es\/wp-json\/wp\/v2\/users\/2"}],"replies":[{"embeddable":true,"href":"https:\/\/www.europesays.com\/es\/wp-json\/wp\/v2\/comments?post=153428"}],"version-history":[{"count":0,"href":"https:\/\/www.europesays.com\/es\/wp-json\/wp\/v2\/posts\/153428\/revisions"}],"wp:featuredmedia":[{"embeddable":true,"href":"https:\/\/www.europesays.com\/es\/wp-json\/wp\/v2\/media\/153429"}],"wp:attachment":[{"href":"https:\/\/www.europesays.com\/es\/wp-json\/wp\/v2\/media?parent=153428"}],"wp:term":[{"taxonomy":"category","embeddable":true,"href":"https:\/\/www.europesays.com\/es\/wp-json\/wp\/v2\/categories?post=153428"},{"taxonomy":"post_tag","embeddable":true,"href":"https:\/\/www.europesays.com\/es\/wp-json\/wp\/v2\/tags?post=153428"}],"curies":[{"name":"wp","href":"https:\/\/api.w.org\/{rel}","templated":true}]}}