{"id":153430,"date":"2025-10-02T19:53:13","date_gmt":"2025-10-02T19:53:13","guid":{"rendered":"https:\/\/www.europesays.com\/es\/153430\/"},"modified":"2025-10-02T19:53:13","modified_gmt":"2025-10-02T19:53:13","slug":"aumentan-a-tres-los-muertos-en-las-protestas-juveniles-en-marruecos-hay-al-menos-354-heridos-internacional","status":"publish","type":"post","link":"https:\/\/www.europesays.com\/es\/153430\/","title":{"rendered":"Aumentan a tres los muertos en las protestas juveniles en Marruecos: hay al menos 354 heridos | Internacional"},"content":{"rendered":"<p class=\"loc\">Madrid<\/p>\n<p>El n\u00famero de fallecidos en los actos de violencia vinculados a protestas juveniles en Marruecos aument\u00f3 a tres, mientras que otras 354 personas, entre ellas 326 agentes de seguridad, resultaron heridas en las \u00faltimas 24 horas.<\/p>\n<p>M\u00e1s informaci\u00f3n<\/p>\n<p>Seg\u00fan el portavoz del Ministerio del Interior marroqu\u00ed, los disturbios, protagonizados en m\u00e1s de dos tercios por menores, se registraron en 23 provincias y provocaron da\u00f1os en 446 veh\u00edculos, incluidos 271 coches policiales, as\u00ed como la destrucci\u00f3n de 80 instalaciones privadas y p\u00fablicas.<\/p>\n<p>Las tres v\u00edctimas mortales se produjeron en la localidad de Laqliaa, en el sur del pa\u00eds, donde agentes de la Gendarmer\u00eda abrieron fuego este mi\u00e9rcoles despu\u00e9s de que un grupo intentara apoderarse de sus armas y municiones. <\/p>\n<p>Las manifestaciones sociales juveniles que estallaron el pasado s\u00e1bado en Marruecos han derivado en disturbios en al menos 17 provincias del pa\u00eds, causando heridos y p\u00e9rdidas materiales, despu\u00e9s de coordinarse v\u00eda plataformas de videojuegos e inspirarse en las revueltas de la generaci\u00f3n Z.<\/p>\n<p>La chispa que prendi\u00f3 la mecha<\/p>\n<p>A partir del pasado 18 de septiembre, miles de j\u00f3venes se organizaron en un grupo virtual creado en la aplicaci\u00f3n Discord -dedicada a la mensajer\u00eda instant\u00e1nea de los videojugadores- llamado &#8216;GENZ212&#8217; (en referencia a la generaci\u00f3n Z en Marruecos, con el n\u00famero de su prefijo), que re\u00fane a unos 126.000 miembros.<\/p>\n<p>El detonante que sac\u00f3 a estos j\u00f3venes a las calles fue la muerte, seg\u00fan medios locales, de ocho mujeres embarazadas en un solo mes en el hospital Hassan II de Agadir, en el sur del pa\u00eds, lo que gener\u00f3 sospechas sobre la posible relaci\u00f3n de estos fallecimientos con el deterioro de los servicios sanitarios.<\/p>\n<p>Estas muertes llevaron a la destituci\u00f3n de altos responsables de salud locales, la apertura de una investigaci\u00f3n judicial y protestas ciudadanas que denunciaban el empeoramiento de la atenci\u00f3n m\u00e9dica y lo que consideraban un aumento de casos de negligencia.<\/p>\n","protected":false},"excerpt":{"rendered":"Madrid El n\u00famero de fallecidos en los actos de violencia vinculados a protestas juveniles en Marruecos aument\u00f3 a&hellip;\n","protected":false},"author":2,"featured_media":153431,"comment_status":"","ping_status":"","sticky":false,"template":"","format":"standard","meta":{"footnotes":""},"categories":[5],"tags":[17,18,25,24,13,14,11,19,20,9,10,15,16,23,12,21,22],"class_list":{"0":"post-153430","1":"post","2":"type-post","3":"status-publish","4":"format-standard","5":"has-post-thumbnail","7":"category-titulares","8":"tag-breaking-news","9":"tag-breakingnews","10":"tag-es","11":"tag-espana","12":"tag-featured-news","13":"tag-featurednews","14":"tag-headlines","15":"tag-latest-news","16":"tag-latestnews","17":"tag-news","18":"tag-noticias","19":"tag-noticias-destacadas","20":"tag-noticiasdestacadas","21":"tag-spain","22":"tag-titulares","23":"tag-ultimas-noticias","24":"tag-ultimasnoticias"},"share_on_mastodon":{"url":"","error":""},"_links":{"self":[{"href":"https:\/\/www.europesays.com\/es\/wp-json\/wp\/v2\/posts\/153430","targetHints":{"allow":["GET"]}}],"collection":[{"href":"https:\/\/www.europesays.com\/es\/wp-json\/wp\/v2\/posts"}],"about":[{"href":"https:\/\/www.europesays.com\/es\/wp-json\/wp\/v2\/types\/post"}],"author":[{"embeddable":true,"href":"https:\/\/www.europesays.com\/es\/wp-json\/wp\/v2\/users\/2"}],"replies":[{"embeddable":true,"href":"https:\/\/www.europesays.com\/es\/wp-json\/wp\/v2\/comments?post=153430"}],"version-history":[{"count":0,"href":"https:\/\/www.europesays.com\/es\/wp-json\/wp\/v2\/posts\/153430\/revisions"}],"wp:featuredmedia":[{"embeddable":true,"href":"https:\/\/www.europesays.com\/es\/wp-json\/wp\/v2\/media\/153431"}],"wp:attachment":[{"href":"https:\/\/www.europesays.com\/es\/wp-json\/wp\/v2\/media?parent=153430"}],"wp:term":[{"taxonomy":"category","embeddable":true,"href":"https:\/\/www.europesays.com\/es\/wp-json\/wp\/v2\/categories?post=153430"},{"taxonomy":"post_tag","embeddable":true,"href":"https:\/\/www.europesays.com\/es\/wp-json\/wp\/v2\/tags?post=153430"}],"curies":[{"name":"wp","href":"https:\/\/api.w.org\/{rel}","templated":true}]}}