{"id":153434,"date":"2025-10-02T19:55:07","date_gmt":"2025-10-02T19:55:07","guid":{"rendered":"https:\/\/www.europesays.com\/es\/153434\/"},"modified":"2025-10-02T19:55:07","modified_gmt":"2025-10-02T19:55:07","slug":"feria-de-otono-en-las-ventas-feria-de-otono-en-las-ventas-un-murmullo-triste-y-ensordecedor-cultura","status":"publish","type":"post","link":"https:\/\/www.europesays.com\/es\/153434\/","title":{"rendered":"Feria de Oto\u00f1o en Las Ventas: Feria de Oto\u00f1o en Las Ventas: un murmullo triste y ensordecedor | Cultura"},"content":{"rendered":"<p class=\"\">Si no hay toro, la tauromaquia carece de sentido. Ya se dijo y comprob\u00f3 con la corrida de N\u00fa\u00f1ez del Cuvillo, lidiada el pasado domingo en La Maestranza. Hoy, en Madrid, tampoco ha habido novillos en la muy aburrida <a href=\"https:\/\/www.las-ventas.com\/actualidad\/la-feria-de-otono-2025-con-carteles\" target=\"_self\" rel=\"nofollow noopener\" title=\"https:\/\/www.las-ventas.com\/actualidad\/la-feria-de-otono-2025-con-carteles\">apertura de la Feria de Oto\u00f1o.<\/a> Justos de presentaci\u00f3n (muy parecidos a los Cuvillos sevillanos, por otra parte), mansos a excepci\u00f3n del sexto, que empuj\u00f3 en el caballo y ah\u00ed dej\u00f3 la poca fuerza que le adornaba, sin clase, sin casta, sin posibilidad alguna de colaborar de alg\u00fan modo, si no al triunfo de los toreros, al menos al entretenimiento del p\u00fablico.<\/p>\n<p class=\"\">Una pregunta: \u00bfno hab\u00eda otra novillada en el campo para el comienzo de la feria? Porque esta ha sido mala de solemnidad, sin un \u00e1pice de bravura en sus entra\u00f1as, sin un m\u00ednimo resquicio aprovechable. Una aut\u00e9ntica birria.<\/p>\n<p class=\"\">Hicieron el pase\u00edllo tres novilleros a quienes se les supone que llegaron a Las Ventas repletos de ilusiones y sue\u00f1os. Y antes de entrar en alg\u00fan detalle sobre su paso por el ruedo madrile\u00f1o, habr\u00eda que destacar su mala suerte ante esa novillada infumable que ha roto cualquier posibilidad de triunfo por corto que pudiera ser.<\/p>\n<p class=\"\">Debe ser muy triste y frustrante estar en la cara de un novillo en esta importante plaza, y que t\u00fa, torero, escuches el murmullo ensordecedor de unos tendidos que hablan, beben, comen pipas y tratan de encontrar una salida airosa a un espect\u00e1culo tan denigrante como el de hoy. No hubo ol\u00e9s, ni ovaciones cerradas, ni siquiera silencios, sino ese cuchicheo constante, molesto, fastidioso, cargante, pero comprensible al mismo tiempo para sobrellevar un festejo tan sopor\u00edfero.<\/p>\n<p class=\"\">\u00bfY los toreros?<\/p>\n<p class=\"\">Sorprendi\u00f3 positivamente un mexicano llamado Emiliano Osornio, que se luci\u00f3 en un quite al novillo que abri\u00f3 plaza por delantales muy bien trazados que acabaron en una voltereta sin consecuencias. Pero esa fue su carta de presentaci\u00f3n de una tarde en la que no tuvo oponentes, pero en la que pudo mostrar que le adorna un art\u00edstico concepto del toreo con capote y muleta. Tiene buenas maneras, aroma, hondura, gusto y personalidad, que es lo m\u00e1s importante para destacar en la tauromaquia. No hubo faena completa porque fue imposible, pero s\u00ed detalles con el capote y muleta, varios naturales de peso, muletazos por alto con empaque, correcta colocaci\u00f3n y deseos manifiestos de exprimir la nula calidad de sus dos novillos.<\/p>\n<p class=\"\">No fue ese el caso de sus compa\u00f1eros de cartel. A Sergio S\u00e1nchez e Ignacio Candelas se les nota toreados, pero faltos de garra, conformistas en exceso, con escaso mando con los enga\u00f1os y muy parecidos a tantos como persiguen un sue\u00f1o en el largo escalaf\u00f3n de novilleros. Dieron la impresi\u00f3n de que no tienen misterio que decir, y ese en un serio problema en esta profesi\u00f3n.<\/p>\n<p class=\"\">Total, que mal comenz\u00f3 la muy prestigiosa Feria de Oto\u00f1o; muy mal la elecci\u00f3n de la novillada primera, que dio al traste con las buenas intenciones de los toreros; de uno m\u00e1s que de otros.<\/p>\n<p>L\u00f3pez Gibaja\/S\u00e1nchez, Osornio, Candelas<\/p>\n<p>Novillos de <strong>Antonio L\u00f3pez Gibaja<\/strong>, muy justos de presentaci\u00f3n, mansurrones, muy descastados, sosos, sin clase y bonancibles. El sexto fue el \u00fanico que se emple\u00f3 en el primer encuentro con el picador.<\/p>\n<p><strong>Sergio S\u00e1nchez<\/strong>: estocada -aviso- (ovaci\u00f3n); tres pinchazos, casi entera atravesada y tres descabellos (silencio).<\/p>\n<p><strong>Emiliano Osornio<\/strong>: estocada perpendicular -aviso- y un descabello (ovaci\u00f3n); estocada -aviso- (ovaci\u00f3n).<\/p>\n<p><strong>Ignacio Candelas<\/strong>: estocada baja (silencio); tres pinchazos y dos descabellos (silencio).\u00a0<\/p>\n<p><strong>Plaza de toros de Las Ventas<\/strong>. Primer festejo de la Feria de Oto\u00f1o. Jueves 2 de octubre. M\u00e1s de media entrada (14.451 espectadores, seg\u00fan la empresa).<\/p>\n","protected":false},"excerpt":{"rendered":"Si no hay toro, la tauromaquia carece de sentido. Ya se dijo y comprob\u00f3 con la corrida de&hellip;\n","protected":false},"author":2,"featured_media":153435,"comment_status":"","ping_status":"","sticky":false,"template":"","format":"standard","meta":{"footnotes":""},"categories":[277],"tags":[373,209,168,25,24,3728,205,23,167,374,444],"class_list":{"0":"post-153434","1":"post","2":"type-post","3":"status-publish","4":"format-standard","5":"has-post-thumbnail","7":"category-toreo","8":"tag-bullfighting","9":"tag-cultura","10":"tag-deportes","11":"tag-es","12":"tag-espana","13":"tag-las-ventas","14":"tag-madrid","15":"tag-spain","16":"tag-sports","17":"tag-toreo","18":"tag-toros"},"share_on_mastodon":{"url":"","error":""},"_links":{"self":[{"href":"https:\/\/www.europesays.com\/es\/wp-json\/wp\/v2\/posts\/153434","targetHints":{"allow":["GET"]}}],"collection":[{"href":"https:\/\/www.europesays.com\/es\/wp-json\/wp\/v2\/posts"}],"about":[{"href":"https:\/\/www.europesays.com\/es\/wp-json\/wp\/v2\/types\/post"}],"author":[{"embeddable":true,"href":"https:\/\/www.europesays.com\/es\/wp-json\/wp\/v2\/users\/2"}],"replies":[{"embeddable":true,"href":"https:\/\/www.europesays.com\/es\/wp-json\/wp\/v2\/comments?post=153434"}],"version-history":[{"count":0,"href":"https:\/\/www.europesays.com\/es\/wp-json\/wp\/v2\/posts\/153434\/revisions"}],"wp:featuredmedia":[{"embeddable":true,"href":"https:\/\/www.europesays.com\/es\/wp-json\/wp\/v2\/media\/153435"}],"wp:attachment":[{"href":"https:\/\/www.europesays.com\/es\/wp-json\/wp\/v2\/media?parent=153434"}],"wp:term":[{"taxonomy":"category","embeddable":true,"href":"https:\/\/www.europesays.com\/es\/wp-json\/wp\/v2\/categories?post=153434"},{"taxonomy":"post_tag","embeddable":true,"href":"https:\/\/www.europesays.com\/es\/wp-json\/wp\/v2\/tags?post=153434"}],"curies":[{"name":"wp","href":"https:\/\/api.w.org\/{rel}","templated":true}]}}