{"id":153438,"date":"2025-10-02T20:00:07","date_gmt":"2025-10-02T20:00:07","guid":{"rendered":"https:\/\/www.europesays.com\/es\/153438\/"},"modified":"2025-10-02T20:00:07","modified_gmt":"2025-10-02T20:00:07","slug":"un-piloto-de-aston-martin-desvela-los-secretos-del-trabajo-de-adrian-newey-no-habla-con-nadie","status":"publish","type":"post","link":"https:\/\/www.europesays.com\/es\/153438\/","title":{"rendered":"Un piloto de Aston Martin desvela los secretos del trabajo de Adrian Newey: \u00abNo habla con nadie&#8230;\u00bb"},"content":{"rendered":"<p class=\"L6-news-detail__text\">Sin casi descanso, encerrado en su despacho dibujando. As\u00ed es el trabajo de <b>Adrian Newey en Aston Martin<\/b>. Ya prepara los dise\u00f1os del coche del nuevo reglamento, ese con el que <b><a title=\"Fernando Alonso\" href=\"https:\/\/www.lasexta.com\/noticias\/deportes\/motor\/formula1\/fernando-alonso-claves-poder-luchar-podio-que-queda-2025_2025100268de9f6b6c793a7e698a4290.html\" target=\"_blank\" rel=\"nofollow noopener\">Fernando Alonso<\/a><\/b> quiere ser campe\u00f3n para retirarse por todo lo alto de la F\u00f3rmula 1. Y en la f\u00e1brica de Silverstone alucinan.<\/p>\n<p class=\"L6-news-detail__text\">Ha contado <b>Felipe Drugovich<\/b>, piloto probador, en &#8216;Daily Express&#8217; que Newey no le cuenta a nadie qu\u00e9 est\u00e1 haciendo.<\/p>\n<p class=\"L6-news-detail__text\">\u00abAdrian Newey <b>no se habla con nadie y nadie sabe lo que hace\u00bb<\/b>, dice el que ser\u00e1 piloto de F\u00f3rmula E el curso que viene.<\/p>\n<p class=\"L6-news-detail__text\">Su concentraci\u00f3n es total y quiere tener listo cuanto antes todos esos detalles para llegar a las lagunas que les permita el reglamento: <b>\u00abEst\u00e1 muy concentrado en lo que hace<\/b>. Y por eso, espero que Aston Martin tenga un gran desempe\u00f1o en 2026&#8243;.<\/p>\n<p class=\"L6-news-detail__text\">En apenas unos meses arrancar\u00e1 ya la temporada de la nueva reglamentaci\u00f3n de la F\u00f3rmula 1. Esa en la que Aston Martin <b>ha puesto toda su confianza en Newey.<\/b><\/p>\n<p class=\"L6-news-detail__text\">Y Alonso ya lo dijo: <b>si el coche es competitivo y puede luchar por el campeonato, este ser\u00e1 su \u00faltimo a\u00f1o<\/b> en la competici\u00f3n. Si no es as\u00ed, seguir\u00e1 al menos una temporada m\u00e1s, hasta 2027.<\/p>\n<p class=\"L6-support-news-video__title\">Sensacional<\/p>\n<p>            <a href=\"https:\/\/www.lasexta.com\/noticias\/deportes\/motor\/carisma-puro-genial-momento-marquez-colocar-nombre-trofeo-como-que-acuerdo_2025092868d8d52016355c411dac02a4.html\" class=\"L6-news__link\" rel=\"nofollow noopener\" target=\"_blank\"><br \/>\n                \u00a1Es carisma puro! El genial momento de M\u00e1rquez al colocar su nombre en el trofeo: \u00ab\u00bfC\u00f3mo va que no me acuerdo?\u00bb<\/p>\n<p class=\"recirculation-video-desc\">El de Cervera tuvo alg\u00fan que otro problema para colocar la habitual &#8216;placa&#8217; que cada uno de los campeones del mundo pone en el trofeo del ganador del t\u00edtulo.<\/p>\n<p>            <\/a><\/p>\n","protected":false},"excerpt":{"rendered":"Sin casi descanso, encerrado en su despacho dibujando. As\u00ed es el trabajo de Adrian Newey en Aston Martin.&hellip;\n","protected":false},"author":2,"featured_media":153439,"comment_status":"","ping_status":"","sticky":false,"template":"","format":"standard","meta":{"footnotes":""},"categories":[270],"tags":[168,25,24,306,271,272,23,167],"class_list":{"0":"post-153438","1":"post","2":"type-post","3":"status-publish","4":"format-standard","5":"has-post-thumbnail","7":"category-formula-1","8":"tag-deportes","9":"tag-es","10":"tag-espana","11":"tag-f1","12":"tag-formula-1","13":"tag-formula1","14":"tag-spain","15":"tag-sports"},"share_on_mastodon":{"url":"","error":""},"_links":{"self":[{"href":"https:\/\/www.europesays.com\/es\/wp-json\/wp\/v2\/posts\/153438","targetHints":{"allow":["GET"]}}],"collection":[{"href":"https:\/\/www.europesays.com\/es\/wp-json\/wp\/v2\/posts"}],"about":[{"href":"https:\/\/www.europesays.com\/es\/wp-json\/wp\/v2\/types\/post"}],"author":[{"embeddable":true,"href":"https:\/\/www.europesays.com\/es\/wp-json\/wp\/v2\/users\/2"}],"replies":[{"embeddable":true,"href":"https:\/\/www.europesays.com\/es\/wp-json\/wp\/v2\/comments?post=153438"}],"version-history":[{"count":0,"href":"https:\/\/www.europesays.com\/es\/wp-json\/wp\/v2\/posts\/153438\/revisions"}],"wp:featuredmedia":[{"embeddable":true,"href":"https:\/\/www.europesays.com\/es\/wp-json\/wp\/v2\/media\/153439"}],"wp:attachment":[{"href":"https:\/\/www.europesays.com\/es\/wp-json\/wp\/v2\/media?parent=153438"}],"wp:term":[{"taxonomy":"category","embeddable":true,"href":"https:\/\/www.europesays.com\/es\/wp-json\/wp\/v2\/categories?post=153438"},{"taxonomy":"post_tag","embeddable":true,"href":"https:\/\/www.europesays.com\/es\/wp-json\/wp\/v2\/tags?post=153438"}],"curies":[{"name":"wp","href":"https:\/\/api.w.org\/{rel}","templated":true}]}}