{"id":153440,"date":"2025-10-02T20:01:17","date_gmt":"2025-10-02T20:01:17","guid":{"rendered":"https:\/\/www.europesays.com\/es\/153440\/"},"modified":"2025-10-02T20:01:17","modified_gmt":"2025-10-02T20:01:17","slug":"heurtel-se-pierde-el-reencuentro-con-su-exequipo","status":"publish","type":"post","link":"https:\/\/www.europesays.com\/es\/153440\/","title":{"rendered":"Heurtel se pierde el reencuentro con su exequipo"},"content":{"rendered":"<p>\n        Cualquier salida en la<a href=\"https:\/\/www.noticiasdealava.eus\/baskonia\/2025\/09\/28\/comienza-euroliga-dura-historia-baskonia-fenerbahce-10138081.html\" title=\"Euroliga\" target=\"_blank\" class=\"link copy\" rel=\"nofollow noopener\"> Euroliga <\/a>constituye un camino repleto de espinas, pero dentro de esa dificultad inherente al glamur de la competici\u00f3n el Baskonia dispone <a href=\"https:\/\/www.noticiasdealava.eus\/baskonia\/2025\/10\/02\/baskonia-recupera-diakite-asvel-euroliga-10158498.html\" title=\"este viernes en el Astroballe\" target=\"_blank\" class=\"link copy\" rel=\"nofollow noopener\">este viernes en el Astroballe<\/a> de<strong> una buena oportunidad para estrenar su casillero de triunfos en la Euroliga<\/strong>.\n<\/p>\n<p class=\"article-body__text \">\n        La escuadra azulgrana visita al <strong>Asvel Villeurbanne<\/strong>, uno de los modestos de la Euroliga que se encuentra<strong> fuera de todas las quinielas para dar guerra<\/strong> en la presente edici\u00f3n continental y que ante el Baskonia no contar\u00e1 con Thomas Heurtel.\n<\/p>\n<p>            <a href=\"https:\/\/www.noticiasdealava.eus\/baskonia\/2025\/10\/02\/galbiati-necesitamos-aumentar-quimica-baskonia-euroliga-asvel-10158932.html\" title=\"Galbiati: &quot;Necesitamos aumentar la qu\u00edmica&quot;\" class=\"new__media\" rel=\"nofollow noopener\" target=\"_blank\"><\/p>\n<p>                <img alt=\"Galbiati: &quot;Necesitamos aumentar la qu\u00edmica&quot;\" data-src=\"https:\/\/www.europesays.com\/es\/wp-content\/uploads\/2025\/10\/5984cff6-3b0a-4d08-8eb8-cb5cb2c2aef3_16-9-aspect-ratio_default_0.jpg\" class=\"lozad\"\/><\/p>\n<p>        <\/a><\/p>\n<p>        <a href=\"https:\/\/www.noticiasdealava.eus\/baskonia\/2025\/10\/02\/galbiati-necesitamos-aumentar-quimica-baskonia-euroliga-asvel-10158932.html\" title=\"Galbiati: &quot;Necesitamos aumentar la qu\u00edmica&quot;\" class=\"new__headline\" rel=\"nofollow noopener\" target=\"_blank\"><br \/>\n            Galbiati: \u00abNecesitamos aumentar la qu\u00edmica\u00bb<br \/>\n        <\/a><\/p>\n<p class=\"article-body__text \">\n        Tras la derrota ante el Olympiacos en un partido donde dej\u00f3 una gran imagen, el Baskonia quiere sumar su primera victoria continental en una pista donde, eso s\u00ed, <strong>ha sufrido alg\u00fan que otro disgusto en las \u00faltimas temporadas.<\/strong>\n<\/p>\n<p>            <a href=\"https:\/\/www.noticiasdealava.eus\/baskonia\/2025\/10\/02\/baskonia-recupera-diakite-asvel-euroliga-10158498.html\" title=\"El Baskonia recupera a Diakite ante el Asvel\" class=\"new__media\" rel=\"nofollow noopener\" target=\"_blank\"><\/p>\n<p>                <img alt=\"El Baskonia recupera a Diakite ante el Asvel\" data-src=\"https:\/\/www.europesays.com\/es\/wp-content\/uploads\/2025\/10\/344018a3-8c73-4eb4-ab00-04d0b756c317_16-9-aspect-ratio_default_0_x922y30.jpg\" class=\"lozad\"\/><\/p>\n<p>        <\/a><\/p>\n<p>        <a href=\"https:\/\/www.noticiasdealava.eus\/baskonia\/2025\/10\/02\/baskonia-recupera-diakite-asvel-euroliga-10158498.html\" title=\"El Baskonia recupera a Diakite ante el Asvel\" class=\"new__headline\" rel=\"nofollow noopener\" target=\"_blank\"><br \/>\n            El Baskonia recupera a Diakite ante el Asvel<br \/>\n        <\/a><\/p>\n<p class=\"article-body__text \">\n        Con<strong> <\/strong><a href=\"https:\/\/www.noticiasdealava.eus\/baskonia\/2024\/09\/02\/gente-piensa-fuese-criminal-entrevista-thomas-heurtel-exbaskonista-8643988.html\" title=\"Thomas Heurtel\" target=\"_blank\" class=\"link copy\" rel=\"nofollow noopener\"><strong>Thomas Heurtel<\/strong><\/a><strong> fuera de combate por una lesi\u00f3n en el gemelo<\/strong> que le ha impedir debutar esta temporada con su nuevo club y hu\u00e9rfano de incorporaciones deslumbrantes durante este pasado mercado estival, el Asvel parece condenado a vivir en el furg\u00f3n de cola.\u00a0\n<\/p>\n<p>            <a href=\"https:\/\/www.noticiasdealava.eus\/baskonia\/2024\/09\/02\/gente-piensa-fuese-criminal-entrevista-thomas-heurtel-exbaskonista-8643988.html\" title=\"Heurtel: &quot;La gente piensa en m\u00ed como si fuese un criminal&quot;\" class=\"new__media\" rel=\"nofollow noopener\" target=\"_blank\"><\/p>\n<p>                <img alt=\"Heurtel: &quot;La gente piensa en m\u00ed como si fuese un criminal&quot;\" data-src=\"https:\/\/www.europesays.com\/es\/wp-content\/uploads\/2025\/10\/f531993a-852b-4e24-b9d6-df2859aefedc_16-9-aspect-ratio_default_0_x488y242.jpg\" class=\"lozad\"\/><\/p>\n<p>        <\/a><\/p>\n<p>        <a href=\"https:\/\/www.noticiasdealava.eus\/baskonia\/2024\/09\/02\/gente-piensa-fuese-criminal-entrevista-thomas-heurtel-exbaskonista-8643988.html\" title=\"Heurtel: &quot;La gente piensa en m\u00ed como si fuese un criminal&quot;\" class=\"new__headline\" rel=\"nofollow noopener\" target=\"_blank\"><br \/>\n            Heurtel: \u00abLa gente piensa en m\u00ed como si fuese un criminal\u00bb<br \/>\n        <\/a><\/p>\n<p class=\"article-body__text \">\n        Tras perder a su emblema Theo Maledon con destino al Real Madrid, sus principales caras nuevas han sido el<strong> base Glynn Watson, un &#8216;tres&#8217; como Armel Traor\u00e9, el ala-p\u00edvot Zachary Seljaas y los interiores Bastien Vautier y Bodian Massa, <\/strong>un viejo conocido de Xevi Pujol ya que en el verano de 2024 le reclut\u00f3 para el Manresa procedente del Bourg-en-Bresse.\n<\/p>\n<p class=\"article-body__text \">\n        Adem\u00e1s de<strong> Nando de Colo<\/strong>, el Asvel mantiene en n\u00f3mina a otros veteranos como <strong>David Lighty y Edwin Jackson.<\/strong><\/p>\n","protected":false},"excerpt":{"rendered":"Cualquier salida en la Euroliga constituye un camino repleto de espinas, pero dentro de esa dificultad inherente al&hellip;\n","protected":false},"author":2,"featured_media":153441,"comment_status":"","ping_status":"","sticky":false,"template":"","format":"standard","meta":{"footnotes":""},"categories":[269],"tags":[299,298,168,25,24,4843,21869,3457,20070,23,167],"class_list":{"0":"post-153440","1":"post","2":"type-post","3":"status-publish","4":"format-standard","5":"has-post-thumbnail","7":"category-baloncesto","8":"tag-baloncesto","9":"tag-basketball","10":"tag-deportes","11":"tag-es","12":"tag-espana","13":"tag-exequipo","14":"tag-heurtel","15":"tag-pierde","16":"tag-reencuentro","17":"tag-spain","18":"tag-sports"},"share_on_mastodon":{"url":"","error":""},"_links":{"self":[{"href":"https:\/\/www.europesays.com\/es\/wp-json\/wp\/v2\/posts\/153440","targetHints":{"allow":["GET"]}}],"collection":[{"href":"https:\/\/www.europesays.com\/es\/wp-json\/wp\/v2\/posts"}],"about":[{"href":"https:\/\/www.europesays.com\/es\/wp-json\/wp\/v2\/types\/post"}],"author":[{"embeddable":true,"href":"https:\/\/www.europesays.com\/es\/wp-json\/wp\/v2\/users\/2"}],"replies":[{"embeddable":true,"href":"https:\/\/www.europesays.com\/es\/wp-json\/wp\/v2\/comments?post=153440"}],"version-history":[{"count":0,"href":"https:\/\/www.europesays.com\/es\/wp-json\/wp\/v2\/posts\/153440\/revisions"}],"wp:featuredmedia":[{"embeddable":true,"href":"https:\/\/www.europesays.com\/es\/wp-json\/wp\/v2\/media\/153441"}],"wp:attachment":[{"href":"https:\/\/www.europesays.com\/es\/wp-json\/wp\/v2\/media?parent=153440"}],"wp:term":[{"taxonomy":"category","embeddable":true,"href":"https:\/\/www.europesays.com\/es\/wp-json\/wp\/v2\/categories?post=153440"},{"taxonomy":"post_tag","embeddable":true,"href":"https:\/\/www.europesays.com\/es\/wp-json\/wp\/v2\/tags?post=153440"}],"curies":[{"name":"wp","href":"https:\/\/api.w.org\/{rel}","templated":true}]}}