{"id":15346,"date":"2025-07-31T03:04:08","date_gmt":"2025-07-31T03:04:08","guid":{"rendered":"https:\/\/www.europesays.com\/es\/15346\/"},"modified":"2025-07-31T03:04:08","modified_gmt":"2025-07-31T03:04:08","slug":"de-hybrid-theory-a-in-the-end-las-confesiones-de-mike-shinoda-sobre-el-origen-del-legado-de-linkin-park","status":"publish","type":"post","link":"https:\/\/www.europesays.com\/es\/15346\/","title":{"rendered":"De Hybrid Theory a In The End, las confesiones de Mike Shinoda sobre el origen del legado de Linkin Park"},"content":{"rendered":"<p>La inspiraci\u00f3n de \u201cIn The End\u201d surgi\u00f3 en un ambiente de aislamiento y se convirti\u00f3 en un himno del grupo<br \/>\n(Linkin Park v\u00eda YouTube)<\/p>\n<p class=\"paragraph\"><a rel=\"noopener noreferrer nofollow\" href=\"https:\/\/www.infobae.com\/tag\/mike-shinoda\/\" target=\"_blank\" title=\"https:\/\/www.infobae.com\/tag\/mike-shinoda\/\"><b>Mike Shinoda<\/b><\/a>, figura clave de <a rel=\"noopener noreferrer nofollow\" href=\"https:\/\/www.infobae.com\/tag\/linkin-park\/\" target=\"_blank\" title=\"https:\/\/www.infobae.com\/tag\/linkin-park\/\"><b>Linkin Park<\/b><\/a>, comparti\u00f3 detalles desconocidos sobre los momentos m\u00e1s dif\u00edciles y transformadores vividos por la banda. <\/p>\n<p class=\"paragraph\">En el <b>Broken Record Podcast<\/b>, revel\u00f3 <b>cu\u00e1les fueron los <\/b><a rel=\"noopener noreferrer nofollow\" href=\"https:\/\/www.infobae.com\/tag\/discos\/\" target=\"_blank\" title=\"https:\/\/www.infobae.com\/tag\/discos\/\"><b>discos<\/b><\/a><b> que resultaron m\u00e1s complejos de crear<\/b> y explic\u00f3 el origen personal de <b>\u201cIn The End\u201d<\/b>, uno de los himnos m\u00e1s recordados del grupo. Seg\u00fan RockFM, estas revelaciones ofrecen una visi\u00f3n profunda sobre el proceso creativo de una de las bandas determinantes del <b>rock alternativo<\/b>.<\/p>\n<p class=\"paragraph\">Durante la entrevista, <b>Shinoda<\/b> identific\u00f3 los \u00e1lbumes que sometieron a <b>Linkin Park<\/b> a mayor presi\u00f3n. El m\u00fasico explic\u00f3 que <b>\u201cHybrid Theory\u201d<\/b>, debut de la banda, y <b>\u201cMinutes to Midnight\u201d<\/b>, el tercer trabajo, representaron los mayores retos en su carrera. <\/p>\n<p class=\"paragraph\">\u201cHybrid Theory fue doloroso de hacer. Minutes to Midnight, nuestro tercer \u00e1lbum, tambi\u00e9n fue bastante doloroso de hacer\u201d, se\u00f1al\u00f3 <b>Shinoda<\/b>, seg\u00fan RockFM.<\/p>\n<p><img alt=\"El proceso de grabaci\u00f3n de\" class=\"global-image\" decoding=\"async\" fetchpriority=\"low\" height=\"1448\" loading=\"lazy\" src=\"https:\/\/www.europesays.com\/es\/wp-content\/uploads\/2025\/07\/CRNSA4PKOZATRCETNMV56FQJXQ.jpg\" width=\"1448\"\/>El proceso de grabaci\u00f3n de \u201cHybrid Theory\u201d y \u201cMinutes to Midnight\u201d puso a prueba la resiliencia de la banda<\/p>\n<p class=\"paragraph\">La dificultad de <b>\u201cHybrid Theory\u201d<\/b> se debi\u00f3 a la <b>presi\u00f3n<\/b> y rapidez con la que se tuvo que grabar. Trabajaron durante un breve periodo y bajo una constante tensi\u00f3n. \u201c<b>Todo el mundo estaba como, luchando contra nosotros, en todo\u201d<\/b>, explic\u00f3. Esta atm\u00f3sfera forz\u00f3 a la banda a superar <b>obst\u00e1culos externos<\/b> mientras buscaban consolidar su identidad musical.<\/p>\n<p class=\"paragraph\">Por otro lado, <b>\u201cMinutes to Midnight\u201d<\/b> trajo un desaf\u00edo diferente. El proceso creativo se extendi\u00f3 durante <b>dieciocho meses<\/b>, periodo en el que la banda realiz\u00f3 cerca de <b>ciento cincuenta maquetas<\/b>. <\/p>\n<p class=\"paragraph\">\u201cMinutes to Midnight fue duro porque fue muy, muy lento y largo y como 18 meses y 150 demos, y nosotros arranc\u00e1ndonos los pelos intentando reinventar nuestra banda\u201c, record\u00f3 <b>Shinoda<\/b>. La b\u00fasqueda de renovar el sonido llev\u00f3 al grupo a una etapa de <b>autocr\u00edtica<\/b> y experimentaci\u00f3n permanente.<\/p>\n<p><img alt=\"La presi\u00f3n y la autocr\u00edtica\" class=\"global-image\" decoding=\"async\" fetchpriority=\"low\" height=\"1078\" loading=\"lazy\" src=\"https:\/\/www.europesays.com\/es\/wp-content\/uploads\/2025\/07\/5QCNZRGAXRFCHNRTPX7TI6ESFU.jpg\" width=\"777\"\/>La presi\u00f3n y la autocr\u00edtica marcaron la evoluci\u00f3n musical de Linkin Park, seg\u00fan Shinoda<br \/>\n(linkinpark \/ Instagram)<\/p>\n<p class=\"paragraph\">Pese a las dificultades, <b>Shinoda<\/b> subray\u00f3 que la banda aprendi\u00f3 a transformar el sufrimiento en una fuente de <b>satisfacci\u00f3n<\/b> y <b>crecimiento<\/b>. Reflexion\u00f3 sobre la capacidad de afrontar desaf\u00edos sin perder la pasi\u00f3n por la m\u00fasica: \u201cSab\u00edamos c\u00f3mo hacer algo dif\u00edcil y no sentirnos miserables haci\u00e9ndolo. \u00bfTiene sentido? Hicimos algo muy, muy dif\u00edcil, pero disfrutamos cada minuto\u201c, sostuvo.<\/p>\n<p class=\"paragraph\">La posibilidad de encontrar <b>placer en el proceso<\/b>, a\u00fan bajo presi\u00f3n, dio a <b>Linkin Park<\/b> una de las claves para su \u00e9xito y permanencia. Lograron superar los momentos m\u00e1s exigentes y, al mismo tiempo, disfrutar del trabajo intenso, lo que reforz\u00f3 el <b>compromiso del grupo<\/b> y su conexi\u00f3n art\u00edstica.<\/p>\n<p class=\"paragraph\">En la misma entrevista, <b>Shinoda<\/b> repas\u00f3 algunas canciones que, seg\u00fan su criterio, reflejan la <b>esencia<\/b> y <b>evoluci\u00f3n<\/b> de <b>Linkin Park<\/b>. Una de las piezas favoritas del m\u00fasico, <b>\u201cWaiting for the End\u201d<\/b> de <b>\u201cA Thousand Suns\u201d<\/b>, destaca junto a <b>\u201cPapercut\u201d<\/b>, primer tema de \u201cHybrid Theory\u201d. <\/p>\n<p><img alt=\"Canciones como \u201cNumb\u201d, \u201cWhat I\u2019ve\" class=\"global-image\" decoding=\"async\" fetchpriority=\"low\" height=\"1667\" loading=\"lazy\" src=\"https:\/\/www.europesays.com\/es\/wp-content\/uploads\/2025\/07\/F6OCOSSITBA23GXTJFON43A4RE.jpg\" width=\"2500\"\/>Canciones como \u201cNumb\u201d, \u201cWhat I\u2019ve Done\u201d y \u201cPapercut\u201d consolidaron la identidad de Linkin Park<br \/>\n(EFE \/ Kiko Huesca)<\/p>\n<p class=\"paragraph\">\u201cSab\u00edamos que ten\u00eda la mejor firma de Linkin Park. Tiene todas las se\u00f1as de identidad de todo lo que hicimos y vamos a hacer durante un tiempo\u201d, explic\u00f3.<\/p>\n<p class=\"paragraph\">Otras canciones emblem\u00e1ticas como <b>\u201cNumb\u201d<\/b> y <b>\u201cWhat I\u2019ve Done\u201d<\/b>, junto a <b>\u201cIn The End\u201d<\/b>, lograron conectar con los seguidores incluso antes de estar terminadas. <b>Shinoda<\/b> subray\u00f3 el impacto inmediato de estas piezas en la banda y en su p\u00fablico, lo que fortaleci\u00f3 la <b>relevancia<\/b> de su propuesta musical.<\/p>\n<p class=\"paragraph\">Uno de los momentos m\u00e1s reveladores de la entrevista fue la narraci\u00f3n del origen de <b>\u201cIn The End\u201d<\/b>. Una noche, <b>Shinoda<\/b> se encerr\u00f3 en el local de ensayo de la banda, sumergido en completo <b>aislamiento<\/b>. <\/p>\n<p><img alt=\"La colaboraci\u00f3n entre Mike Shinoda\" class=\"global-image\" decoding=\"async\" fetchpriority=\"low\" height=\"1080\" loading=\"lazy\" src=\"https:\/\/www.europesays.com\/es\/wp-content\/uploads\/2025\/07\/ZQICUS5SVRFW3PMTOOFSIL4SK4.jpg\" width=\"1920\"\/>La colaboraci\u00f3n entre Mike Shinoda y Rob Bourdon fue clave en la creaci\u00f3n de \u201cIn The End\u201d<br \/>\n(EFE\/Kiko Huesca)<\/p>\n<p class=\"paragraph\">Describi\u00f3 el ambiente como una \u201cc\u00e1mara de privaci\u00f3n sensorial\u201d, sin ventanas y con un mobiliario inc\u00f3modo, donde pas\u00f3 horas componiendo hasta perder la noci\u00f3n del tiempo.<\/p>\n<p class=\"paragraph\">En este entorno, desarroll\u00f3 la <b>melod\u00eda<\/b> tanto del verso como del estribillo. Al d\u00eda siguiente, present\u00f3 la canci\u00f3n al baterista <b>Rob Bourdon<\/b>. La reacci\u00f3n de Rob fue inmediata y cargada de entusiasmo: \u201cEsta es la canci\u00f3n m\u00e1s especial\u201d. Seg\u00fan <b>Shinoda<\/b>, Rob le confes\u00f3 que hab\u00eda so\u00f1ado con una pieza as\u00ed para el \u00e1lbum. Este momento marc\u00f3 un <b>hito<\/b> en el proceso creativo de la banda.<\/p>\n<p><img alt=\"El legado de Linkin Park\" class=\"global-image\" decoding=\"async\" fetchpriority=\"low\" height=\"3506\" loading=\"lazy\" src=\"https:\/\/www.europesays.com\/es\/wp-content\/uploads\/2025\/07\/TG663ODH4ND2TP5NRUTQHDDAEU.jpg\" width=\"5366\"\/>El legado de Linkin Park se forj\u00f3 superando obst\u00e1culos y disfrutando el proceso creativo (REUTERS\/Kai Pfaffenbach)<\/p>\n<p class=\"paragraph\">La historia de <b>\u201cIn The End\u201d<\/b> muestra el impacto de la <b>inspiraci\u00f3n<\/b> y la <b>colaboraci\u00f3n<\/b> en <b>Linkin Park<\/b>. La reacci\u00f3n de <b>Rob Bourdon<\/b> fue una validaci\u00f3n del potencial del tema. \u201cLiteralmente, so\u00f1aba con una canci\u00f3n as\u00ed para nuestro \u00e1lbum\u201d, afirm\u00f3 el baterista. Desde entonces, la canci\u00f3n se convirti\u00f3 en uno de los mayores <b>\u00e9xitos<\/b> y en una pieza central de la <b>identidad musical<\/b> del grupo.<\/p>\n<p class=\"paragraph\"><b>Detr\u00e1s de los logros de Linkin Park<\/b> hubo <b>sacrificio<\/b>, <b>autocr\u00edtica<\/b> y un compromiso inquebrantable con la <b>creatividad<\/b>. <\/p>\n<p class=\"paragraph\">Las palabras de <b>Mike Shinoda<\/b> en la entrevista publicadas por RockFM revelan que el \u00e9xito del grupo se forj\u00f3 en medio de dificultades, pero tambi\u00e9n en la <b>capacidad de disfrutar del proceso<\/b>, incluso frente a los desaf\u00edos m\u00e1s grandes. <b>El grupo demostr\u00f3 que el camino arduo puede llevar a la creaci\u00f3n de himnos atemporales y a la consolidaci\u00f3n de un legado en la historia de la m\u00fasica contempor\u00e1nea.<\/b><\/p>\n","protected":false},"excerpt":{"rendered":"La inspiraci\u00f3n de \u201cIn The End\u201d surgi\u00f3 en un ambiente de aislamiento y se convirti\u00f3 en un himno&hellip;\n","protected":false},"author":2,"featured_media":15347,"comment_status":"","ping_status":"","sticky":false,"template":"","format":"standard","meta":{"footnotes":""},"categories":[170],"tags":[10185,146,147,25,24,184,185,23],"class_list":{"0":"post-15346","1":"post","2":"type-post","3":"status-publish","4":"format-standard","5":"has-post-thumbnail","7":"category-musica","8":"tag-arts-culture-and-entertainment","9":"tag-entertainment","10":"tag-entretenimiento","11":"tag-es","12":"tag-espana","13":"tag-music","14":"tag-musica","15":"tag-spain"},"share_on_mastodon":{"url":"","error":""},"_links":{"self":[{"href":"https:\/\/www.europesays.com\/es\/wp-json\/wp\/v2\/posts\/15346","targetHints":{"allow":["GET"]}}],"collection":[{"href":"https:\/\/www.europesays.com\/es\/wp-json\/wp\/v2\/posts"}],"about":[{"href":"https:\/\/www.europesays.com\/es\/wp-json\/wp\/v2\/types\/post"}],"author":[{"embeddable":true,"href":"https:\/\/www.europesays.com\/es\/wp-json\/wp\/v2\/users\/2"}],"replies":[{"embeddable":true,"href":"https:\/\/www.europesays.com\/es\/wp-json\/wp\/v2\/comments?post=15346"}],"version-history":[{"count":0,"href":"https:\/\/www.europesays.com\/es\/wp-json\/wp\/v2\/posts\/15346\/revisions"}],"wp:featuredmedia":[{"embeddable":true,"href":"https:\/\/www.europesays.com\/es\/wp-json\/wp\/v2\/media\/15347"}],"wp:attachment":[{"href":"https:\/\/www.europesays.com\/es\/wp-json\/wp\/v2\/media?parent=15346"}],"wp:term":[{"taxonomy":"category","embeddable":true,"href":"https:\/\/www.europesays.com\/es\/wp-json\/wp\/v2\/categories?post=15346"},{"taxonomy":"post_tag","embeddable":true,"href":"https:\/\/www.europesays.com\/es\/wp-json\/wp\/v2\/tags?post=15346"}],"curies":[{"name":"wp","href":"https:\/\/api.w.org\/{rel}","templated":true}]}}