{"id":153461,"date":"2025-10-02T20:16:10","date_gmt":"2025-10-02T20:16:10","guid":{"rendered":"https:\/\/www.europesays.com\/es\/153461\/"},"modified":"2025-10-02T20:16:10","modified_gmt":"2025-10-02T20:16:10","slug":"la-uco-pide-a-la-audiencia-nacional-que-se-investiguen-las-cuentas-de-pardo-de-vera-y-herrero-espana","status":"publish","type":"post","link":"https:\/\/www.europesays.com\/es\/153461\/","title":{"rendered":"La UCO pide a la Audiencia Nacional que se investiguen las cuentas de Pardo de Vera y Herrero | Espa\u00f1a"},"content":{"rendered":"<p class=\"\">La Unidad Central Operativa (UCO) de la Guardia Civil ha reclamado a la Audiencia Nacional que se investiguen las cuentas de <a href=\"https:\/\/elpais.com\/espana\/2025-07-21\/anticorrupcion-pide-retirar-el-pasaporte-a-isabel-pardo-de-vera-y-javier-herrero-por-el-caso-koldo.html\" target=\"_self\" rel=\"nofollow noopener\" title=\"https:\/\/elpais.com\/espana\/2025-07-21\/anticorrupcion-pide-retirar-el-pasaporte-a-isabel-pardo-de-vera-y-javier-herrero-por-el-caso-koldo.html\">Isabel Pardo de Vera, expresidenta de Adif, y Javier Herrero, ex director general de Carreteras, <\/a>para rastrear si pudieron recibir contraprestaciones a cambio de \u201cfacilitar\u201d el ama\u00f1o de obras p\u00fablicas durante la etapa de Jos\u00e9 Luis \u00c1balos al frente del Ministerio de Transportes. En un informe remitido al juez Ismael Moreno, instructor del caso Koldo, la UCO considera que el an\u00e1lisis de las cuentas de Pardo de Vera y Herrero \u201cresultar\u00eda imprescindible para el buen fin de la investigaci\u00f3n\u201d. <\/p>\n<p class=\"\">El juez Moreno i<a href=\"https:\/\/elpais.com\/espana\/2025-07-07\/la-audiencia-nacional-imputa-a-isabel-pardo-de-vera-y-javier-herrero-por-el-supuesto-amano-de-obra-publica-del-caso-cerdan.html\" target=\"_self\" rel=\"nofollow noopener\" title=\"https:\/\/elpais.com\/espana\/2025-07-07\/la-audiencia-nacional-imputa-a-isabel-pardo-de-vera-y-javier-herrero-por-el-supuesto-amano-de-obra-publica-del-caso-cerdan.html\">mput\u00f3 en julio pasado a la expresidenta de ADIF y el ex director general de Carreteras<\/a> al entender que ambos \u201chabr\u00edan permitido la manipulaci\u00f3n de los procesos de contrataci\u00f3n\u201d para \u201cfavorecer de manera recurrente\u201d que varias constructoras obtuvieran adjudicaciones \u201ca cambio de una contraprestaci\u00f3n econ\u00f3mica\u201d para \u00c1balos y quien fuera su asesor Koldo Garc\u00eda. Los nombres de estos dos ex altos cargos sobrevolaban la causa desde hace meses y, de hecho, Pardo de Vera ya estaba imputada por la presunta contrataci\u00f3n irregular de una expareja \u00c1balos. Pero la presunta vinculaci\u00f3n de ambos en la supuesta trama de adjudicaciones irregulares se destap\u00f3 en el informe de la UCO de la Guardia Civil <a href=\"https:\/\/elpais.com\/espana\/2025-06-12\/la-guardia-civil-atribuye-a-santos-cerdan-la-gestion-de-650000-euros-en-mordidas.html\" rel=\"nofollow noopener\" title=\"https:\/\/elpais.com\/espana\/2025-06-12\/la-guardia-civil-atribuye-a-santos-cerdan-la-gestion-de-650000-euros-en-mordidas.html\" target=\"_blank\">conocido el 12 de junio<\/a> sobre Santos Cerd\u00e1n, ex secretario de Organizaci\u00f3n del PSOE.<\/p>\n<p class=\"\">Leopoldo Puente, instructor la parte de la investigaci\u00f3n que se sigue en el Tribunal Supremo, concluy\u00f3 que ese documento de la Guardia Civil arrojaba suficientes indicios contra la expresidenta de Adif y el director general de Carreteras. Pero, como el alto tribunal ha acordado que solo investigar\u00e1 a \u00c1balos (actualmente es el \u00fanico aforado salpicado) y aquellas actuaciones o personas que tengan una vinculaci\u00f3n directa con \u00e9l, Puente envi\u00f3 los indicios sobre Pardo de Vera y Herrero a la Audiencia Nacional para que fuese Moreno quien estudiase si deb\u00eda imputarles, como finalmente hizo. <\/p>\n<p class=\"\">En el informe remitido ahora al juez, la Guardia Civil se\u00f1ala que la investigaci\u00f3n ya ha revelado que la expresidenta de Adif y el ex director general de Carreteras fueron \u201cfacilitadores de asistencia para las exitosas adjudicaciones proyectadas, cada uno dentro de su \u00e1mbito de responsabilidad\u201d por lo que consideran \u201cimprescindible\u201d conocer \u201csi pudieron tambi\u00e9n ser receptores de cualquier tipo de contraprestaci\u00f3n, de la naturaleza que fuere\u201d. <\/p>\n<p class=\"\">Con ese fin, los agentes piden al juez que se investiguen \u201clos productos financieros donde Pardo de Vera y Herrero figuran o han figurado como titulares, autorizados y\/o representantes\u201d. Entre las entidades bancarias que el Instituto Armado propone que sean requeridas se encuentran Andbank, BBVA, Banco de Caminos, Banco Sabadell, Banco Santander o Arquia Bank. Sobre el exdirector general de Carreteras, la Guardia Civil recalca que figura como autorizado o titular en cuentas bancarias de las sociedades Polis Project y Palta Naturae. <\/p>\n","protected":false},"excerpt":{"rendered":"La Unidad Central Operativa (UCO) de la Guardia Civil ha reclamado a la Audiencia Nacional que se investiguen&hellip;\n","protected":false},"author":2,"featured_media":153462,"comment_status":"","ping_status":"","sticky":false,"template":"","format":"standard","meta":{"footnotes":""},"categories":[8],"tags":[15389,46251,17,18,4334,767,25,24,13,14,11,46250,5610,5611,19,20,3749,9,10,15,16,1699,8411,23,12,4874,21,22],"class_list":{"0":"post-153461","1":"post","2":"type-post","3":"status-publish","4":"format-standard","5":"has-post-thumbnail","7":"category-espana","8":"tag-adif","9":"tag-an","10":"tag-breaking-news","11":"tag-breakingnews","12":"tag-caso-koldo","13":"tag-corrupcion","14":"tag-es","15":"tag-espana","16":"tag-featured-news","17":"tag-featurednews","18":"tag-headlines","19":"tag-isabel-pardo-de-vera","20":"tag-jose-luis-abalos","21":"tag-koldo-garcia","22":"tag-latest-news","23":"tag-latestnews","24":"tag-ministerio-de-transportes","25":"tag-news","26":"tag-noticias","27":"tag-noticias-destacadas","28":"tag-noticiasdestacadas","29":"tag-psoe","30":"tag-santos-cerdan","31":"tag-spain","32":"tag-titulares","33":"tag-tribunal-supremo","34":"tag-ultimas-noticias","35":"tag-ultimasnoticias"},"share_on_mastodon":{"url":"","error":""},"_links":{"self":[{"href":"https:\/\/www.europesays.com\/es\/wp-json\/wp\/v2\/posts\/153461","targetHints":{"allow":["GET"]}}],"collection":[{"href":"https:\/\/www.europesays.com\/es\/wp-json\/wp\/v2\/posts"}],"about":[{"href":"https:\/\/www.europesays.com\/es\/wp-json\/wp\/v2\/types\/post"}],"author":[{"embeddable":true,"href":"https:\/\/www.europesays.com\/es\/wp-json\/wp\/v2\/users\/2"}],"replies":[{"embeddable":true,"href":"https:\/\/www.europesays.com\/es\/wp-json\/wp\/v2\/comments?post=153461"}],"version-history":[{"count":0,"href":"https:\/\/www.europesays.com\/es\/wp-json\/wp\/v2\/posts\/153461\/revisions"}],"wp:featuredmedia":[{"embeddable":true,"href":"https:\/\/www.europesays.com\/es\/wp-json\/wp\/v2\/media\/153462"}],"wp:attachment":[{"href":"https:\/\/www.europesays.com\/es\/wp-json\/wp\/v2\/media?parent=153461"}],"wp:term":[{"taxonomy":"category","embeddable":true,"href":"https:\/\/www.europesays.com\/es\/wp-json\/wp\/v2\/categories?post=153461"},{"taxonomy":"post_tag","embeddable":true,"href":"https:\/\/www.europesays.com\/es\/wp-json\/wp\/v2\/tags?post=153461"}],"curies":[{"name":"wp","href":"https:\/\/api.w.org\/{rel}","templated":true}]}}