{"id":153465,"date":"2025-10-02T20:22:09","date_gmt":"2025-10-02T20:22:09","guid":{"rendered":"https:\/\/www.europesays.com\/es\/153465\/"},"modified":"2025-10-02T20:22:09","modified_gmt":"2025-10-02T20:22:09","slug":"djokovic-atiza-a-alcaraz-tras-su-queja-por-el-calendario-para-cambiar-las-cosas","status":"publish","type":"post","link":"https:\/\/www.europesays.com\/es\/153465\/","title":{"rendered":"Djokovic &#8216;atiza&#8217; a Alcaraz tras su queja por el calendario: \u00abPara cambiar las cosas&#8230;\u00bb"},"content":{"rendered":"<p class=\"L6-news-detail__text\"><b>Carlos Alcaraz<\/b> ha alzado la voz <b><a title=\"contra el calendario de la ATP\" href=\"https:\/\/www.lasexta.com\/noticias\/deportes\/tenis\/enfado-morrocotudo-carlos-alcaraz-amenaza-incluida-atp_2025100268de2f1a6c793a7e6989069c.html\" target=\"_blank\" rel=\"nofollow noopener\">contra el calendario de la ATP<\/a><\/b>. Pero parece que algunos de sus compa\u00f1eros de circuito no est\u00e1n de acuerdo. Ni <b><a title=\"Jannik Sinner\" href=\"https:\/\/www.lasexta.com\/noticias\/deportes\/tenis\/sinner-apoya-carlos-alcaraz-cruzada-calendario_2025100268de71be771e4a2d53290084.html\" target=\"_blank\" rel=\"nofollow noopener\">Jannik Sinner<\/a><\/b>&#8230; ni Novak Djokovic. El serbio dice que para cambiar las cosas los tenistas tienen que trabajar unidos y en estos momentos no lo est\u00e1n haciendo.<\/p>\n<p class=\"L6-news-detail__text\">Eso s\u00ed, Novak no entiende la ampliaci\u00f3n del calendario: <b>\u00abEstoy en contra de la ampliaci\u00f3n a dos semanas en la duraci\u00f3n de los Masters 1.000<\/b>, no creo que sea bueno\u00bb.<\/p>\n<p class=\"L6-news-detail__text\">Pero despu\u00e9s de esta frase ha lanzado un dardo que claramente ha ido directo para Alcaraz: no le parece bien que algunos tenistas prioricen los torneos de exhibiciones que les reportan tanto dinero y tampoco que no trabajen conjuntamente para cambiar las cosas en el circuito.<\/p>\n<p class=\"L6-news-detail__text\">\u00abVeo a muchos jugadores hablando de que hay obligaciones en cuanto a los torneos que disputar, pero son para tener un bonus econ\u00f3mico. <b>Hay muchas exhibiciones a las que se apuntan, as\u00ed que todo es un poco contradictorio\u00bb<\/b>, dice el ganador de 24 Grand Slams, que denuncia el \u00abmonopolio\u00bb en la organizaci\u00f3n del tenis.<\/p>\n<p class=\"L6-news-detail__text\">\u00abHay un fuerte monopolio en la toma de decisiones en el tenis, creado durante d\u00e9cadas y mucha gente no quiere cambiar eso. Lo que puedo decir es que los tenistas no estamos suficientemente unidos\u00bb, denuncia.<\/p>\n<p class=\"L6-news-detail__text\">Y para finalizar vuelve a se\u00f1alar a Carlos, aunque sin nombrarle: <b>\u00abNos quejamos, pero no invertimos el tiempo y esfuerzo necesario para cambiar las cosas<\/b>. Se necesita que los mejores del mundo se pongan manos a la obra, entiendan bien c\u00f3mo funciona todo y hagan algo m\u00e1s que hablar en ruedas de prensa. Lo s\u00e9 por experiencia propia\u00bb.<\/p>\n<p class=\"L6-support-news-video__title\">Super Bowl 2026<\/p>\n<p>            <a href=\"https:\/\/www.lasexta.com\/programas\/arusitys\/bad-bunny-sera-actuacion-estrella-descanso-super-bowl-2026_2025092968da1d2216355c411db1643e.html\" class=\"L6-news__link\" rel=\"nofollow noopener\" target=\"_blank\"><br \/>\n                Bad Bunny ser\u00e1 la actuaci\u00f3n estrella del descanso de la Super Bowl 2026<\/p>\n<p class=\"recirculation-video-desc\">Bad Bunny ser\u00e1 el encargado de actuar en el descanso de la Super Bowl 2026 tras publicarse este v\u00eddeo del artista anunci\u00e1ndolo.<\/p>\n<p>            <\/a><\/p>\n","protected":false},"excerpt":{"rendered":"Carlos Alcaraz ha alzado la voz contra el calendario de la ATP. Pero parece que algunos de sus&hellip;\n","protected":false},"author":2,"featured_media":153466,"comment_status":"","ping_status":"","sticky":false,"template":"","format":"standard","meta":{"footnotes":""},"categories":[274],"tags":[168,25,24,23,167,327,326],"class_list":{"0":"post-153465","1":"post","2":"type-post","3":"status-publish","4":"format-standard","5":"has-post-thumbnail","7":"category-tenis","8":"tag-deportes","9":"tag-es","10":"tag-espana","11":"tag-spain","12":"tag-sports","13":"tag-tenis","14":"tag-tennis"},"share_on_mastodon":{"url":"","error":""},"_links":{"self":[{"href":"https:\/\/www.europesays.com\/es\/wp-json\/wp\/v2\/posts\/153465","targetHints":{"allow":["GET"]}}],"collection":[{"href":"https:\/\/www.europesays.com\/es\/wp-json\/wp\/v2\/posts"}],"about":[{"href":"https:\/\/www.europesays.com\/es\/wp-json\/wp\/v2\/types\/post"}],"author":[{"embeddable":true,"href":"https:\/\/www.europesays.com\/es\/wp-json\/wp\/v2\/users\/2"}],"replies":[{"embeddable":true,"href":"https:\/\/www.europesays.com\/es\/wp-json\/wp\/v2\/comments?post=153465"}],"version-history":[{"count":0,"href":"https:\/\/www.europesays.com\/es\/wp-json\/wp\/v2\/posts\/153465\/revisions"}],"wp:featuredmedia":[{"embeddable":true,"href":"https:\/\/www.europesays.com\/es\/wp-json\/wp\/v2\/media\/153466"}],"wp:attachment":[{"href":"https:\/\/www.europesays.com\/es\/wp-json\/wp\/v2\/media?parent=153465"}],"wp:term":[{"taxonomy":"category","embeddable":true,"href":"https:\/\/www.europesays.com\/es\/wp-json\/wp\/v2\/categories?post=153465"},{"taxonomy":"post_tag","embeddable":true,"href":"https:\/\/www.europesays.com\/es\/wp-json\/wp\/v2\/tags?post=153465"}],"curies":[{"name":"wp","href":"https:\/\/api.w.org\/{rel}","templated":true}]}}