{"id":153471,"date":"2025-10-02T20:26:09","date_gmt":"2025-10-02T20:26:09","guid":{"rendered":"https:\/\/www.europesays.com\/es\/153471\/"},"modified":"2025-10-02T20:26:09","modified_gmt":"2025-10-02T20:26:09","slug":"licencia-para-sonar","status":"publish","type":"post","link":"https:\/\/www.europesays.com\/es\/153471\/","title":{"rendered":"Licencia para so\u00f1ar"},"content":{"rendered":"<p data-gtm-element-container=\"modulo-texto-link\" class=\"paragraph\">El <strong>Rayo Vallecano<\/strong> ha arrancado su andadura en la Conference League con una <strong>c\u00f3moda victoria (2-0) contra el\u00a0Shk\u00ebndija<\/strong> gracias a los tantos de <strong>Unai L\u00f3pez y Fran P\u00e9rez <\/strong>en la primera mitad y se ha resarcido, adem\u00e1s, de su mala din\u00e1mica en liga, donde no suman los tres puntos desde la primera jornada contra el Girona y son decimosextos.\u00a0\u00a0<\/p>\n<p>Monopolio franjirrojo<\/p>\n<p data-gtm-element-container=\"modulo-texto-link\" class=\"paragraph\">So\u00f1aba el <strong>Rayo Vallecano<\/strong> con este d\u00eda desde hac\u00eda 25 a\u00f1os y eso se not\u00f3 desde el primer minuto sobre el verde. Los de I\u00f1igo P\u00e9rez fueron<strong> due\u00f1os y se\u00f1ores <\/strong>de la pelota desde que el \u00e1rbitro pit\u00f3 el inicio del partido, pero no acababan de tener suerte de cara a porter\u00eda. El gran problema de esta campa\u00f1a (y de la anterior).<\/p>\n<p>                     Galer\u00eda<\/p>\n<p>                <img loading=\"lazy\" decoding=\"async\" data-full-src=\"https:\/\/www.mundodeportivo.com\/uploads\/2025\/10\/02\/68debe9971cf0.jpeg\" alt=\"Horizontal\" src=\"https:\/\/www.europesays.com\/es\/wp-content\/uploads\/2025\/10\/68debe9971cf0.jpeg\" class=\"lazy\" width=\"449\" height=\"355\"\/><\/p>\n<p>                    <a class=\"caption-title \" href=\"https:\/\/www.mundodeportivo.com\/futbol\/conference-league\/20251002\/1002543644\/rayo-vallecano-kf-shkendija-imagenes.html\" rel=\"nofollow noopener\" target=\"_blank\">Rayo Vallecano &#8211; KF Shk\u00ebndija, en im\u00e1genes<\/a><\/p>\n<p>                    Denis Doyle \/ Getty<\/p>\n<p data-gtm-element-container=\"modulo-texto-link\" class=\"paragraph\">Fue <strong>Unai L\u00f3pez<\/strong> el que desencall\u00f3 el encuentro en el <strong>minuto 28\u2019<\/strong> cuando remat\u00f3 a placer en la frontal del \u00e1rea tras un bonito contragolpe para inaugurar tambi\u00e9n su casillero particular esta temporada. Una jugada muy similar a la del segundo tanto, esta vez obra de <strong>Fran P\u00e9rez<\/strong>, que ya se hab\u00eda estrenado en liga en el empate contra el Bar\u00e7a.<\/p>\n<p data-gtm-element-container=\"modulo-texto-link\" class=\"paragraph\">Pudieron ser muchos m\u00e1s. <strong>Lejeune y Unai L\u00f3pez<\/strong> lo intentaron desde lejos, <strong>Camello <\/strong>tuvo otra grand\u00edsima oportunidad al borde del descanso\u2026 pero estuvo providencial el guardameta del Shk\u00ebndija, Baboucarr <strong>Gaye<\/strong>, para mantener a los suyos vivos de cara a la segunda mitad.<\/p>\n<p>Aburrida segunda parte<\/p>\n<p data-gtm-element-container=\"modulo-texto-link\" class=\"paragraph\">Y lo cierto es que lo estuvieron, porque los madrile\u00f1os siguieron sin acierto y apenas les metieron el miedo en el cuerpo en estos segundos 45 minutos. <strong>\u00d3scar Trejo<\/strong> anot\u00f3 a media hora para el final el que podr\u00eda haber sido el tanto de la tranquilidad, pero no subi\u00f3 al marcador por<strong> claro fuera de juego.<\/strong><\/p>\n<p data-gtm-element-container=\"modulo-texto-link\" class=\"paragraph\">Poco m\u00e1s que contar adem\u00e1s de eso en estos segundos 45 minutos pero, afortunadamente, los locales hab\u00edan hecho el trabajo durante el primer tiempo y se llevan la<strong> primera victoria<\/strong> para seguir so\u00f1ando en Europa. El pr\u00f3ximo partido, el 23 de octubre contra el H\u00e4cken sueco en su casa. Veremos qu\u00e9 tal se desenvuelven all\u00ed.\u00a0<\/p>\n<p>                        <img loading=\"lazy\" decoding=\"async\" data-full-src=\"https:\/\/www.mundodeportivo.com\/uploads\/2024\/10\/15\/670e43b46ea61.png\" alt=\"https:\/\/www.mundodeportivo.com\/futbol\/rayo-vallecano\" src=\"https:\/\/www.europesays.com\/es\/wp-content\/uploads\/2025\/10\/670e43b46ea61.png\" class=\"lazy\" width=\"38\" height=\"38\"\/><\/p>\n<p>                RAYO VALLECANO<\/p>\n<p>            20\n<\/p>\n<p>                        <img loading=\"lazy\" decoding=\"async\" data-full-src=\"https:\/\/www.mundodeportivo.com\/uploads\/2021\/07\/19\/60f53a2e29df4.png\" alt=\"Licencia para so\u00f1ar\" src=\"https:\/\/www.europesays.com\/es\/wp-content\/uploads\/2025\/10\/60f53a2e29df4.png\" class=\"lazy\" width=\"38\" height=\"38\"\/><\/p>\n<p>                SHKENDIJA<\/p>\n<p><strong>Rayo Vallecano, 2: <\/strong>Batalla; Balliu, Lejeune, Jozhua Vertrouwd, Pacha Espino; Unai L\u00f3pez (Pedro D\u00edaz, 59&#8242;), Gumbau (Path\u00e9 Ciss, 77&#8242;), Trejo; Fran P\u00e9rez (Samu Becerra, 77&#8242;), Camello y \u00c1lvaro Garc\u00eda (De Frutos, 60&#8242;).<br \/>\u200b<br \/><strong>\u200bShkendija, 0:\u00a0<\/strong>Gaye; Trumci, Fetai, Cake, Webster; Qaka (Alhassan, 46&#8242;), Ramadani; Tamba, Krasniqi (Zejnullai, m.56), Lafiti (Spahiu, 66&#8242;); Ibraimi (Krstevski, 66&#8242;).<br \/><strong>\u200b<br \/>\u200bGoles: <\/strong>1-0, m.28: Unai L\u00f3pez; 2-0, m.31: Fran P\u00e9rez<\/p>\n<p><strong>\u00c1rbitro: <\/strong>Mohammad Al-Emara (Finlandia). Mostr\u00f3 tarjeta AMARILLA a Vertrouwd (35\u2019) del Rayo Vallecano y a Ramadani (77\u2019) y Krstevski (83\u2019) del Shkendija<\/p>\n<p><strong>Incidencias: <\/strong>Partido correspondiente a la jornada 1 de la Conference League disputado en el estadio de Vallecas ante unos\u00a010.000 espectadores. Rafael Louz\u00e1n, presidente de la Real Federaci\u00f3n Espa\u00f1ola de F\u00fatbol, asisti\u00f3 al partido junto a Mariano de Paco, consejero de Cultura, Turismo y Deporte de la Comunidad de Madrid.<\/p>\n<p>\n                ver ficha partido\n            <\/p>\n","protected":false},"excerpt":{"rendered":"El Rayo Vallecano ha arrancado su andadura en la Conference League con una c\u00f3moda victoria (2-0) contra el\u00a0Shk\u00ebndija&hellip;\n","protected":false},"author":2,"featured_media":153472,"comment_status":"","ping_status":"","sticky":false,"template":"","format":"standard","meta":{"footnotes":""},"categories":[268],"tags":[168,25,24,280,282,281,23,167],"class_list":{"0":"post-153471","1":"post","2":"type-post","3":"status-publish","4":"format-standard","5":"has-post-thumbnail","7":"category-futbol","8":"tag-deportes","9":"tag-es","10":"tag-espana","11":"tag-football","12":"tag-futbol","13":"tag-soccer","14":"tag-spain","15":"tag-sports"},"share_on_mastodon":{"url":"","error":""},"_links":{"self":[{"href":"https:\/\/www.europesays.com\/es\/wp-json\/wp\/v2\/posts\/153471","targetHints":{"allow":["GET"]}}],"collection":[{"href":"https:\/\/www.europesays.com\/es\/wp-json\/wp\/v2\/posts"}],"about":[{"href":"https:\/\/www.europesays.com\/es\/wp-json\/wp\/v2\/types\/post"}],"author":[{"embeddable":true,"href":"https:\/\/www.europesays.com\/es\/wp-json\/wp\/v2\/users\/2"}],"replies":[{"embeddable":true,"href":"https:\/\/www.europesays.com\/es\/wp-json\/wp\/v2\/comments?post=153471"}],"version-history":[{"count":0,"href":"https:\/\/www.europesays.com\/es\/wp-json\/wp\/v2\/posts\/153471\/revisions"}],"wp:featuredmedia":[{"embeddable":true,"href":"https:\/\/www.europesays.com\/es\/wp-json\/wp\/v2\/media\/153472"}],"wp:attachment":[{"href":"https:\/\/www.europesays.com\/es\/wp-json\/wp\/v2\/media?parent=153471"}],"wp:term":[{"taxonomy":"category","embeddable":true,"href":"https:\/\/www.europesays.com\/es\/wp-json\/wp\/v2\/categories?post=153471"},{"taxonomy":"post_tag","embeddable":true,"href":"https:\/\/www.europesays.com\/es\/wp-json\/wp\/v2\/tags?post=153471"}],"curies":[{"name":"wp","href":"https:\/\/api.w.org\/{rel}","templated":true}]}}