{"id":153473,"date":"2025-10-02T20:27:09","date_gmt":"2025-10-02T20:27:09","guid":{"rendered":"https:\/\/www.europesays.com\/es\/153473\/"},"modified":"2025-10-02T20:27:09","modified_gmt":"2025-10-02T20:27:09","slug":"el-significado-del-parche-en-el-rostro-de-lamine-yamal-la-ultima-moda-entre-los-influencers","status":"publish","type":"post","link":"https:\/\/www.europesays.com\/es\/153473\/","title":{"rendered":"El significado del parche en el rostro de Lamine Yamal, la \u00faltima moda entre los influencers"},"content":{"rendered":"<p class=\"\"><b>Lamine Yamal<\/b> es ya uno de los mejores jugadores del mundo, y qued\u00f3 demostrado en la gala del Bal\u00f3n de Oro, en la cual acab\u00f3 en segunda posici\u00f3n \u00fanicamente por detr\u00e1s de Ousmane Demb\u00e9l\u00e9.<\/p>\n<p class=\"\">Una joven perla de<b> 18 a\u00f1os<\/b> que sorprende tanto dentro como fuera de los terrenos de juego, y que ahora se ha hecho viral por llevar un parche en su rostro en forma de estrella de color dorado.<\/p>\n<p class=\"\"><b>Un parche con un significado muy claro, y que<\/b> <b>es antiacn\u00e9<\/b>, basado en el cuidado facial, y que han utilizado ya diferentes celebridades tales como <b>Justin Bieber y Hailey, Anne Hathaway, y tambi\u00e9n el creador de contenido Plex<\/b>, entre otros.<\/p>\n<p>\u00bfQu\u00e9 son los parches antiacn\u00e9?<\/p>\n<p class=\"\">A la pregunta de qu\u00e9 son estos parches antiacn\u00e9, se trata de unas<b> l\u00e1minas adhesivas que est\u00e1n dise\u00f1adas para tratar esos granos que aparecen en el rostro<\/b>, y con las que se crea una barra protectora con la que se reduce la inflamaci\u00f3n, se previenen infecciones y se acelera su cicatrizaci\u00f3n.<\/p>\n<p>Noticias relacionadas<a href=\"https:\/\/as.com\/tikitakas\/famosos\/la-ultima-del-padre-de-lamine-yamal-espero-que-hayais-aprendido-n\/\" class=\"s_m_w\" title=\"Mounir Nasraoui ha compartido un v\u00eddeo en Instagram en el que muestra sus habilidades culinarias preparando unas nuggets de pollo.\" data-tb-link=\"\" rel=\"nofollow noopener\" target=\"_blank\"><img decoding=\"async\" src=\"https:\/\/www.europesays.com\/es\/wp-content\/uploads\/2025\/10\/ZUR4QCXUKVYVPO7VJJSNQHG42M.jpg\" alt=\"La \u00faltima del padre de Lamine Yamal: \u201cEspero que hay\u00e1is aprendido\u201d\" class=\"\" height=\"1\" width=\"1\"   loading=\"lazy\" data-tb-thumbnail=\"\"\/><\/a><a href=\"https:\/\/as.com\/tikitakas\/famosos\/cena-de-navidad-con-la-madre-de-lamine-yamal-desde-150-euros-n\/\" class=\"s_m_w\" title=\"Sheila Ebana, madre del futbolista del FC Barcelona, organiza una fiesta navide\u00f1a de gala en Londres el pr\u00f3ximo 7 de noviembre.\" data-tb-link=\"\" rel=\"nofollow noopener\" target=\"_blank\"><img decoding=\"async\" src=\"https:\/\/www.europesays.com\/es\/wp-content\/uploads\/2025\/10\/LDCQJS2CW5GIDPOTHNWZZTJJBI.jpg\" alt=\"Cena de Navidad con la madre de Lamine Yamal desde 150 euros\" class=\"\" height=\"1\" width=\"1\"   loading=\"lazy\" data-tb-thumbnail=\"\"\/><\/a><\/p>\n<p class=\"\">Adem\u00e1s, estos adhesivos cuentan con <b>diferentes versiones, ya sean transparentes o de colores, o tambi\u00e9n con dise\u00f1os divertidos<\/b>, tales como la estrella que luce Lamine Yamal, de corazones, o de flores.<\/p>\n<p class=\"\"><b>\u00a1Tus opiniones importan!<\/b> Comenta en los art\u00edculos y suscr\u00edbete gratis a nuestra <a href=\"https:\/\/asfan.as.com\/newsletters\/\" target=\"_blank\" rel=\"nofollow noopener\" title=\"https:\/\/asfan.as.com\/newsletters\/\">newsletter<\/a> y a las alertas informativas en la <a href=\"https:\/\/as.com\/aplicacion-de-as-n\/\" target=\"_blank\" rel=\"nofollow noopener\" title=\"https:\/\/as.com\/aplicacion-de-as-n\/\">App<\/a> o el canal de <a href=\"https:\/\/www.whatsapp.com\/channel\/0029VaAasdA7j6g745nz9M10\" target=\"_blank\" rel=\"nofollow noopener\" title=\"https:\/\/www.whatsapp.com\/channel\/0029VaAasdA7j6g745nz9M10\">WhatsApp<\/a>. \u00bfBuscas licenciar contenido? Haz clic <a href=\"https:\/\/profesional.elpais.com\/soluciones-sindicacion?utm_medium=interno&amp;utm_source=crosslinking&amp;utm_campaign=sindicacion_as_pie_articulos\" target=\"_blank\" rel=\"nofollow noopener\" title=\"https:\/\/profesional.elpais.com\/soluciones-sindicacion?utm_medium=interno&amp;utm_source=crosslinking&amp;utm_campaign=sindicacion_as_pie_articulos\">aqu\u00ed<\/a><\/p>\n","protected":false},"excerpt":{"rendered":"Lamine Yamal es ya uno de los mejores jugadores del mundo, y qued\u00f3 demostrado en la gala del&hellip;\n","protected":false},"author":2,"featured_media":153474,"comment_status":"","ping_status":"","sticky":false,"template":"","format":"standard","meta":{"footnotes":""},"categories":[174],"tags":[255,146,147,25,24,256,23],"class_list":{"0":"post-153473","1":"post","2":"type-post","3":"status-publish","4":"format-standard","5":"has-post-thumbnail","7":"category-famosos","8":"tag-celebrities","9":"tag-entertainment","10":"tag-entretenimiento","11":"tag-es","12":"tag-espana","13":"tag-famosos","14":"tag-spain"},"share_on_mastodon":{"url":"","error":""},"_links":{"self":[{"href":"https:\/\/www.europesays.com\/es\/wp-json\/wp\/v2\/posts\/153473","targetHints":{"allow":["GET"]}}],"collection":[{"href":"https:\/\/www.europesays.com\/es\/wp-json\/wp\/v2\/posts"}],"about":[{"href":"https:\/\/www.europesays.com\/es\/wp-json\/wp\/v2\/types\/post"}],"author":[{"embeddable":true,"href":"https:\/\/www.europesays.com\/es\/wp-json\/wp\/v2\/users\/2"}],"replies":[{"embeddable":true,"href":"https:\/\/www.europesays.com\/es\/wp-json\/wp\/v2\/comments?post=153473"}],"version-history":[{"count":0,"href":"https:\/\/www.europesays.com\/es\/wp-json\/wp\/v2\/posts\/153473\/revisions"}],"wp:featuredmedia":[{"embeddable":true,"href":"https:\/\/www.europesays.com\/es\/wp-json\/wp\/v2\/media\/153474"}],"wp:attachment":[{"href":"https:\/\/www.europesays.com\/es\/wp-json\/wp\/v2\/media?parent=153473"}],"wp:term":[{"taxonomy":"category","embeddable":true,"href":"https:\/\/www.europesays.com\/es\/wp-json\/wp\/v2\/categories?post=153473"},{"taxonomy":"post_tag","embeddable":true,"href":"https:\/\/www.europesays.com\/es\/wp-json\/wp\/v2\/tags?post=153473"}],"curies":[{"name":"wp","href":"https:\/\/api.w.org\/{rel}","templated":true}]}}