{"id":153475,"date":"2025-10-02T20:28:10","date_gmt":"2025-10-02T20:28:10","guid":{"rendered":"https:\/\/www.europesays.com\/es\/153475\/"},"modified":"2025-10-02T20:28:10","modified_gmt":"2025-10-02T20:28:10","slug":"su-venta-se-estima-en-mas-de-50-millones","status":"publish","type":"post","link":"https:\/\/www.europesays.com\/es\/153475\/","title":{"rendered":"su venta se estima en m\u00e1s de 50 millones"},"content":{"rendered":"<p class=\"description\"><b>Oferta especial:<\/b> Suscr\u00edbete por solo 1\u20ac al mes a la revista Historia National Geographic. <b>-76% de descuento. \u00a1\u00daltimos d\u00edas!<\/b>.<\/p>\n<p class=\"description\"><b>\u00a1Novedad!<\/b> Consigue la nueva edici\u00f3n especial de Historia NG: Grandes Episodios de Grecia.<\/p>\n<p>Si Frida Kahlo lleg\u00f3 a convertirse en un mito no fue \u00fanicamente por <strong>esas fotograf\u00edas que le tom\u00f3 Nikolas Muray entre 1937 y 1946<\/strong>, gracias a las cuales su inconfundible rostro qued\u00f3 grabado en el imaginario colectivo, sino tambi\u00e9n (o m\u00e1s bien) <strong>por su poder para transmitir emociones mediante el pincel<\/strong>, la pintura y el lienzo: resulta imposible, en su caso, separar la obra del artista.\u00a0<\/p>\n<p>Precisamente en esos a\u00f1os, fue cuando pint\u00f3 El sue\u00f1o (1940), quiz\u00e1 una de sus piezas m\u00e1s personales: podr\u00edamos decir que <strong>observarlo nos conduce hasta los momentos m\u00e1s \u00edntimos de Kahlo<\/strong>, aquellos en los que alimentaba \u2014como de costumbre en sus pinturas\u2014 su v\u00ednculo con la muerte. Es posible que ella nunca imaginara que el cuadro hoy se subastar\u00eda en Nueva York, e<strong>sa urbe en la que vivi\u00f3 mientras Diego Rivera<\/strong> realizaba su fracasado mural del Rockefeller Center.\u00a0<\/p>\n<p>Ocurrir\u00e1 a principios de noviembre en la nueva sede de Sotheby&#8217;s, en el Upper East Side, y la colecci\u00f3n incluir\u00e1 asimismo piezas de Salvador Dal\u00ed, Ren\u00e9 Magritte y Max Ernst. Pero quiz\u00e1 <strong>el dato m\u00e1s llamativo de la noticia est\u00e9 relacionado con su precio de venta<\/strong>: los expertos estiman que la cifra superar\u00e1 el propio r\u00e9cord de la artista, ostentado por &#8216;Diego y yo&#8217;, que se compr\u00f3 por 34,9 millones de d\u00f3lares, y tambi\u00e9n<strong> el r\u00e9cord para una mujer artista<\/strong>.<\/p>\n<p>Por qu\u00e9 esta es su obra m\u00e1s personal<\/p>\n<p>Si Diego y yo\u00a0\u2014que, por el momento, sigue siendo<strong> la obra m\u00e1s cara del arte latinoamericano<\/strong>\u2014 nos mostraba la intensidad emocional y la turbulencia de la relaci\u00f3n entre Frida y Diego Rivera, El sue\u00f1o<strong>nos invita a reflexionar \u00edntimamente sobre la vida y la muerte<\/strong>: la pieza combina, por supuesto, simbolismo personal, pero tambi\u00e9n esos<strong> elementos de la cultura mexicana<\/strong> tan frecuentes en la trayectoria pict\u00f3rica de la artista.<\/p>\n<p class=\"relatedTitle\">Art\u00edculo recomendado<\/p>\n<p><a href=\"https:\/\/historia.nationalgeographic.com.es\/a\/rosalind-franklin-jane-goodall-otras-14-cientificas-que-cambiaron-mundo_16331\" class=\"rel\" rel=\"nofollow noopener\" target=\"_blank\">&#13;&#13;<img decoding=\"async\" src=\"https:\/\/www.europesays.com\/es\/wp-content\/uploads\/2025\/10\/jane-goodall_4374af49_251002074346_800x800.webp.webp\" alt=\"Jane Goodall\" class=\"imagenRelacionado lazyload\"\/>&#13;&#13;<\/p>\n<p class=\"title\">De Jane Goodall a Marie Curie: cient\u00edficas que marcaron la historia<\/p>\n<p class=\"readarticle\">Leer art\u00edculo<\/p>\n<p><\/a><\/p>\n<p>La cama, un elemento central en la vida de Frida debido a<strong> sus m\u00faltiples enfermedades y accidentes<\/strong>, se convierte aqu\u00ed en una representaci\u00f3n de los momentos m\u00e1s trascendentales de la existencia: nacimiento, enfermedad, creaci\u00f3n art\u00edstica y muerte. Luego, las <strong>enredaderas que trepan por su cuerpo representan la vida<\/strong>, mientras que los explosivos del esqueleto sugieren la amenaza constante de la muerte. Las nubes, por su parte, refuerzan la atm\u00f3sfera on\u00edrica.<\/p>\n<p>En conjunto, la obra no es un retrato morboso, sino <strong>una representaci\u00f3n po\u00e9tica<\/strong> y poderosa de la dualidad entre vida y muerte, tan presente en la cultura mexicana y en la biograf\u00eda de la artista. Como de costumbre, <strong>Frida transforma su dolor f\u00edsico y emocional en arte<\/strong>, y en El sue\u00f1o logra una s\u00edntesis visual de su experiencia vital, marcada por el sufrimiento, pero tambi\u00e9n por <strong>una profunda conexi\u00f3n con sus ra\u00edces<\/strong> y su identidad.<\/p>\n<p>El sue\u00f1o, a subasta<\/p>\n<p>El r\u00e9cord de precio en el \u00e1mbito de las mujeres artistas lo ostenta <strong>Georgia O&#8217;Keefe con su cuadro Jimson Weed\/White Flower No.1<\/strong>, que recaud\u00f3 44,4 millones de d\u00f3lares en el a\u00f1o 2014. Sin embargo, ahora, seg\u00fan los expertos, <strong>Frida Kahlo podr\u00eda arrebat\u00e1rselo<\/strong>: se estima que El sue\u00f1o se vender\u00e1 por <strong>entre 50 y 60 millones<\/strong>. Y si esto despierta tu curiosidad sobre cu\u00e1les son las obras de arte m\u00e1s caras del mundo, <a href=\"https:\/\/historia.nationalgeographic.com.es\/a\/cuanto-vale-arte-obras-mas-caras-y-historia-detras-ellas_19809\" target=\"_blank\" rel=\"nofollow noopener\">aqu\u00ed te lo respondemos<\/a>.<\/p>\n<p>Desde el siglo XX hasta la actualidad,<strong> los noviembres en Nueva York<\/strong> han estado marcados por la actividad en las grandes casas de subastas. El de 2025, eso s\u00ed, ser\u00e1 especial, porque la <strong>artista de artistas mexicana<\/strong>, fallecida en 1954 (pero recordada para siempre), podr\u00eda batir tres al mismo tiempo: <strong>el suyo, el femenino y el latinoamericano<\/strong>.<\/p>\n","protected":false},"excerpt":{"rendered":"Oferta especial: Suscr\u00edbete por solo 1\u20ac al mes a la revista Historia National Geographic. -76% de descuento. \u00a1\u00daltimos&hellip;\n","protected":false},"author":2,"featured_media":153476,"comment_status":"","ping_status":"","sticky":false,"template":"","format":"standard","meta":{"footnotes":""},"categories":[173],"tags":[229,233,231,230,119,232,234,146,147,25,24,1408,448,1407,1409,23,226],"class_list":{"0":"post-153475","1":"post","2":"type-post","3":"status-publish","4":"format-standard","5":"has-post-thumbnail","7":"category-arte-y-diseno","8":"tag-arte","9":"tag-arte-y-diseno","10":"tag-arts","11":"tag-arts-and-design","12":"tag-ciencia","13":"tag-design","14":"tag-diseno","15":"tag-entertainment","16":"tag-entretenimiento","17":"tag-es","18":"tag-espana","19":"tag-geographic","20":"tag-historia","21":"tag-national","22":"tag-naturaleza","23":"tag-spain","24":"tag-viajes"},"share_on_mastodon":{"url":"","error":""},"_links":{"self":[{"href":"https:\/\/www.europesays.com\/es\/wp-json\/wp\/v2\/posts\/153475","targetHints":{"allow":["GET"]}}],"collection":[{"href":"https:\/\/www.europesays.com\/es\/wp-json\/wp\/v2\/posts"}],"about":[{"href":"https:\/\/www.europesays.com\/es\/wp-json\/wp\/v2\/types\/post"}],"author":[{"embeddable":true,"href":"https:\/\/www.europesays.com\/es\/wp-json\/wp\/v2\/users\/2"}],"replies":[{"embeddable":true,"href":"https:\/\/www.europesays.com\/es\/wp-json\/wp\/v2\/comments?post=153475"}],"version-history":[{"count":0,"href":"https:\/\/www.europesays.com\/es\/wp-json\/wp\/v2\/posts\/153475\/revisions"}],"wp:featuredmedia":[{"embeddable":true,"href":"https:\/\/www.europesays.com\/es\/wp-json\/wp\/v2\/media\/153476"}],"wp:attachment":[{"href":"https:\/\/www.europesays.com\/es\/wp-json\/wp\/v2\/media?parent=153475"}],"wp:term":[{"taxonomy":"category","embeddable":true,"href":"https:\/\/www.europesays.com\/es\/wp-json\/wp\/v2\/categories?post=153475"},{"taxonomy":"post_tag","embeddable":true,"href":"https:\/\/www.europesays.com\/es\/wp-json\/wp\/v2\/tags?post=153475"}],"curies":[{"name":"wp","href":"https:\/\/api.w.org\/{rel}","templated":true}]}}