{"id":153477,"date":"2025-10-02T20:30:09","date_gmt":"2025-10-02T20:30:09","guid":{"rendered":"https:\/\/www.europesays.com\/es\/153477\/"},"modified":"2025-10-02T20:30:09","modified_gmt":"2025-10-02T20:30:09","slug":"el-colapso-madrileno-que-recuerda-a-springfield","status":"publish","type":"post","link":"https:\/\/www.europesays.com\/es\/153477\/","title":{"rendered":"el colapso madrile\u00f1o que recuerda a Springfield"},"content":{"rendered":"<p>Si algo nos han ense\u00f1ado Los Simpson a lo largo de m\u00e1s de tres d\u00e9cadas en antena es que, tarde o temprano, <a href=\"https:\/\/www.huffingtonpost.es\/entry\/las-escenas-de-los-simpson-que-se-han-vuelto-virales-tras-el-asalto-al-capitolio_es_5ff6f342c5b6ef6b1583ea6c.html\" rel=\"nofollow noopener\" target=\"_blank\">acaban prediciendo cualquier cosa.<\/a> Y esta vez, el vaticinio ha coincidido con<b> <a href=\"https:\/\/www.huffingtonpost.es\/virales\/cuenta-tarda-trabajar-madrid-dice-comparacion.html\" rel=\"nofollow noopener\" target=\"_blank\">el colapso que se est\u00e1 viviendo en Madrid<\/a> en el \u00e1mbito del transporte desde la vuelta del verano.<\/b><\/p>\n<p><b>\u00abLos Simpson tambi\u00e9n predijeron el Madrid de Almeida\u2026\u00bb<\/b>, ha manifestado\u00a0el concejal socialista del Ayuntamiento de Madrid, Ignacio Benito, a trav\u00e9s de su cuenta de la red social X, anteriormente conocida como Twitter.<\/p>\n<p>Justo despu\u00e9s, el concejal ha adjuntado una imagen de un cap\u00edtulo de la m\u00edtica serie\u00a0animaci\u00f3n Los Simpson en la que la ciudad en la que viven los personajes, <b>Springfield, aparece colapsada por coches en todas direcciones<\/b>, en un atasco monumental que no deja ning\u00fan hueco libre en la carretera.<\/p>\n<p>Con este divertido tuit, el concejal socialista del Ayuntamiento de Madrid ha incendiado las red social al c<b>omparar el desesperante tr\u00e1fico de la capital madrile\u00f1a con esta escena de la serie.<\/b><\/p>\n<p>La publicaci\u00f3n, que es una cr\u00edtica directa en tono humor\u00edstico a la gesti\u00f3n del PP de la Comunidad de Madrid, ha superado ya las <b>35.000 visualizaciones y los m\u00e1s de 2.000 &#8216;me gustas&#8217;.<\/b><\/p>\n<p>Asimismo, el tuit de Benito se suma a una serie de quejas y bromas que han inundado las redes en los \u00faltimos d\u00edas sobre la movilidad en Madrid, <b>marcada por atascos constantes y los pol\u00e9micos colapsos en el transporte p\u00fablico.\u00a0<\/b><\/p>\n<p>La comparaci\u00f3n con Los Simpson no solo aporta el toque de humor, sino que refuerza la percepci\u00f3n de que <b>el caos circulatorio es ya parte del paisaje cotidiano de la ciudad,<\/b> <a href=\"https:\/\/www.huffingtonpost.es\/entry\/diaz-ayuso-atascos_es_5cc04253e4b01b6b3efab6a6.html\" rel=\"nofollow noopener\" target=\"_blank\">como bien dec\u00eda en su d\u00eda<\/a> la presidenta de la Comunidad de Madrid, Isabel D\u00edaz Ayuso.<\/p>\n<p>Adem\u00e1s, se ha comprobado que las referencias a la que fue serie de culto durante mucho tiempo funcionan todav\u00eda como espejo cultural:<b> todos reconocen la escena y todos entienden la iron\u00eda.<\/b>\u00a0Al final, lo que en Los Simpson era solo un chiste animado, en la capital espa\u00f1ola <b>se ha convertido en la normalidad menos deseada.<\/b><\/p>\n","protected":false},"excerpt":{"rendered":"Si algo nos han ense\u00f1ado Los Simpson a lo largo de m\u00e1s de tres d\u00e9cadas en antena es&hellip;\n","protected":false},"author":2,"featured_media":153478,"comment_status":"","ping_status":"","sticky":false,"template":"","format":"standard","meta":{"footnotes":""},"categories":[171],"tags":[10905,1467,146,147,25,24,24705,36440,23,589,5535,214,6052],"class_list":{"0":"post-153477","1":"post","2":"type-post","3":"status-publish","4":"format-standard","5":"has-post-thumbnail","7":"category-tv","8":"tag-atascos","9":"tag-comunidad-de-madrid","10":"tag-entertainment","11":"tag-entretenimiento","12":"tag-es","13":"tag-espana","14":"tag-humor","15":"tag-los-simpson","16":"tag-spain","17":"tag-trafico","18":"tag-transporte","19":"tag-tv","20":"tag-twitter"},"share_on_mastodon":{"url":"","error":""},"_links":{"self":[{"href":"https:\/\/www.europesays.com\/es\/wp-json\/wp\/v2\/posts\/153477","targetHints":{"allow":["GET"]}}],"collection":[{"href":"https:\/\/www.europesays.com\/es\/wp-json\/wp\/v2\/posts"}],"about":[{"href":"https:\/\/www.europesays.com\/es\/wp-json\/wp\/v2\/types\/post"}],"author":[{"embeddable":true,"href":"https:\/\/www.europesays.com\/es\/wp-json\/wp\/v2\/users\/2"}],"replies":[{"embeddable":true,"href":"https:\/\/www.europesays.com\/es\/wp-json\/wp\/v2\/comments?post=153477"}],"version-history":[{"count":0,"href":"https:\/\/www.europesays.com\/es\/wp-json\/wp\/v2\/posts\/153477\/revisions"}],"wp:featuredmedia":[{"embeddable":true,"href":"https:\/\/www.europesays.com\/es\/wp-json\/wp\/v2\/media\/153478"}],"wp:attachment":[{"href":"https:\/\/www.europesays.com\/es\/wp-json\/wp\/v2\/media?parent=153477"}],"wp:term":[{"taxonomy":"category","embeddable":true,"href":"https:\/\/www.europesays.com\/es\/wp-json\/wp\/v2\/categories?post=153477"},{"taxonomy":"post_tag","embeddable":true,"href":"https:\/\/www.europesays.com\/es\/wp-json\/wp\/v2\/tags?post=153477"}],"curies":[{"name":"wp","href":"https:\/\/api.w.org\/{rel}","templated":true}]}}