{"id":153483,"date":"2025-10-02T20:33:08","date_gmt":"2025-10-02T20:33:08","guid":{"rendered":"https:\/\/www.europesays.com\/es\/153483\/"},"modified":"2025-10-02T20:33:08","modified_gmt":"2025-10-02T20:33:08","slug":"de-la-fuente-pendiente-de-las-lesiones-ante-georgia-y-bulgaria","status":"publish","type":"post","link":"https:\/\/www.europesays.com\/es\/153483\/","title":{"rendered":"De la Fuente, pendiente de las lesiones ante Georgia y Bulgaria"},"content":{"rendered":"<p>Luis de la Fuente dar\u00e1 una nueva <strong>convocatoria <\/strong>este viernes para los partidos ante <strong>Georgia y Bulgaria<\/strong> que Espa\u00f1a disputar\u00e1 los <strong>d\u00edas 11 y 14 de octubre<\/strong>. Ya sabemos que el seleccionador conf\u00eda en un <strong>bloque fijo, de confianza<\/strong>, y que los nombres nuevos en una lista de la selecci\u00f3n llegan a cuentagotas, aunque de manera constante. Las lesiones de jugadores como <strong>Carvajal, Ferm\u00edn o Gavi<\/strong> y la duda de <strong>Nico Williams<\/strong> e, incluso, de <strong>Rodri <\/strong>hacen que el tren de &#8216;La Roja&#8217; pueda pasar por paradas nuevas. <\/p>\n<p>As\u00ed vimos la entrada de <strong>Jorge de Frutos<\/strong> (Rayo Vallecano) -por el lesionado <strong>Yeremi Pino<\/strong>-, o <strong>Jes\u00fas Rodr\u00edguez<\/strong> (Como) en la anterior convocatoria, con minutos sobre el c\u00e9sped ante Bulgaria y Turqu\u00eda. Podr\u00edan repetir. Las novedades podr\u00edan verse en un centro del campo que reclama <strong>Pablo Barrios<\/strong> (Atl\u00e9tico de Madrid), tras un gran arranque de temporada en lo individual, y nombres como <strong>\u00c9ric Garc\u00eda<\/strong> (FC Barcelona) o <strong>Marcos Llorente<\/strong> (Atl\u00e9tico de Madrid) se ofrecen como comodines para ocupar varias posiciones. <\/p>\n<p>Una de ellas, la del <strong>lateral que deja vac\u00edo Dani Carvajal<\/strong>. De la Fuente le ha legado la posici\u00f3n a <strong>Pedro Porro<\/strong> (Tottenham), que ha heredado la posici\u00f3n siempre que el madridista ha estado ausente. Un lugar donde tambi\u00e9n aparece la alternativa -a pierna cambiada- de un <strong>\u00c1lvaro Carreras<\/strong> (Real Madrid) que tambi\u00e9n puede hacerlo por la izquierda, donde ya se ha recuperado <strong>Alejandro Balde<\/strong> (FC Barcelona). Aunque el barcelonista no juega con Espa\u00f1a desde 2023. <\/p>\n<p><strong>Nico Williams es la gran cuesti\u00f3n<\/strong>. El extremo encara la recta final de su recuperaci\u00f3n y es duda para la lista del seleccionador, que podr\u00eda dejarle en tierra para que finalice el proceso. Williams es uno de esos jugadores intocables para De la Fuente, que tendr\u00e1 que buscar soluciones desde el bloque fijo, recolocando a <strong>Ferran Torres<\/strong> (FC Barcelona), apostando por <strong>Jes\u00fas Rodr\u00edguez<\/strong> o volviendo a llamar a <strong>Bryan Zaragoza<\/strong> (Celta)<\/p>\n<p>Un bloque duro en tensi\u00f3n por la rodilla de Rodri<\/p>\n<p>M\u00e1s all\u00e1 de las c\u00e1balas, el bloque duro que Luis de la Fuente ya se sabe de memoria. La <strong>lesi\u00f3n de Joan Garc\u00eda<\/strong> no alterar\u00e1 nuevamente el eje de porteros Unai Sim\u00f3n-David Raya-\u00c1lex Remiro. En defensa, Pedro Porro asumir\u00eda el lateral derecho con las rotaciones en los centrales entre Le Normand, Dean Huijsen, Vivian, Cubars\u00ed; Cucurella y Grimaldo, al lateral izquierdo.<\/p>\n<p>Pedri volver\u00e1 a comandar el centro del campo donde <strong>Zubimendi <\/strong>podr\u00eda sustituir a Rodri, como en los dos \u00faltimos partido, si los <strong>problemas del jugador del Manchester City con su rodilla persisten<\/strong> (no jug\u00f3 el \u00faltimo partido con el Burnley y jug\u00f3 60 minutos ante el M\u00f3naco en Champions). A los costados, las opciones de Fabi\u00e1n o Mikel Merino.<\/p>\n<p>\u00bfQu\u00e9 pasar\u00e1 con Lamine Yamal y Nico Williams?<\/p>\n<p>En la punta de ataque <strong>Lamine Yamal <\/strong>jug\u00f3 el partido completo ante el PSG pero acab\u00f3 con claros s\u00edntomas de cansancio. Habr\u00e1 que ver si vyuelve tras el revuelo de su supuesta lesi\u00f3n con &#8216;La Roja&#8217; en el anterior par\u00f3n, cuando a su regreso a Barcelona no pudo jugar con su club hasta el tramo final del partido del pasado domingo contra la Real.<\/p>\n<p>En la banda izquierda la duda radica en la lesi\u00f3n de<strong> Nico Williams<\/strong>, baja desde el partido de la selecci\u00f3n en Turqu\u00eda aunque a punto de terminar su recuperaci\u00f3n.<\/p>\n<p>El gran estado de Espa\u00f1a, <strong>l\u00edder del Grupo E con pleno de victorias<\/strong>, podr\u00eda darle a Luis de la Fuente la opci\u00f3n de apostar por alternativas ante una Bulgaria que no conoce la victoria y contra la Georgia que perdi\u00f3 ante Turqu\u00eda y que marcha segunda con tres puntos menos que Espa\u00f1a. A\u00fan le faltar\u00eda una \u00faltima convocatoria en el tercer par\u00f3n que vendr\u00eda en noviembre para cerrar la clasificaci\u00f3n, otra vez ante Georgia y Turqu\u00eda. <\/p>\n","protected":false},"excerpt":{"rendered":"Luis de la Fuente dar\u00e1 una nueva convocatoria este viernes para los partidos ante Georgia y Bulgaria que&hellip;\n","protected":false},"author":2,"featured_media":153484,"comment_status":"","ping_status":"","sticky":false,"template":"","format":"standard","meta":{"footnotes":""},"categories":[93],"tags":[168,25,24,23,167],"class_list":{"0":"post-153483","1":"post","2":"type-post","3":"status-publish","4":"format-standard","5":"has-post-thumbnail","7":"category-deportes","8":"tag-deportes","9":"tag-es","10":"tag-espana","11":"tag-spain","12":"tag-sports"},"share_on_mastodon":{"url":"","error":""},"_links":{"self":[{"href":"https:\/\/www.europesays.com\/es\/wp-json\/wp\/v2\/posts\/153483","targetHints":{"allow":["GET"]}}],"collection":[{"href":"https:\/\/www.europesays.com\/es\/wp-json\/wp\/v2\/posts"}],"about":[{"href":"https:\/\/www.europesays.com\/es\/wp-json\/wp\/v2\/types\/post"}],"author":[{"embeddable":true,"href":"https:\/\/www.europesays.com\/es\/wp-json\/wp\/v2\/users\/2"}],"replies":[{"embeddable":true,"href":"https:\/\/www.europesays.com\/es\/wp-json\/wp\/v2\/comments?post=153483"}],"version-history":[{"count":0,"href":"https:\/\/www.europesays.com\/es\/wp-json\/wp\/v2\/posts\/153483\/revisions"}],"wp:featuredmedia":[{"embeddable":true,"href":"https:\/\/www.europesays.com\/es\/wp-json\/wp\/v2\/media\/153484"}],"wp:attachment":[{"href":"https:\/\/www.europesays.com\/es\/wp-json\/wp\/v2\/media?parent=153483"}],"wp:term":[{"taxonomy":"category","embeddable":true,"href":"https:\/\/www.europesays.com\/es\/wp-json\/wp\/v2\/categories?post=153483"},{"taxonomy":"post_tag","embeddable":true,"href":"https:\/\/www.europesays.com\/es\/wp-json\/wp\/v2\/tags?post=153483"}],"curies":[{"name":"wp","href":"https:\/\/api.w.org\/{rel}","templated":true}]}}