{"id":153493,"date":"2025-10-02T20:38:09","date_gmt":"2025-10-02T20:38:09","guid":{"rendered":"https:\/\/www.europesays.com\/es\/153493\/"},"modified":"2025-10-02T20:38:09","modified_gmt":"2025-10-02T20:38:09","slug":"netanyahu-elogia-a-la-armada-por-interceptar-la-flotilla-con-destino-a-gaza","status":"publish","type":"post","link":"https:\/\/www.europesays.com\/es\/153493\/","title":{"rendered":"Netanyahu elogia a la Armada por interceptar la flotilla con destino a Gaza"},"content":{"rendered":"<p>    <img src=\"https:\/\/www.europesays.com\/es\/wp-content\/uploads\/2025\/10\/2025-10-02T193A453A22Z-90106428.jpg\" width=\"1024\" height=\"682\" alt=\"\" loading=\"eager\" decoding=\"sync\" fetchpriority=\"high\"\/><\/p>\n<p>            afp_tickers        <\/p>\n<p>        Este contenido fue publicado en    <\/p>\n<p>        02 octubre 2025 &#8211; 21:45\n<\/p>\n<p>El primer ministro israel\u00ed, Benjamin Netanyahu, elogi\u00f3 este jueves a sus fuerzas navales por interceptar una flotilla de ayuda dirigida a Gaza y las autoridades del pa\u00eds anunciaron que deportar\u00e1n a Europa a cientos de los activistas propalestinos que iban a bordo.<\/p>\n<p>La flotilla Global Sumud, que significa \u00abresiliencia\u00bb en \u00e1rabe, parti\u00f3 de Barcelona a finales de agosto con unos 45 nav\u00edos y centenares de activistas de m\u00e1s de 45 pa\u00edses, varios de ellos latinoamericanos.<\/p>\n<p>La Marina israel\u00ed comenz\u00f3 el mi\u00e9rcoles a interceptar los barcos tras advertirles que no entraran en aguas que, seg\u00fan Israel, est\u00e1n bajo su bloqueo naval a Gaza.<\/p>\n<p>\u00abFelicito a los soldados y comandantes de la Armada que llevaron a cabo su misi\u00f3n en Yom Kippur de la manera m\u00e1s profesional y eficiente\u00bb, declar\u00f3 Netanyahu en un comunicado.<\/p>\n<p>\u00abSu importante acci\u00f3n impidi\u00f3 que decenas de embarcaciones entraran en la zona de guerra y repeli\u00f3 una campa\u00f1a de deslegitimaci\u00f3n contra Israel\u00bb, a\u00f1adi\u00f3.<\/p>\n<p>Un representante israel\u00ed inform\u00f3 que m\u00e1s de 400 activistas a bordo de los barcos hab\u00edan sido detenidos y trasladados al puerto de Ashdod, en el sur de Israel.<\/p>\n<p>\u00abDurante una operaci\u00f3n que dur\u00f3 unas 12 horas, el personal de la Marina israel\u00ed frustr\u00f3 un intento de incursi\u00f3n a gran escala por parte de cientos de personas a bordo de 41 nav\u00edos, que hab\u00edan declarado su intenci\u00f3n de violar el bloqueo mar\u00edtimo legal en la Franja de Gaza\u00bb, dijo.<\/p>\n<p>El objetivo de la flotilla, seg\u00fan sus organizadores, era \u00ababrir un corredor humanitario y poner fin al genocidio en curso del pueblo palestino\u00bb en Gaza donde, seg\u00fan la ONU, la poblaci\u00f3n sufre una hambruna.<\/p>\n<p>El estrecho territorio, adem\u00e1s, est\u00e1 devastado por la implacable ofensiva de Israel, lanzada en represalia por el ataque del movimiento islamista palestino Ham\u00e1s del 7 de octubre de 2023.<\/p>\n<p>\u00abTodos los pasajeros gozan de buena salud. No se ejerci\u00f3 ning\u00fan tipo de violencia\u00bb, declar\u00f3 el canciller griego, Giorgos Gerapetritis, seg\u00fan la cadena estatal ERT.<\/p>\n<p>Los organizadores griegos de la flotilla anunciaron que 11 de sus conciudadanos est\u00e1n en huelga de hambre en protesta por su \u00abdetenci\u00f3n ilegal por las autoridades israel\u00edes\u00bb.<\/p>\n<p>Israel anunci\u00f3 que los activistas, entre los que se encuentran la sueca Greta Thunberg o la exalcaldesa de Barcelona Ada Colau, ser\u00e1n deportados a Europa, pero no especific\u00f3 a qu\u00e9 pa\u00edses.\u00a0<\/p>\n<p>\u2013 Reclamos en Espa\u00f1a y Latinoam\u00e9rica \u2013<\/p>\n<p>Los organizadores de Global Sumud denunciaron las intercepciones como \u00abun ataque ilegal\u00bb ocurrido en aguas internacionales.<\/p>\n<p>La noticia de la interceptaci\u00f3n gener\u00f3 preocupaci\u00f3n internacional, sobre todo en los pa\u00edses de origen de los activistas.<\/p>\n<p>Turqu\u00eda calific\u00f3 la operaci\u00f3n de \u00abacto de terrorismo\u00bb y anunci\u00f3 la apertura el jueves de una investigaci\u00f3n por el arresto de 24 turcos entre los pasajeros de la flotilla.<\/p>\n<p>El presidente de Colombia, Gustavo Petro, expuls\u00f3 el mi\u00e9rcoles a la delegaci\u00f3n diplom\u00e1tica de Israel en Bogot\u00e1 tras denunciar la detenci\u00f3n de dos conciudadanas y exigir su liberaci\u00f3n.<\/p>\n<p>En M\u00e9xico, la presidenta Claudia Sheinbaum pidi\u00f3 la repatriaci\u00f3n \u00abinmediata\u00bb de los seis mexicanos que iban en la flotilla y subray\u00f3 que no cometieron \u00abning\u00fan delito\u00bb.<\/p>\n<p>Brasil conden\u00f3 tambi\u00e9n la interceptaci\u00f3n israel\u00ed de la flotilla, en la que viajaban 15 de sus ciudadanos, entre ellas la diputada Luizianne Lins.<\/p>\n<p>\u00abPasa a ser responsabilidad de Israel la seguridad de las personas detenidas\u00bb, dijo el gobierno del presidente Luiz In\u00e1cio Lula da Silva.<\/p>\n<p>Espa\u00f1a, con unos 65 participantes, convoc\u00f3 a su vez a la encargada de negocios de Israel en Madrid y la fiscal\u00eda abri\u00f3 una investigaci\u00f3n sobre la interceptaci\u00f3n, examinando posibles violaciones de los derechos humanos que podr\u00edan constituir cr\u00edmenes contra la humanidad.<\/p>\n<p>En tanto, el movimiento islamista Ham\u00e1s conden\u00f3 el acto como un \u00abcrimen de pirater\u00eda\u00bb y lo calific\u00f3 de \u00abterrorismo mar\u00edtimo\u00bb.<\/p>\n<p>Tras su partida de Espa\u00f1a, la flotilla hizo una escala de 10 d\u00edas en la costa de T\u00fanez, donde los organizadores reportaron dos ataques con drones.<\/p>\n<p>Tambi\u00e9n denunciaron que dos de sus barcos fueron sometidos a \u00abmaniobras de hostigamiento\u00bb por parte de Israel.<\/p>\n<p>Tras los ataques de drones, Italia y Espa\u00f1a desplegaron buques militares para escoltar la flotilla, en la que tambi\u00e9n particip\u00f3 el nieto de Nelson Mandela, Mandla Mandela.<\/p>\n<p>Pero el mi\u00e9rcoles, el gobierno espa\u00f1ol les pidi\u00f3 no ingresar en la zona de exclusi\u00f3n declarada por Israel, que se extiende a 150 millas n\u00e1uticas de Gaza, y advirti\u00f3 que su fragata no lo har\u00eda, como tampoco hizo el buque italiano.<\/p>\n<p>Israel bloque\u00f3 campa\u00f1as similares con flotillas en junio y julio.<\/p>\n<p>burs-fka-jd\/ser\/mas\/pb-sag\/mb\/jvb<\/p>\n","protected":false},"excerpt":{"rendered":"afp_tickers Este contenido fue publicado en 02 octubre 2025 &#8211; 21:45 El primer ministro israel\u00ed, Benjamin Netanyahu, elogi\u00f3&hellip;\n","protected":false},"author":2,"featured_media":153494,"comment_status":"","ping_status":"","sticky":false,"template":"","format":"standard","meta":{"footnotes":""},"categories":[42],"tags":[635,11642,17,18,636,11643,83,13,14,4437,11,61,62,63,86,64,19,20,9,10,15,16,12089,88,12090,90,12,21,22,65,66,67],"class_list":{"0":"post-153493","1":"post","2":"type-post","3":"status-publish","4":"format-standard","5":"has-post-thumbnail","7":"category-internacional","8":"tag-armed-conflict","9":"tag-armed-forces","10":"tag-breaking-news","11":"tag-breakingnews","12":"tag-conflict","13":"tag-defence","14":"tag-diplomacy","15":"tag-featured-news","16":"tag-featurednews","17":"tag-government","18":"tag-headlines","19":"tag-internacional","20":"tag-international","21":"tag-international-news","22":"tag-international-relations","23":"tag-internationalnews","24":"tag-latest-news","25":"tag-latestnews","26":"tag-news","27":"tag-noticias","28":"tag-noticias-destacadas","29":"tag-noticiasdestacadas","30":"tag-parties-and-movements","31":"tag-politics","32":"tag-politics-general","33":"tag-ticker","34":"tag-titulares","35":"tag-ultimas-noticias","36":"tag-ultimasnoticias","37":"tag-world","38":"tag-world-news","39":"tag-worldnews"},"share_on_mastodon":{"url":"","error":""},"_links":{"self":[{"href":"https:\/\/www.europesays.com\/es\/wp-json\/wp\/v2\/posts\/153493","targetHints":{"allow":["GET"]}}],"collection":[{"href":"https:\/\/www.europesays.com\/es\/wp-json\/wp\/v2\/posts"}],"about":[{"href":"https:\/\/www.europesays.com\/es\/wp-json\/wp\/v2\/types\/post"}],"author":[{"embeddable":true,"href":"https:\/\/www.europesays.com\/es\/wp-json\/wp\/v2\/users\/2"}],"replies":[{"embeddable":true,"href":"https:\/\/www.europesays.com\/es\/wp-json\/wp\/v2\/comments?post=153493"}],"version-history":[{"count":0,"href":"https:\/\/www.europesays.com\/es\/wp-json\/wp\/v2\/posts\/153493\/revisions"}],"wp:featuredmedia":[{"embeddable":true,"href":"https:\/\/www.europesays.com\/es\/wp-json\/wp\/v2\/media\/153494"}],"wp:attachment":[{"href":"https:\/\/www.europesays.com\/es\/wp-json\/wp\/v2\/media?parent=153493"}],"wp:term":[{"taxonomy":"category","embeddable":true,"href":"https:\/\/www.europesays.com\/es\/wp-json\/wp\/v2\/categories?post=153493"},{"taxonomy":"post_tag","embeddable":true,"href":"https:\/\/www.europesays.com\/es\/wp-json\/wp\/v2\/tags?post=153493"}],"curies":[{"name":"wp","href":"https:\/\/api.w.org\/{rel}","templated":true}]}}