{"id":153495,"date":"2025-10-02T20:39:09","date_gmt":"2025-10-02T20:39:09","guid":{"rendered":"https:\/\/www.europesays.com\/es\/153495\/"},"modified":"2025-10-02T20:39:09","modified_gmt":"2025-10-02T20:39:09","slug":"ultima-hora-del-conflicto-en-oriente-proximo-en-directo-decenas-de-miles-de-personas-se-manifiestan-en-barcelona-y-madrid-en-apoyo-a-la-flotilla-y-contra-el-gobierno-de-netanyahu-internacional","status":"publish","type":"post","link":"https:\/\/www.europesays.com\/es\/153495\/","title":{"rendered":"\u00daltima hora del conflicto en Oriente Pr\u00f3ximo, en directo | Decenas de miles de personas se manifiestan en Barcelona y Madrid en apoyo a la flotilla y contra el Gobierno de Netanyahu | Internacional"},"content":{"rendered":"<p class=\"ev-title\">Ciudades de toda Espa\u00f1a protestan por la interceptaci\u00f3n de la flotilla de Gaza y contra la ofensiva israel\u00ed<\/p>\n<p>Las manifestaciones en apoyo a la flotilla de Gaza, interceptada este mi\u00e9rcoles por Israel, y contra la ofensiva israel\u00ed en la Franja ha llenado calles de ciudades de toda Espa\u00f1a con\u00a0banderas palestina y proclamas pidiendo una Palestina libre. En Logro\u00f1o, la protesta se ha acompa\u00f1ado de una cacerolada y, adem\u00e1s, de pancartas en apoyo al pueblo palestino, luc\u00eda un cartel que dec\u00eda \u201cEsta Europa nos averg\u00fcenza\u201d. Antes de la concentraci\u00f3n, que ha empezado a las 19.30 en la plaza del Mercado, el refugiado palestino\u00a0Fares Khader ha actuado como portavoz de la protesta y\u00a0ha afirmado: \u201cExigimos al Gobierno que act\u00fae, proteja a la flotilla, as\u00ed como es momento de reclamar, una vez m\u00e1s, que cese el genocidio, y atajar la hambruna\u201d.<\/p>\n<p>En Valencia, arrancaba a las 19.00 una marcha que part\u00eda del Ayuntamiento y que ped\u00eda en m\u00faltiples pancartas: \u201cJusticia para Palestina\u201d, \u201cStop holocausto alimentario en Gaza\u201d, \u201cNo dej\u00e9is que el mundo mire a otro lado\u201d, \u201cM\u00e1s de 19.954 ni\u00f1as y ni\u00f1os asesinados\u201d, entre otros lemas. Durante la lectura de los manifiestos por parte de las organizaciones convocantes como Global Sumud Flotilla, Global Movement Gaza, BDSPV y Voces por Palestina, se ha reivindicado: \u201cLa interceptaci\u00f3n de la flotilla es un ataque directo contra la sociedad civil internacional, contra la humanidad entera, porque lo que se buscaba era lo m\u00e1s b\u00e1sico. Abrir los pasos humanitarios\u201d y han exigido al Gobierno que \u201cact\u00fae de manera inmediata contundente y sin ambig\u00fcedades&#8217; y &#8216;utilice todos los mecanismos diplom\u00e1ticos y legales para proteger a las personas secuestradas por Israel\u201d.<\/p>\n<p>Tambi\u00e9n en Palma los manifestantes han pedido al Gobierno\u00a0de Espa\u00f1a que \u201cpor dignidad\u201d\u00a0rompa todo tipo de relaciones con Israel, \u201csea cual sea el coste y los intereses a perjudicar\u201d. Unas 1.000 personas, entre ellas\u00a0miembros del PSIB, de M\u00c9S per Palma y Unidas Podemos,\u00a0se han concentrado frente al Ayuntamiento para exigir el \u201cfin del genocidio y la liberaci\u00f3n de la flotilla tras el secuestro\u201d. En la misma l\u00ednea se expresaban en Bilbao, donde desde las siete de la tarde, los manifestantes han clamado por el fin del \u201cgenocidio\u201d en Gaza y han denunciado \u201cel secuestro ilegal\u201d de la flotilla, adem\u00e1s de cargar contra la UE: \u201cIsrael asesina y Europa patrocina\u201d. (Agencias)<\/p>\n","protected":false},"excerpt":{"rendered":"Ciudades de toda Espa\u00f1a protestan por la interceptaci\u00f3n de la flotilla de Gaza y contra la ofensiva israel\u00ed&hellip;\n","protected":false},"author":2,"featured_media":153496,"comment_status":"","ping_status":"","sticky":false,"template":"","format":"standard","meta":{"footnotes":""},"categories":[8],"tags":[17,18,68,70,71,72,25,24,13,14,73,69,75,11,74,19,20,9,10,15,16,77,76,23,12,21,22],"class_list":{"0":"post-153495","1":"post","2":"type-post","3":"status-publish","4":"format-standard","5":"has-post-thumbnail","7":"category-espana","8":"tag-breaking-news","9":"tag-breakingnews","10":"tag-conflicto-arabe-israeli","11":"tag-conflictos","12":"tag-conflictos-armados","13":"tag-conflictos-internacionales","14":"tag-es","15":"tag-espana","16":"tag-featured-news","17":"tag-featurednews","18":"tag-franja-gaza","19":"tag-guerra","20":"tag-hamas","21":"tag-headlines","22":"tag-israel","23":"tag-latest-news","24":"tag-latestnews","25":"tag-news","26":"tag-noticias","27":"tag-noticias-destacadas","28":"tag-noticiasdestacadas","29":"tag-oriente-proximo","30":"tag-palestina","31":"tag-spain","32":"tag-titulares","33":"tag-ultimas-noticias","34":"tag-ultimasnoticias"},"share_on_mastodon":{"url":"","error":""},"_links":{"self":[{"href":"https:\/\/www.europesays.com\/es\/wp-json\/wp\/v2\/posts\/153495","targetHints":{"allow":["GET"]}}],"collection":[{"href":"https:\/\/www.europesays.com\/es\/wp-json\/wp\/v2\/posts"}],"about":[{"href":"https:\/\/www.europesays.com\/es\/wp-json\/wp\/v2\/types\/post"}],"author":[{"embeddable":true,"href":"https:\/\/www.europesays.com\/es\/wp-json\/wp\/v2\/users\/2"}],"replies":[{"embeddable":true,"href":"https:\/\/www.europesays.com\/es\/wp-json\/wp\/v2\/comments?post=153495"}],"version-history":[{"count":0,"href":"https:\/\/www.europesays.com\/es\/wp-json\/wp\/v2\/posts\/153495\/revisions"}],"wp:featuredmedia":[{"embeddable":true,"href":"https:\/\/www.europesays.com\/es\/wp-json\/wp\/v2\/media\/153496"}],"wp:attachment":[{"href":"https:\/\/www.europesays.com\/es\/wp-json\/wp\/v2\/media?parent=153495"}],"wp:term":[{"taxonomy":"category","embeddable":true,"href":"https:\/\/www.europesays.com\/es\/wp-json\/wp\/v2\/categories?post=153495"},{"taxonomy":"post_tag","embeddable":true,"href":"https:\/\/www.europesays.com\/es\/wp-json\/wp\/v2\/tags?post=153495"}],"curies":[{"name":"wp","href":"https:\/\/api.w.org\/{rel}","templated":true}]}}