{"id":153499,"date":"2025-10-02T20:42:18","date_gmt":"2025-10-02T20:42:18","guid":{"rendered":"https:\/\/www.europesays.com\/es\/153499\/"},"modified":"2025-10-02T20:42:18","modified_gmt":"2025-10-02T20:42:18","slug":"el-ateneo-taurino-manchego-celebra-su-xxv-aniversario-con-cien-anos-de-toreo-a-la-veronica","status":"publish","type":"post","link":"https:\/\/www.europesays.com\/es\/153499\/","title":{"rendered":"El Ateneo Taurino Manchego celebra su XXV aniversario \u201ccon cien a\u00f1os de toreo a la ver\u00f3nica\u201d"},"content":{"rendered":"<dl class=\"article-info\">\n<dt class=\"article-info-term\"\/>\n<dd class=\"published\">\n\t\t\t\t\t Publicado: 02 Octubre 2025\t\t\t\t<\/dd>\n<\/dl>\n<p>\t\t\t<a class=\"modal thumbnail\" href=\"https:\/\/www.europesays.com\/es\/wp-content\/uploads\/2025\/10\/Exposici\u00f3n5_1.jpg\"><img decoding=\"async\" src=\"https:\/\/www.europesays.com\/es\/wp-content\/uploads\/2025\/10\/Exposici\u00f3n5_1.jpg\" alt=\"\"\/><\/a><\/p>\n<p>El Museo L\u00f3pez Villase\u00f1or acoge la muestra \u201cDe Jos\u00e9 a Juan. Un siglo de toreo a la ver\u00f3nica\u201d con la que el pintor almagre\u00f1o \u00c1lvaro Ramos ha inmortalizado las ver\u00f3nicas de 23 destacados toreros de los \u00faltimos cien a\u00f1os.<\/p>\n<p>El Ateneo Taurino Manchego celebra su XXV aniversario con la exposici\u00f3n del artista almagre\u00f1o \u00c1lvaro Ramos, \u201cDe Jos\u00e9 a Juan. Un siglo de toreo a la ver\u00f3nica\u201d, en el Museo L\u00f3pez Villase\u00f1or. El alcalde de Ciudad Real, Francisco Ca\u00f1izares, ha acompa\u00f1ado al presidente del Ateneo, Antonio Espadas, en un momento muy especial en la historia del colectivo taurino ciudadreale\u00f1o. A la inauguraci\u00f3n han asistido tambi\u00e9n el concejal de Cultura, Pedro Lozano, la concejal de Festejos, Mar S\u00e1nchez, y otros miembros de la corporaci\u00f3n municipal.<\/p>\n<p>El primer edil ha subrayado el doble motivo de celebraci\u00f3n que supone el hecho de que una asociaci\u00f3n llegue a cumplir 25 a\u00f1os de vida y que lo haga con la exposici\u00f3n de un \u201cartista que es ya un aut\u00e9ntico referente en el arte taurino\u201d. Ca\u00f1izares asegura que la pintura de \u00c1lvaro Ramos \u201cha sabido plasmar la esencia del momento m\u00e1gico que se produce en una ver\u00f3nica\u201d y ha invitado a los aficionados de Ciudad Real a que visiten la exposici\u00f3n que permanecer\u00e1 abierta en el museo municipal hasta el 31 de octubre.<\/p>\n<p>Con \u201cDe Jos\u00e9 a Juan. Un siglo de toreo a la ver\u00f3nica\u201d el pintor (que est\u00e1 muy ligado al Ateneo) ha querido hacer un recorrido por \u201cuno de los lances fundamentales del toreo de capa\u201d, plasmando el sello particular que cada uno de los toreros reflejados en la exposici\u00f3n le ha dado a la ver\u00f3nica, \u201cdesde Joselito el Gallo hasta Juan Ortega\u201d. \u00c1lvaro Ramos se ha mostrado muy agradecido al Ateneo y al Ayuntamiento de Ciudad Real por poder exponer en la capital, \u201calgo que para m\u00ed es tan importante como estar en Madrid o Sevilla\u201d.<\/p>\n<p>Por su parte, el presidente del Ateneo, Antonio Espadas, ha se\u00f1alado que la exposici\u00f3n \u201ces un aut\u00e9ntico regalo que nos hace \u00c1lvaro al Ateneo para celebrar los 25 a\u00f1os de vida\u201d. Una muestra que est\u00e1 convencido va a gustar mucho a todos los aficionados de la capital.<\/p>\n<p>La exposici\u00f3n de \u00c1lvaro Ramos ya ha recorrido numerosos puntos del pa\u00eds desde su estreno en la sala Antonio Bienvenida de la plaza de toros de Las Ventas y tiene previsto cerrar su itinerario en Sevilla, en el marco de la Feria de Abril de 2026.<\/p>\n","protected":false},"excerpt":{"rendered":"Publicado: 02 Octubre 2025 El Museo L\u00f3pez Villase\u00f1or acoge la muestra \u201cDe Jos\u00e9 a Juan. Un siglo de&hellip;\n","protected":false},"author":2,"featured_media":153500,"comment_status":"","ping_status":"","sticky":false,"template":"","format":"standard","meta":{"footnotes":""},"categories":[277],"tags":[4071,1250,373,777,1940,168,5509,25,24,10,5510,23,167,374,5067,4664],"class_list":{"0":"post-153499","1":"post","2":"type-post","3":"status-publish","4":"format-standard","5":"has-post-thumbnail","7":"category-toreo","8":"tag-agenda","9":"tag-ayuntamiento","10":"tag-bullfighting","11":"tag-ciudad","12":"tag-ciudad-real","13":"tag-deportes","14":"tag-empleo","15":"tag-es","16":"tag-espana","17":"tag-noticias","18":"tag-promocion-economica","19":"tag-spain","20":"tag-sports","21":"tag-toreo","22":"tag-tramites","23":"tag-turismo"},"share_on_mastodon":{"url":"","error":""},"_links":{"self":[{"href":"https:\/\/www.europesays.com\/es\/wp-json\/wp\/v2\/posts\/153499","targetHints":{"allow":["GET"]}}],"collection":[{"href":"https:\/\/www.europesays.com\/es\/wp-json\/wp\/v2\/posts"}],"about":[{"href":"https:\/\/www.europesays.com\/es\/wp-json\/wp\/v2\/types\/post"}],"author":[{"embeddable":true,"href":"https:\/\/www.europesays.com\/es\/wp-json\/wp\/v2\/users\/2"}],"replies":[{"embeddable":true,"href":"https:\/\/www.europesays.com\/es\/wp-json\/wp\/v2\/comments?post=153499"}],"version-history":[{"count":0,"href":"https:\/\/www.europesays.com\/es\/wp-json\/wp\/v2\/posts\/153499\/revisions"}],"wp:featuredmedia":[{"embeddable":true,"href":"https:\/\/www.europesays.com\/es\/wp-json\/wp\/v2\/media\/153500"}],"wp:attachment":[{"href":"https:\/\/www.europesays.com\/es\/wp-json\/wp\/v2\/media?parent=153499"}],"wp:term":[{"taxonomy":"category","embeddable":true,"href":"https:\/\/www.europesays.com\/es\/wp-json\/wp\/v2\/categories?post=153499"},{"taxonomy":"post_tag","embeddable":true,"href":"https:\/\/www.europesays.com\/es\/wp-json\/wp\/v2\/tags?post=153499"}],"curies":[{"name":"wp","href":"https:\/\/api.w.org\/{rel}","templated":true}]}}