{"id":153503,"date":"2025-10-02T20:46:08","date_gmt":"2025-10-02T20:46:08","guid":{"rendered":"https:\/\/www.europesays.com\/es\/153503\/"},"modified":"2025-10-02T20:46:08","modified_gmt":"2025-10-02T20:46:08","slug":"ocho-victorias-en-las-ultimas-nueve-carreras","status":"publish","type":"post","link":"https:\/\/www.europesays.com\/es\/153503\/","title":{"rendered":"ocho victorias en las \u00faltimas nueve carreras"},"content":{"rendered":"<p data-mrf-recirculation=\"Links P\u00e1rrafos\" class=\"ue-c-article__paragraph paragraph ue-c-article--first-letter-highlighted\">La temporada de ciclismo est\u00e1 a punto de terminar, pero <strong>nunca es tarde para que surjan nuevas estrellas<\/strong>. Y Francia est\u00e1 descubriendo a <strong>un nuevo espr\u00ednter<\/strong> que est\u00e1 en el mejor momento de su carrera. El jovenc\u00edsimo <strong>Paul Magnier<\/strong>, que ha cumplido 21 a\u00f1os este 2025, ha vivido un septiembre (e inicio de octubre) fant\u00e1stico: <strong>nueve d\u00edas se ha subido a la bicicleta&#8230; y en ocho de ellos ha ganado.\u00a0<\/strong><\/p>\n<p data-mrf-recirculation=\"Links P\u00e1rrafos\" class=\"ue-c-article__paragraph paragraph\">Su \u00e9xito no es una sorpresa para los aficionados franceses que le han seguido en sus a\u00f1os de crecimiento. <strong>Ya fue cuarto en la prueba en ruta en la categor\u00eda j\u00fanior del Mundial de 2022<\/strong>, d\u00e9cimo en el campeonato nacional sub-23 de su pa\u00eds en 2023 o tercero de Europa de su categor\u00eda ese mismo a\u00f1o. En 2024, <strong>gan\u00f3 el maillot de los puntos en el Giro Next Gen<\/strong> y tres etapas del Tour de Gran Breta\u00f1a. Pero su explosi\u00f3n ha llegado en 2025.\u00a0<\/p>\n<p data-mrf-recirculation=\"Links P\u00e1rrafos\" class=\"ue-c-article__paragraph paragraph\">Desde comienzos de a\u00f1o, <strong>Magnier iba brillando en cl\u00e1sicas de un d\u00eda y etapas al esprint<\/strong>. Su estado de forma ha ido mejorando progresivamente, hasta llegar al rendimiento antol\u00f3gico de la \u00faltima quincena. Es cierto que, <strong>por la coincidencia en el calendario con el Mundial de Kigali y el Europeo de Drome-Ard\u00e8che<\/strong>, son muchos los ciclistas que no est\u00e1n presentes en las carreras de este tramo del curso, pero aun as\u00ed tiene m\u00e9rito: s\u00f3lo no ha ganado una competici\u00f3n de las \u00faltimas nueve que ha disputado.\u00a0<\/p>\n<p data-mrf-recirculation=\"Links P\u00e1rrafos\" class=\"ue-c-article__paragraph paragraph\">Sus \u00e9xitos han llegado entre <strong>el GP de Fourmies, el Tour de Eslovaquia y la CRO Race<\/strong>. El primero, en su Francia natal, es una cl\u00e1sica &#8216;picada&#8217;, parecida a las de primavera, que se disputa cerca de la frontera con B\u00e9lgica. <strong>Se impuso en el esprint masivo frente a ciclistas de la talla de Dylan Groenewegen o Soren Waerenskjold<\/strong>, mucho m\u00e1s experimentados que \u00e9l.\u00a0<\/p>\n<p data-mrf-recirculation=\"Links P\u00e1rrafos\" class=\"ue-c-article__paragraph paragraph\"><strong>En Eslovaquia encontr\u00f3 las mejores piernas de su vida<\/strong>. Gan\u00f3 etapas de todos los colores: la primera y la segunda, de media monta\u00f1a, resueltas al esprint; la tercera, con 2.856 metros de desnivel positivo acumulado; y la cuarta, completamente llana. <strong>S\u00f3lo se le resisti\u00f3 la quinta y \u00faltima jornada<\/strong>, en la que lleg\u00f3 a la meta a 12 minutos y 41 segundos del primer clasificado, acusando el cansancio de los d\u00edas anteriores.\u00a0<\/p>\n<p data-mrf-recirculation=\"Links P\u00e1rrafos\" class=\"ue-c-article__paragraph paragraph\"><strong>El trabajo del Soudal Quick-Step fue fundamental<\/strong>\u00a0en varios de esos d\u00edas para neutralizar las fugas y asegurar que su velocista llegar\u00eda en la mejor de las posiciones posibles para el esprint final. <strong>S\u00f3lo tres ciclistas en la historia del equipo hab\u00edan ganado tres etapas consecutivas<\/strong> en una carrera: <strong>Tom Boonen, Mark Cavendish y Fernando Gaviria<\/strong>. Con sus cuatro triunfos, Magnier mantuvo el maillot amarillo de la carrera hasta que lo perdi\u00f3 el \u00faltimo d\u00eda, pero nadie le pudo quitar el verde de la clasificaci\u00f3n de los puntos.\u00a0<\/p>\n<p data-mrf-recirculation=\"Links P\u00e1rrafos\" class=\"ue-c-article__paragraph paragraph\">Y <strong>su racha ganadora se prolong\u00f3 poco m\u00e1s de una semana m\u00e1s tarde en la CRO Race<\/strong>, en Croacia, que se disputa entre el 30 de septiembre y el 5 de octubre. Con un inicio de carrera ideal para los velocistas y <strong>un Soudal Quick-Step entregado a la causa, el franc\u00e9s ha seguido ganando<\/strong>. Dries van Gestel, que cumpl\u00eda a\u00f1os, le hizo el lanzamiento en la primera etapa; el viento, que oblig\u00f3 a recortar la segunda, le facilit\u00f3 todav\u00eda m\u00e1s la victoria; y Josef Cerny le protegi\u00f3 y llev\u00f3 en volandas en la etapa de este jueves, en la que <strong>Magnier certificaba su octava victoria en sus \u00faltimas nueve carreras.<\/strong><\/p>\n<p data-mrf-recirculation=\"Links P\u00e1rrafos\" class=\"ue-c-article__paragraph paragraph\">\u00abHoy ha estado cerca, pero <strong>estoy contento de haber tenido un punto extra para asegurar la victoria<\/strong>\u00ab, dec\u00eda el franc\u00e9s despu\u00e9s de haberse jugado un ajustado esprint contra Ben Turner. \u00abQuiero dar las gracias a Josef Cerny y a Antoine Huby, porque<strong> han controlado la etapa y me han hecho la vida m\u00e1s f\u00e1cil.<\/strong> Es otro \u00e9xito que no habr\u00eda sido posible sin la ayuda de todo el equipo, porque han controlado todos los ataques que se han dado en el descenso y <strong>me han vuelto a poner en una posici\u00f3n perfecta para el esprint<\/strong>\u00ab, agradec\u00eda.\u00a0<\/p>\n<p data-mrf-recirculation=\"Links P\u00e1rrafos\" class=\"ue-c-article__paragraph paragraph\">Magnier ya es definido por su equipo como <strong>\u00abel ciclista franc\u00e9s m\u00e1s exitoso del pelot\u00f3n\u00bb.<\/strong> Acumula 13 victorias en 2025, nueve de las cuales se concentran en este \u00faltimo tramo de la temporada, y todav\u00eda espera tener oportunidad de seguir sumando triunfos antes de que la CRO Race termine el domingo. Junto a hombres como <strong>Romain Gr\u00e9goire<\/strong> (22 a\u00f1os, ganador del Tour de Gran Breta\u00f1a), <strong>Paul Seixas<\/strong> (19, ganador del Tour del Porvenir), <strong>L\u00e9o Bisiaux<\/strong> (20, una etapa en la Vuelta a Burgos) o <strong>Valentin Paret-Peintre<\/strong> (24, ganador de etapa en Giro y Tour), el futuro del ciclismo franc\u00e9s parece tener mucho m\u00e1s brillo que su pasado reciente.\u00a0<\/p>\n","protected":false},"excerpt":{"rendered":"La temporada de ciclismo est\u00e1 a punto de terminar, pero nunca es tarde para que surjan nuevas estrellas.&hellip;\n","protected":false},"author":2,"featured_media":153504,"comment_status":"","ping_status":"","sticky":false,"template":"","format":"standard","meta":{"footnotes":""},"categories":[273],"tags":[313,312,168,25,24,23,167],"class_list":{"0":"post-153503","1":"post","2":"type-post","3":"status-publish","4":"format-standard","5":"has-post-thumbnail","7":"category-ciclismo","8":"tag-ciclismo","9":"tag-cycling","10":"tag-deportes","11":"tag-es","12":"tag-espana","13":"tag-spain","14":"tag-sports"},"share_on_mastodon":{"url":"","error":""},"_links":{"self":[{"href":"https:\/\/www.europesays.com\/es\/wp-json\/wp\/v2\/posts\/153503","targetHints":{"allow":["GET"]}}],"collection":[{"href":"https:\/\/www.europesays.com\/es\/wp-json\/wp\/v2\/posts"}],"about":[{"href":"https:\/\/www.europesays.com\/es\/wp-json\/wp\/v2\/types\/post"}],"author":[{"embeddable":true,"href":"https:\/\/www.europesays.com\/es\/wp-json\/wp\/v2\/users\/2"}],"replies":[{"embeddable":true,"href":"https:\/\/www.europesays.com\/es\/wp-json\/wp\/v2\/comments?post=153503"}],"version-history":[{"count":0,"href":"https:\/\/www.europesays.com\/es\/wp-json\/wp\/v2\/posts\/153503\/revisions"}],"wp:featuredmedia":[{"embeddable":true,"href":"https:\/\/www.europesays.com\/es\/wp-json\/wp\/v2\/media\/153504"}],"wp:attachment":[{"href":"https:\/\/www.europesays.com\/es\/wp-json\/wp\/v2\/media?parent=153503"}],"wp:term":[{"taxonomy":"category","embeddable":true,"href":"https:\/\/www.europesays.com\/es\/wp-json\/wp\/v2\/categories?post=153503"},{"taxonomy":"post_tag","embeddable":true,"href":"https:\/\/www.europesays.com\/es\/wp-json\/wp\/v2\/tags?post=153503"}],"curies":[{"name":"wp","href":"https:\/\/api.w.org\/{rel}","templated":true}]}}