{"id":153505,"date":"2025-10-02T20:47:20","date_gmt":"2025-10-02T20:47:20","guid":{"rendered":"https:\/\/www.europesays.com\/es\/153505\/"},"modified":"2025-10-02T20:47:20","modified_gmt":"2025-10-02T20:47:20","slug":"los-pilotos-de-f1-estan-celosos-de-la-victoria-de-verstappen-en-nurburgring","status":"publish","type":"post","link":"https:\/\/www.europesays.com\/es\/153505\/","title":{"rendered":"Los pilotos de F1 est\u00e1n \u00abcelosos\u00bb de la victoria de Verstappen en Nurburgring"},"content":{"rendered":"<p><a href=\"https:\/\/lat.motorsport.com\/driver\/george-russell\/468543\/\" target=\"_blank\" rel=\"noopener nofollow\">George Russell<\/a> considera que todos los pilotos de F\u00f3rmula 1 est\u00e1n \u00abbastante celosos\u00bb de <a href=\"https:\/\/lat.motorsport.com\/driver\/max-verstappen\/465982\/\" target=\"_blank\" rel=\"noopener nofollow\">Max Verstappen<\/a> y de sus logros fuera del campeonato.<\/p>\n<p>El cuatro veces campe\u00f3n mundial de F1 gan\u00f3 en su debut en GT3 el pasado fin de semana, tras disputar una carrera de cuatro horas en el Nordschleife, dentro de la Nurburgring Endurance Series.<\/p>\n<p>Todo esto forma parte del deseo de Verstappen de probar otras disciplinas del automovilismo, ya que se sabe desde hace tiempo que el gran piloto de F1 siente pasi\u00f3n por las carreras de resistencia, e incluso posee un equipo en el GT World Challenge.<\/p>\n<p>Esto ha llevado a que se le pregunte a otros pilotos de F1 si esperan seguir su ejemplo, y Russell es uno de ellos, aunque reconoce que a Verstappen le resulta m\u00e1s f\u00e1cil debido a su larga lista de \u00e9xitos.<\/p>\n<p>\u00abEs incre\u00edble, para ser honesto\u00bb, dijo Russell, quien ha ganado cuatro grandes premios.<\/p>\n<p>\u00abCreo que todos estamos bastante celosos de eso, porque tener la libertad de, primero, hacer lo que amas en la F\u00f3rmula 1, pero luego tambi\u00e9n poder salir y competir en otras cosas y simplemente disfrutarlo a tu manera\u2026 No creo que sea tan sencillo para otros hacerlo, pero t\u00fa tienes ese derecho cuando ganas cuatro campeonatos del mundo, y nosotros estamos aqu\u00ed luchando por ganar nuestro primero\u00bb.<\/p>\n<p>   <img decoding=\"async\" draggable=\"false\" src=\"https:\/\/www.europesays.com\/es\/wp-content\/uploads\/2025\/10\/31-emil-frey-racing-ferrari-29.jpg\" alt=\"#31 Emil Frey Racing, Ferrari 296 GT3: Max Verstappen, Chris Lulham\" width=\"1200\" height=\"800\" loading=\"lazy\"\/> <\/p>\n<p class=\"title\">#31 Emil Frey Racing, Ferrari 296 GT3: Max Verstappen, Chris Lulham<\/p>\n<p class=\"photographer\">Photo by: Ferrari<\/p>\n<p>\u00abTal vez despu\u00e9s de tener cuatro campeonatos, podremos elegir hacer lo mismo. Pero no, lo respeto mucho y definitivamente me encantar\u00eda hacerlo alg\u00fan d\u00eda. Es genial\u00bb.<\/p>\n<p>La aventura de Verstappen en carreras de resistencia puede verse como algo refrescante, dado que recuerda a los primeros d\u00edas en los que los pilotos compet\u00edan en todas las categor\u00edas, en lugar de especializarse como la mayor\u00eda de los corredores de F1 hoy en d\u00eda.<\/p>\n<p>Al ser preguntado si esto suma a su legado, <a href=\"https:\/\/lat.motorsport.com\/driver\/lando-norris\/468557\/\" target=\"_blank\" rel=\"noopener nofollow\">Lando Norris<\/a>, de McLaren, respondi\u00f3: \u00abNo s\u00e9 cu\u00e1nto suma a su grandeza o no, pero el hecho de que pueda entrar en cualquier categor\u00eda y probablemente ser el mejor demuestra lo bueno que es y lo grande que es\u00bb.<\/p>\n<p>\u00abLo he dicho muchas veces, creo que naci\u00f3 para ser y siempre ser\u00e1 uno de los mejores de todos los tiempos, y si no el mejor en F\u00f3rmula 1\u00bb.<\/p>\n<p>\u00abAs\u00ed que creo que para cualquiera que tenga la oportunidad de enfrentarse a \u00e9l y ganarle, las posibilidades son bastante escasas a veces. Pero no, est\u00e1 bien. Lo respeto. Creo que es algo grandioso. Si pudiera hacerlo m\u00e1s, tal vez lo har\u00eda\u00bb.<\/p>\n<p><a href=\"https:\/\/whatsapp.com\/channel\/0029VaDzozo5vKA8ia8T0i1G\" target=\"_blank\" rel=\"noopener nofollow\">    <img decoding=\"async\" draggable=\"false\" src=\"https:\/\/www.europesays.com\/es\/wp-content\/uploads\/2025\/10\/promo-whatsapp.jpg\" alt=\"\" width=\"1200\" height=\"800\" loading=\"lazy\"\/>  <\/a><br \/>\nM\u00e1s de la F\u00f3rmula 1:<\/p>\n<p>            Queremos tu opini\u00f3n<\/p>\n<p class=\"mt-auto\">\u00bfQu\u00e9 le gustar\u00eda ver en Motorsport.com?<\/p>\n<p>            <a href=\"#\" class=\"ms-link text-link font-bold\">Responda a nuestra encuesta de 5 minutos.<\/a><\/p>\n<p class=\"mt-1 font-info text-body\">&#8211; El equipo de Motorsport.com<\/p>\n","protected":false},"excerpt":{"rendered":"George Russell considera que todos los pilotos de F\u00f3rmula 1 est\u00e1n \u00abbastante celosos\u00bb de Max Verstappen y de&hellip;\n","protected":false},"author":2,"featured_media":153506,"comment_status":"","ping_status":"","sticky":false,"template":"","format":"standard","meta":{"footnotes":""},"categories":[270],"tags":[168,25,24,306,271,272,1230,465,44837,46254,44838,2099,23,167],"class_list":{"0":"post-153505","1":"post","2":"type-post","3":"status-publish","4":"format-standard","5":"has-post-thumbnail","7":"category-formula-1","8":"tag-deportes","9":"tag-es","10":"tag-espana","11":"tag-f1","12":"tag-formula-1","13":"tag-formula1","14":"tag-fu00f3rmula-1","15":"tag-george-russell","16":"tag-gp-de-singapur","17":"tag-los-pilotos-de-f1-estu00e1n-celosos-de-la-victoria-de-verstappen-en-nurburgring","18":"tag-marina-bay-street-circuit","19":"tag-max-verstappen","20":"tag-spain","21":"tag-sports"},"share_on_mastodon":{"url":"","error":""},"_links":{"self":[{"href":"https:\/\/www.europesays.com\/es\/wp-json\/wp\/v2\/posts\/153505","targetHints":{"allow":["GET"]}}],"collection":[{"href":"https:\/\/www.europesays.com\/es\/wp-json\/wp\/v2\/posts"}],"about":[{"href":"https:\/\/www.europesays.com\/es\/wp-json\/wp\/v2\/types\/post"}],"author":[{"embeddable":true,"href":"https:\/\/www.europesays.com\/es\/wp-json\/wp\/v2\/users\/2"}],"replies":[{"embeddable":true,"href":"https:\/\/www.europesays.com\/es\/wp-json\/wp\/v2\/comments?post=153505"}],"version-history":[{"count":0,"href":"https:\/\/www.europesays.com\/es\/wp-json\/wp\/v2\/posts\/153505\/revisions"}],"wp:featuredmedia":[{"embeddable":true,"href":"https:\/\/www.europesays.com\/es\/wp-json\/wp\/v2\/media\/153506"}],"wp:attachment":[{"href":"https:\/\/www.europesays.com\/es\/wp-json\/wp\/v2\/media?parent=153505"}],"wp:term":[{"taxonomy":"category","embeddable":true,"href":"https:\/\/www.europesays.com\/es\/wp-json\/wp\/v2\/categories?post=153505"},{"taxonomy":"post_tag","embeddable":true,"href":"https:\/\/www.europesays.com\/es\/wp-json\/wp\/v2\/tags?post=153505"}],"curies":[{"name":"wp","href":"https:\/\/api.w.org\/{rel}","templated":true}]}}