{"id":153507,"date":"2025-10-02T20:48:09","date_gmt":"2025-10-02T20:48:09","guid":{"rendered":"https:\/\/www.europesays.com\/es\/153507\/"},"modified":"2025-10-02T20:48:09","modified_gmt":"2025-10-02T20:48:09","slug":"real-madrid-olympiacos-de-baloncesto-en-directo","status":"publish","type":"post","link":"https:\/\/www.europesays.com\/es\/153507\/","title":{"rendered":"Real Madrid &#8211; Olympiacos de baloncesto en directo"},"content":{"rendered":"<p> \u00daltima hora y resultado del partido del Real Madrid de baloncesto hoy contra Olympiacos de la Euroliga<\/p>\n<p class=\"ue-c-article__paragraph \">Hola, muy buenas tardes y bienvenidos a la <strong>Euroliga<\/strong>. Segunda jornada que llega con una semana cargada de partidos para los 20 equipos de la competici\u00f3n. Martes y mi\u00e9rcoles ya se disput\u00f3 la jornada de estreno de todos y hoy arranca la segunda etapa con tres partidos, entre ellos, este apasionante <strong>Real Madrid &#8211; Olympiacos<\/strong>. Qui\u00e9n sabe si mucho m\u00e1s adelante, llegados los <strong>Playoffs<\/strong> (como el a\u00f1o pasado) o la propia <strong>Final Four de Atenas<\/strong>, los dos equipos no vuelven a cruzarse con mucho m\u00e1s que hoy en juego. De momento, el calendario les ha emparejado muy pronto y servir\u00e1 para medir d\u00f3nde est\u00e1 cada uno.<\/p>\n<p class=\"ue-c-article__paragraph \">Ninguno de los dos equipos convenci\u00f3 en la primera jornada. Mucho menos el <strong>Madrid<\/strong> que cay\u00f3 ante la <strong>Virtus <\/strong>en un campo en el que los grandes deber\u00edan ganar. El <strong>Madrid<\/strong>, entre la derrota en <strong>Bolonia <\/strong>y en <strong>M\u00e1laga <\/strong>en la final la Supercopa ante el <strong>Valencia<\/strong>, no termina de arrancar. Muchas caras nuevas, pretemporada llena de obst\u00e1culos, nuevo entrenador, nueva directiva&#8230; las piezas tardar\u00e1n en encajar. Una victoria ante los rojiblancos de El Pireo ayudar\u00eda a acelerar el proceso. No estar\u00e1 <strong>Maledon <\/strong>por lesi\u00f3n, el resto, disponibles para <strong>Scariolo<\/strong>.<\/p>\n<p class=\"ue-c-article__paragraph \">El <strong>Olympiacos <\/strong>tampoco estuvo muy fino en Vitoria ante un buen <strong>Baskonia<\/strong>. Pareci\u00f3 dominar el partido, pero estuvo a punto de perder al final. Es verdad que llegaron al Buesa con cuatro bajas muy importantes, <strong>Keenan Evans, Moustapha Fall, Shaquielle McKissic y Frank Ntilikina.<\/strong> El franc\u00e9s viaj\u00f3 pero no est\u00e1 claro que pueda jugar ante el Madrid.<\/p>\n<p class=\"ue-c-article__paragraph \">El partido es de alta tensi\u00f3n por mucho que sea tan s\u00f3lo la segunda jornada de la Liga regular. Es pronto, pero acumular derrotas no es aconsejable porque luego es complicado reengancharse. Los blancos ya tienen una en su casillero y buscan un triunfo que les empiece e meter en el camino correcto. Para los de Bartzokas, ganar en Madrid tambi\u00e9n supondr\u00eda un triunfo de prestigio. El choque arranca a las <strong>20.45<\/strong> y te lo vamos a contar en <strong>Marca.com<\/strong>.<\/p>\n","protected":false},"excerpt":{"rendered":"\u00daltima hora y resultado del partido del Real Madrid de baloncesto hoy contra Olympiacos de la Euroliga Hola,&hellip;\n","protected":false},"author":2,"featured_media":153508,"comment_status":"","ping_status":"","sticky":false,"template":"","format":"standard","meta":{"footnotes":""},"categories":[269],"tags":[299,298,168,25,24,833,30149,10765,23,167],"class_list":{"0":"post-153507","1":"post","2":"type-post","3":"status-publish","4":"format-standard","5":"has-post-thumbnail","7":"category-baloncesto","8":"tag-baloncesto","9":"tag-basketball","10":"tag-deportes","11":"tag-es","12":"tag-espana","13":"tag-euroliga","14":"tag-olympiacos-bc","15":"tag-real-madrid-baloncesto","16":"tag-spain","17":"tag-sports"},"share_on_mastodon":{"url":"","error":""},"_links":{"self":[{"href":"https:\/\/www.europesays.com\/es\/wp-json\/wp\/v2\/posts\/153507","targetHints":{"allow":["GET"]}}],"collection":[{"href":"https:\/\/www.europesays.com\/es\/wp-json\/wp\/v2\/posts"}],"about":[{"href":"https:\/\/www.europesays.com\/es\/wp-json\/wp\/v2\/types\/post"}],"author":[{"embeddable":true,"href":"https:\/\/www.europesays.com\/es\/wp-json\/wp\/v2\/users\/2"}],"replies":[{"embeddable":true,"href":"https:\/\/www.europesays.com\/es\/wp-json\/wp\/v2\/comments?post=153507"}],"version-history":[{"count":0,"href":"https:\/\/www.europesays.com\/es\/wp-json\/wp\/v2\/posts\/153507\/revisions"}],"wp:featuredmedia":[{"embeddable":true,"href":"https:\/\/www.europesays.com\/es\/wp-json\/wp\/v2\/media\/153508"}],"wp:attachment":[{"href":"https:\/\/www.europesays.com\/es\/wp-json\/wp\/v2\/media?parent=153507"}],"wp:term":[{"taxonomy":"category","embeddable":true,"href":"https:\/\/www.europesays.com\/es\/wp-json\/wp\/v2\/categories?post=153507"},{"taxonomy":"post_tag","embeddable":true,"href":"https:\/\/www.europesays.com\/es\/wp-json\/wp\/v2\/tags?post=153507"}],"curies":[{"name":"wp","href":"https:\/\/api.w.org\/{rel}","templated":true}]}}