{"id":153509,"date":"2025-10-02T20:49:08","date_gmt":"2025-10-02T20:49:08","guid":{"rendered":"https:\/\/www.europesays.com\/es\/153509\/"},"modified":"2025-10-02T20:49:08","modified_gmt":"2025-10-02T20:49:08","slug":"la-fifa-se-desmarca-del-veto-a-israel-no-podemos-resolver-problemas-geopoliticos","status":"publish","type":"post","link":"https:\/\/www.europesays.com\/es\/153509\/","title":{"rendered":"La FIFA se desmarca del veto a Israel: \u00abNo podemos resolver problemas geopol\u00edticos\u00bb"},"content":{"rendered":"<p class=\"ft-text\">Hace una semana <strong>el diario ingl\u00e9s &#8216;The Times&#8217; adelantaba que los miembros del Comit\u00e9 Ejecutivo de la UEFA se mostraban a favor de vetar a Israel de las competiciones europeas como protesta por la actuaci\u00f3n del pa\u00eds israel\u00ed en la franja de Gaza.<\/strong> Y apuntaba que el veto se podr\u00eda concretar esta semana tras una consulta con los miembros de UEFA y FIFA, entre los que cada vez se suman m\u00e1s pa\u00edses a la petici\u00f3n de una sanci\u00f3n a los israel\u00edes. El d\u00eda se\u00f1alado para concretar esa decisi\u00f3n era este jueves, en el que FIFA y UEFA han celebrado una reuni\u00f3n en la que se ha hablado del asunto, aunque no estaba especificado como punto en el orden del d\u00eda.<\/p>\n<p>Infantino: \u00abNo estamos para resolver problemas geopol\u00edticos\u00bb<\/p>\n<p class=\"ft-text\">El presidente de la FIFA, el suizo Gianni Infantino, ha confirmado que la instituci\u00f3n que preside no llevar\u00e1 adelante el veto, adem\u00e1s de reconocer que se ha mantenido una conversaci\u00f3n sobre este tema con los presidentes de las confederaciones en la reuni\u00f3n del Consejo este jueves en Z\u00farich (Suiza). \u00ab<strong>En la FIFA, nos comprometemos a utilizar el poder del f\u00fatbol para unir a las personas en un mundo dividido. <\/strong>Nuestros pensamientos est\u00e1n con quienes sufren en los numerosos conflictos que existen hoy en d\u00eda en todo el mundo, y el mensaje m\u00e1s importante que el f\u00fatbol puede transmitir en este momento es el de la paz y la unidad. <strong>La FIFA no puede resolver los problemas geopol\u00edticos, pero puede y debe promover el f\u00fatbol en todo el mundo <\/strong>aprovechando sus valores unificadores, educativos, culturales y humanitarios\u00bb.<\/p>\n<p class=\"ft-text\">Por tanto, <strong>el Consejo de la FIFA no ha adoptado ninguna decisi\u00f3n contra la Federaci\u00f3n de Israel en la primera reuni\u00f3n despu\u00e9s de que la Federaci\u00f3n Palestina y el grupo de expertos de la ONU, entre ellos la relatora para Palestina, Francesca Albanese, le pidieran la suspensi\u00f3n<\/strong> de la selecci\u00f3n de aquel pa\u00eds de las competiciones internacionales \u00abcomo respuesta al genocidio en curso en el territorio palestino ocupado\u00bb. La FIFA insiste en guardar distancias respecto a la pol\u00e9mica participaci\u00f3n de equipos israel\u00edes en sus competiciones. Ajena a las presiones de diversas federaciones para la expulsi\u00f3n a equipos de este pa\u00eds por el genocidio que est\u00e1 llevando a cabo su gobierno en Gaza, siguiendo la misma l\u00ednea tomada con Rusia cuando inici\u00f3 su invasi\u00f3n en Ucrania, la organizaci\u00f3n se ha mantenido cauta durante el FIFA Council celebrado este jueves en Z\u00farich. Su presidente, Gianni Infantino, s\u00ed ha reservado parte de su discurso a abordar la controversia relativa al conflicto \u00e1rabe-israel\u00ed, aunque sin mencionarlo expresamente.<\/p>\n<p class=\"ft-text\">En caso de producirse, el veto afectar\u00eda a sus clubes y a la selecci\u00f3n nacional. En el primer apartado solo podr\u00eda afectar al Maccabi, que disputa la Europa League. Y en lo referente a la selecci\u00f3n le afectar\u00eda al estar en plena fase de clasificaci\u00f3n para la disputa del Mundial del pr\u00f3ximo verano en Estados Unidos, M\u00e9xico y Canad\u00e1. El presidente estadounidense<strong> Donald Trump, anfitri\u00f3n en la cita mundialista del pr\u00f3ximo verano, ha asegurado que har\u00e1 todo lo que pueda para que los israel\u00edes, si se clasifican, \u00abest\u00e9n en la Copa del Mundo\u00bb.<\/strong> Israel est\u00e1 enclavada en el grupo I de la fase de clasificaci\u00f3n, donde es tercera empatada a 9 puntos con la segunda, que es Italia y a seis puntos del primero, Noruega. Por detr\u00e1s aparecen Estonia, con tres, y Moldavia, que a\u00fan no ha puntuado. Israel tiene previsto disputar partidos de clasificaci\u00f3n para el Mundial en Noruega el 11 de octubre y en Italia tres d\u00edas despu\u00e9s.<\/p>\n<p>Espa\u00f1a pide la exclusi\u00f3n de Israel<\/p>\n<p class=\"ft-text\">El presidente espa\u00f1ol, <strong>Pedro S\u00e1nchez, ha propuesto que Israel sea excluido de todas las competiciones deportivas internacionales mientras persista la ofensiva militar en Gaza.<\/strong> S\u00e1nchez ha fundamentado su posici\u00f3n se\u00f1alando que, al igual que se aplicaron sanciones deportivas a Rusia por la invasi\u00f3n de Ucrania, Israel deber\u00eda ser sometido a medidas similares por lo que denomina \u00abun genocidio\u00bb en Gaza. Su petici\u00f3n se produjo despu\u00e9s de la suspensi\u00f3n de la \u00faltima etapa de la Vuelta Ciclista a Espa\u00f1a en Madrid, debido a multitudinarias protestas pro-palestinas que se opusieron a la participaci\u00f3n del equipo israel\u00ed Premier Tech en la prueba. Durante la competici\u00f3n se produjeron bloqueos a la ruta y enfrentamientos menores en varias ciudades espa\u00f1olas que culminaron con la suspensi\u00f3n de la etapa final en Madrid por la intervenci\u00f3n de los manifestantes. Adem\u00e1s, Espa\u00f1a, Irlanda y Pa\u00edses Bajos han anunciado que boicotear\u00e1n el Festival de Eurovisi\u00f3n si Israel participa en 2026.<\/p>\n<p class=\"ft-text\">La semana pasada, ocho expertos de la ONU, entre ellos la relatora para Palestina, Francesca Albanese, solicitaron a la FIFA y a la UEFA que suspendan a la selecci\u00f3n israel\u00ed de las competiciones internacionales \u00abcomo respuesta al genocidio en curso en el territorio palestino ocupado. <strong>Pedimos a la UEFA que inmediatamente suspenda a Israel de todas las competiciones hasta que cumpla con la ley internacional y pare con el asesinato de civiles y la hambruna.<\/strong> El deporte no puede ser neutral ante las injusticias. Mantenerse en silencio es aceptar que alguna gente importa menos que otra. Creemos en la justicia para todas las naciones y para todo el mundo, justicia sin dobles est\u00e1ndares. Es una obligaci\u00f3n para todos los organismos deportes llevar a cabo acciones contra los equipos deportivos que representen a un pa\u00eds que la comisi\u00f3n de las Naciones Unidas ha concluido que est\u00e1 cometiendo genocidio contra los palestinos en Gaza\u00bb, manifiesta esa carta. Tampoco hay veto del Comit\u00e9 Ol\u00edmpico Internacional COI para que se prive a Israel de competir en cualquier modalidad deportiva a nivel mundial.<\/p>\n","protected":false},"excerpt":{"rendered":"Hace una semana el diario ingl\u00e9s &#8216;The Times&#8217; adelantaba que los miembros del Comit\u00e9 Ejecutivo de la UEFA&hellip;\n","protected":false},"author":2,"featured_media":153510,"comment_status":"","ping_status":"","sticky":false,"template":"","format":"standard","meta":{"footnotes":""},"categories":[268],"tags":[168,25,24,14013,280,282,694,74,76,18800,281,23,167,6674],"class_list":{"0":"post-153509","1":"post","2":"type-post","3":"status-publish","4":"format-standard","5":"has-post-thumbnail","7":"category-futbol","8":"tag-deportes","9":"tag-es","10":"tag-espana","11":"tag-fifa","12":"tag-football","13":"tag-futbol","14":"tag-gaza","15":"tag-israel","16":"tag-palestina","17":"tag-sancion","18":"tag-soccer","19":"tag-spain","20":"tag-sports","21":"tag-uefa"},"share_on_mastodon":{"url":"","error":""},"_links":{"self":[{"href":"https:\/\/www.europesays.com\/es\/wp-json\/wp\/v2\/posts\/153509","targetHints":{"allow":["GET"]}}],"collection":[{"href":"https:\/\/www.europesays.com\/es\/wp-json\/wp\/v2\/posts"}],"about":[{"href":"https:\/\/www.europesays.com\/es\/wp-json\/wp\/v2\/types\/post"}],"author":[{"embeddable":true,"href":"https:\/\/www.europesays.com\/es\/wp-json\/wp\/v2\/users\/2"}],"replies":[{"embeddable":true,"href":"https:\/\/www.europesays.com\/es\/wp-json\/wp\/v2\/comments?post=153509"}],"version-history":[{"count":0,"href":"https:\/\/www.europesays.com\/es\/wp-json\/wp\/v2\/posts\/153509\/revisions"}],"wp:featuredmedia":[{"embeddable":true,"href":"https:\/\/www.europesays.com\/es\/wp-json\/wp\/v2\/media\/153510"}],"wp:attachment":[{"href":"https:\/\/www.europesays.com\/es\/wp-json\/wp\/v2\/media?parent=153509"}],"wp:term":[{"taxonomy":"category","embeddable":true,"href":"https:\/\/www.europesays.com\/es\/wp-json\/wp\/v2\/categories?post=153509"},{"taxonomy":"post_tag","embeddable":true,"href":"https:\/\/www.europesays.com\/es\/wp-json\/wp\/v2\/tags?post=153509"}],"curies":[{"name":"wp","href":"https:\/\/api.w.org\/{rel}","templated":true}]}}