{"id":153511,"date":"2025-10-02T20:50:15","date_gmt":"2025-10-02T20:50:15","guid":{"rendered":"https:\/\/www.europesays.com\/es\/153511\/"},"modified":"2025-10-02T20:50:15","modified_gmt":"2025-10-02T20:50:15","slug":"la-princesa-de-gales-al-mas-puro-estilo-top-gun-visita-una-base-militar-y-revela-un-secreto-de-su-hijo-louis","status":"publish","type":"post","link":"https:\/\/www.europesays.com\/es\/153511\/","title":{"rendered":"La princesa de Gales, al m\u00e1s puro estilo &#8216;Top Gun&#8217;, visita una base militar y revela un secreto de su hijo Louis"},"content":{"rendered":"<p id=\"eeCzyDGYGn\" data-wc=\"80\">En medio del revuelo que ha generado su mudanza a Forest Lodge, la princesa de Gales se centra en sus compromisos institucionales. Y es que como ella misma dijo: \u00abMi trabajo siempre me ha tra\u00eddo una profunda alegr\u00eda\u00bb. En su \u00faltima salida ha debutado como Comodora Honoraria Real del Aire en la base a\u00e9rea de Coningsby, en Lincolnshire, donde <strong>ha protagonizado unas im\u00e1genes al m\u00e1s puro estilo Top Gun. Adem\u00e1s, Kate Middleton ha desvelado un curioso secreto del pr\u00edncipe Louis.<\/strong><\/p>\n<p>17<\/p>\n<p>  <img src=\"https:\/\/www.europesays.com\/es\/wp-content\/uploads\/2025\/10\/c7a1d05b3d7a-gettyimages-2238361820.jpg\"   width=\"1024\" height=\"682\" loading=\"lazy\" decoding=\"async\" alt=\"Kate Middleton, sonriente y simp\u00e1tica durante una charla en la base a\u00e9rea\" fetchpriority=\"auto\" class=\"image ho-image\"\/>\u00a9 Getty Images<\/p>\n<p>  <img src=\"https:\/\/www.europesays.com\/es\/wp-content\/uploads\/2025\/10\/4cb4e1e640c3-gettyimages-2238361350.jpg\"   width=\"1024\" height=\"682\" loading=\"lazy\" decoding=\"async\" alt=\"Kate Middleton charlando durante su visita a una base a\u00e9rea\" fetchpriority=\"auto\" class=\"image ho-image\"\/>\u00a9 Getty Images<\/p>\n<p id=\"em_P8uGrE_d\">La jornada ha comenzado con una reuni\u00f3n de Kate Middleton con dos militares que le han contado los detalles de las actividades que han desarrollado este \u00faltimo a\u00f1o y medio en la base, donde trabajan para proteger el espacio a\u00e9reo brit\u00e1nico. Una introducci\u00f3n que ha continuado con uno de los platos fuertes: la princesa de Gales ha descubierto de la mano de un piloto el <strong data-end=\"14\" data-start=\"3\">Typhoon,\u00a0<\/strong>un <strong data-end=\"93\" data-start=\"64\">avi\u00f3n de combate\u00a0<\/strong>de \u00faltima generaci\u00f3n.<\/p>\n<p>27<\/p>\n<p>  <img src=\"https:\/\/www.europesays.com\/es\/wp-content\/uploads\/2025\/10\/6cdb0e43519b-gettyimages-2238365476.jpg\"   width=\"1024\" height=\"682\" loading=\"lazy\" decoding=\"async\" alt=\"Kate Middleton visita una base a\u00e9rea\" fetchpriority=\"auto\" class=\"image ho-image\"\/>\u00a9 Getty Images<\/p>\n<p>  <img src=\"https:\/\/www.europesays.com\/es\/wp-content\/uploads\/2025\/10\/9fcdfabf89ba-gettyimages-2238365499.jpg\"   width=\"1024\" height=\"682\" loading=\"lazy\" decoding=\"async\" alt=\"Kate Middleton en simulador\" fetchpriority=\"auto\" class=\"image ho-image\"\/>\u00a9 Getty Images<\/p>\n<p>  <img src=\"https:\/\/www.europesays.com\/es\/wp-content\/uploads\/2025\/10\/71f0a1ab53f2-gettyimages-2238361591.jpg\"   width=\"1024\" height=\"682\" loading=\"lazy\" decoding=\"async\" alt=\"Kate Middleton, muy curiosa en una base a\u00e9rea\" fetchpriority=\"auto\" class=\"image ho-image\"\/>\u00a9 Getty Images<\/p>\n<p id=\"erG9MiVo9X0\">El instructor Geraint White le ha estado ense\u00f1ando todos los detalles de la aeronave, y al ver la curiosidad de la princesa de Gales le ha propuesto probar ella misma el simulador para sentirse piloto por unos instantes. \u00a0\u00ab\u00bfTe gustar\u00eda intentarlo?\u00bb, le ha propuesto. Una pregunta a la que ha respondido con rotundidad y mucha ilusi\u00f3n: \u00abS\u00ed, me encantar\u00eda\u00bb<\/p>\n<p>37<\/p>\n<p>  <img src=\"https:\/\/www.europesays.com\/es\/wp-content\/uploads\/2025\/10\/cf3dafefac97-gettyimages-2238365728.jpg\"   width=\"1024\" height=\"682\" loading=\"lazy\" decoding=\"async\" alt=\"Kate Middleton en el simulador de una cabina de avi\u00f3n\" fetchpriority=\"auto\" class=\"image ho-image\"\/>\u00a9 Getty Images<\/p>\n<p>  <img src=\"https:\/\/www.europesays.com\/es\/wp-content\/uploads\/2025\/10\/dccef636151b-gettyimages-2238365382.jpg\"   width=\"1024\" height=\"682\" loading=\"lazy\" decoding=\"async\" alt=\"Kate Middleton visita base a\u00e9rea y se suba a un simulador\" fetchpriority=\"auto\" class=\"image ho-image\"\/>\u00a9 Getty Images<\/p>\n<p id=\"eIKihOxIoK\">La princesa de Gales, esposa del heredero al trono, ha contado que nunca ha utilizado un simulador para pilotar un avi\u00f3n, pero que si prob\u00f3 uno utilizado para entrenar a pilotos de helic\u00f3ptero. \u00a0A los mandos, ha mostrado ser muy intr\u00e9pida y decidida, ya que se ha animado a hacer una acrobacia a\u00e9rea. \u00a0\u00abParece tener un talento natural para volar, as\u00ed que quiz\u00e1 tengamos que sacarle la licencia y ponerla a pilotar un Typhoon, si ella est\u00e1 dispuesta\u00bb, ha dicho con gran sentido del humor el capit\u00e1n \u00a0Paul O&#8217;Grady<\/p>\n<p>47<\/p>\n<p>  <img src=\"https:\/\/www.europesays.com\/es\/wp-content\/uploads\/2025\/10\/939900bfd870-gettyimages-2238365608.jpg\"   width=\"1024\" height=\"682\" loading=\"lazy\" decoding=\"async\" alt=\"Kate Middleton en base a\u00e9rea muy sonriente\" fetchpriority=\"auto\" class=\"image ho-image\"\/>\u00a9 Getty Images<\/p>\n<p id=\"eS_FWpGkTmf\">En la base, la princesa de Gales ha conversado con todos los militares para interesarse por su funci\u00f3n y su experiencia previa. Dos de ellos, Jack Hanby y Dan McPhail, son pilotos en pr\u00e1cticas cedidos por la base de la RAF en Valley, \u00a0la misma en la que estuvo destinado Guillermo de Inglaterra durante tres a\u00f1os (entre 2010 y 2013). \u00ab\u00bfQu\u00e9 tal os va en Valley?\u00bb, les ha dicho. Con toda seguridad, sabe muchas an\u00e9cdotas de este destino, ya que el heredero al trono siempre recuerda con cari\u00f1o y mucho orgullo su paso por all\u00ed<\/p>\n<p>57<\/p>\n<p>  <img src=\"https:\/\/www.europesays.com\/es\/wp-content\/uploads\/2025\/10\/0131639930df-gettyimages-2238365485.jpg\"   width=\"1024\" height=\"682\" loading=\"lazy\" decoding=\"async\" alt=\"Kate Middleton con una ni\u00f1a durante un acto\" fetchpriority=\"auto\" class=\"image ho-image\"\/>\u00a9 Getty Images<\/p>\n<p id=\"eCJ-F9xYkp\">Kate Middleton ha conocido a los familiares de los militares y ha sido muy cari\u00f1osa con los m\u00e1s peque\u00f1os, protagonistas de divertidas an\u00e9cdotas. Una ni\u00f1a le ha agarrado del reloj y le ha dicho \u00ab\u00bfQuiz\u00e1s podr\u00edas ponerlo en tu lista de Navidad? \u00bfQuiz\u00e1s podr\u00edas ped\u00edrselo a Pap\u00e1 Noel?\u00bb. Otro le ha dado un abrazo espont\u00e1neo al que ha reaccionado con entusiasmo: \u00abGracias. \u00a1Me encantan los abrazos!\u00bb. \u00a0La princesa de Gales se ha interesado por los servicios que ofrecen en la base, desde actividades deportivas a un equipo que cuida del bienestar mental<\/p>\n<p>67<\/p>\n<p>  <img src=\"https:\/\/www.europesays.com\/es\/wp-content\/uploads\/2025\/10\/ce81a295a783-gettyimages-2238361413.jpg\"   width=\"1024\" height=\"682\" loading=\"lazy\" decoding=\"async\" alt=\"Kate Middleton subiendo a un simulador\" fetchpriority=\"auto\" class=\"image ho-image\"\/>\u00a9 Getty Images        <\/p>\n<p id=\"erKzl8XdCd\">En el recorrido, Kate Middleton ha compartido un secreto de su hijo peque\u00f1o: el pr\u00edncipe Louis tiene claro que de mayor quiere ser piloto de combate. \u00abVoy a decirle \u00a1que lleva ocho a\u00f1os y mucho trabajo duro!\u00bb, ha contado. Adem\u00e1s, les ha llevado tanto a \u00e9l como a los pr\u00edncipes George y Charlotte llaveros y tres aciones de juguete. \u00ab\u00a1Se enfadar\u00e1n mucho porque he visto un<strong data-end=\"14\" data-gid=\"e5GlcTE99PK\" data-start=\"3\">Typhoon,<\/strong> sin ellos!\u00bb, ha dicho divertida. \u00a0Peter Middleton, su abuelo paterno, fue piloto de combate de la RAF y sirvi\u00f3 en la Segunda Guerra Mundial, adem\u00e1s de ser copiloto del recordado Felipe de Edimburgo durante una gira de dos meses por Sudam\u00e9rica en 1962<\/p>\n<p>77<\/p>\n<p>  <img src=\"https:\/\/www.europesays.com\/es\/wp-content\/uploads\/2025\/10\/c53eedf61ab6-gettyimages-2238361363.jpg\"   width=\"683\" height=\"1024\" loading=\"lazy\" decoding=\"async\" alt=\"Kate Middleton visita base a\u00e9rea\" fetchpriority=\"auto\" class=\"image ho-image\"\/>\u00a9 Getty Images    <\/p>\n<p id=\"etBO2XO-YT\">La princesa de Gales ha llevado un traje con su estampado de cuadros hom\u00f3nimo, un conjunto de americana ajustada y pantal\u00f3n recto en tonos gris con el que ya <a class=\"hm-link ho-link\" href=\"https:\/\/www.hola.com\/moda\/20250911855224\/kate-middleton-traje-cuadros-princesa-de-gales\/\" target=\"_blank\" data-mrf-recirculation=\"article-body-link\" rel=\"nofollow noopener\">la vimos hace apenas unas semanas,<\/a> el 11 de septiembre. Si bien entonces lo combin\u00f3 con un top negro, hoy ha preferido un su\u00e9ter gris acero. Lo m\u00e1s innovador del look ha sido su peinado, un bonito recogido rom\u00e1ntico para su maximelena<\/p>\n","protected":false},"excerpt":{"rendered":"En medio del revuelo que ha generado su mudanza a Forest Lodge, la princesa de Gales se centra&hellip;\n","protected":false},"author":2,"featured_media":153512,"comment_status":"","ping_status":"","sticky":false,"template":"","format":"standard","meta":{"footnotes":""},"categories":[174],"tags":[255,146,147,25,24,256,18700,1027,6856,23],"class_list":{"0":"post-153511","1":"post","2":"type-post","3":"status-publish","4":"format-standard","5":"has-post-thumbnail","7":"category-famosos","8":"tag-celebrities","9":"tag-entertainment","10":"tag-entretenimiento","11":"tag-es","12":"tag-espana","13":"tag-famosos","14":"tag-kate-middleton","15":"tag-realeza","16":"tag-realeza-inglesa","17":"tag-spain"},"share_on_mastodon":{"url":"","error":""},"_links":{"self":[{"href":"https:\/\/www.europesays.com\/es\/wp-json\/wp\/v2\/posts\/153511","targetHints":{"allow":["GET"]}}],"collection":[{"href":"https:\/\/www.europesays.com\/es\/wp-json\/wp\/v2\/posts"}],"about":[{"href":"https:\/\/www.europesays.com\/es\/wp-json\/wp\/v2\/types\/post"}],"author":[{"embeddable":true,"href":"https:\/\/www.europesays.com\/es\/wp-json\/wp\/v2\/users\/2"}],"replies":[{"embeddable":true,"href":"https:\/\/www.europesays.com\/es\/wp-json\/wp\/v2\/comments?post=153511"}],"version-history":[{"count":0,"href":"https:\/\/www.europesays.com\/es\/wp-json\/wp\/v2\/posts\/153511\/revisions"}],"wp:featuredmedia":[{"embeddable":true,"href":"https:\/\/www.europesays.com\/es\/wp-json\/wp\/v2\/media\/153512"}],"wp:attachment":[{"href":"https:\/\/www.europesays.com\/es\/wp-json\/wp\/v2\/media?parent=153511"}],"wp:term":[{"taxonomy":"category","embeddable":true,"href":"https:\/\/www.europesays.com\/es\/wp-json\/wp\/v2\/categories?post=153511"},{"taxonomy":"post_tag","embeddable":true,"href":"https:\/\/www.europesays.com\/es\/wp-json\/wp\/v2\/tags?post=153511"}],"curies":[{"name":"wp","href":"https:\/\/api.w.org\/{rel}","templated":true}]}}