{"id":153517,"date":"2025-10-02T20:54:12","date_gmt":"2025-10-02T20:54:12","guid":{"rendered":"https:\/\/www.europesays.com\/es\/153517\/"},"modified":"2025-10-02T20:54:12","modified_gmt":"2025-10-02T20:54:12","slug":"integrante-de-linkin-park-confirmo-que-estan-al-tanto-de-la-situacion-del-vive-claro-por-su-concierto-en-bogota","status":"publish","type":"post","link":"https:\/\/www.europesays.com\/es\/153517\/","title":{"rendered":"Integrante de Linkin Park confirm\u00f3 que est\u00e1n al tanto de la situaci\u00f3n del Vive Claro por su concierto en Bogot\u00e1"},"content":{"rendered":"<p>Integrante de Linkin Park confirm\u00f3 que est\u00e1n al tanto de la situaci\u00f3n del Vive Claro por su concierto en Bogot\u00e1<\/p>\n<p class=\"c-alerta__item\">\n<p>          \u00a1Hola !, Tu correo ha sido verficado. Ahora puedes elegir los <a href=\"https:\/\/www.eltiempo.com\/zona-usuario\/boletines\" rel=\"nofollow noopener\" target=\"_blank\">Boletines<\/a> que quieras recibir con la mejor informaci\u00f3n.<\/p>\n<p>        Cerrar<\/p>\n<p class=\"c-alerta__item\">\n<p>        Bienvenido , has creado tu cuenta en EL TIEMPO. Conoce y personaliza tu <a href=\"https:\/\/www.eltiempo.com\/zona-usuario\/configurar-mis-datos\" rel=\"nofollow noopener\" target=\"_blank\">perfil<\/a>.<\/p>\n<p>      Cerrar<\/p>\n<p class=\"c-alerta__item\">\n<p>          Hola Clementine el correo baxulaft@gmai.com no ha sido verificado. <a href=\"https:\/\/www.eltiempo.com\/cultura\/gente\/javascript:void(0)\" id=\"user_verify_email\" rel=\"nofollow noopener\" target=\"_blank\">Verificar Correo<\/a><\/p>\n<p>        Cerrar<\/p>\n<p>            Cerrar<\/p>\n<p>            <img decoding=\"async\" src=\"https:\/\/www.eltiempo.com\/images\/icon\/alerta-verificacion.svg\" alt=\"icon_alerta_verificacion\"\/><\/p>\n<p>\n                El correo electr\u00f3nico de verificaci\u00f3n se enviar\u00e1 a\n            <\/p>\n<p class=\"c-alerta--modal__email\">\n                clementine@ejemplo.com\n            <\/p>\n<p>\n                Revisa tu bandeja de entrada y si no, en tu carpeta de correo no deseado.\n            <\/p>\n<p>        <a href=\"https:\/\/www.eltiempo.com\/cultura\/gente\/javascript:void(0)\" class=\"c-alerta--modal__btnbox c-alerta--modal__btnbox--primary\" id=\"user_send_email\" rel=\"nofollow noopener\" target=\"_blank\"><br \/>\n            SI, ENVIAR<br \/>\n        <\/a><\/p>\n<p class=\"c-alerta__item\">\n<p>            Ya tienes una cuenta vinculada a EL TIEMPO, por favor inicia sesi\u00f3n con ella y no te pierdas de todos los beneficios que tenemos para t\u00ed. <a href=\"https:\/\/www.eltiempo.com\/login\" rel=\"nofollow noopener\" target=\"_blank\"> Iniciar sesi\u00f3n <\/a><\/p>\n<p>        Cerrar<\/p>\n<p data-id=\"open_chat\">Chat<br \/>\n            <br \/>noti IA\n        <\/p>\n<p>            \u00a1Hazme tu primera pregunta y descubre todo lo que El Tiempo ofrece!<\/p>\n<p>\n    Informaci\u00f3n juicio \u00c1lvaro Uribe\n<\/p>\n<p>\n    Destinos para viajar en Colombia\n<\/p>\n<p>\n    Informaci\u00f3n de las Elecciones Colombia 2026\n<\/p>\n<p>\n    Informaci\u00f3n del Mundial de futbol 2026\n<\/p>\n<p class=\"message_out\">\u00bfQui\u00e9n es James Rodriguez?<\/p>\n<p class=\"message_in\">James Rodr\u00edguez, es un futbolista colombiano que juega como centrocampista en el S\u00e3o Paulo Futebol Clube de la Serie A de Brasil.<\/p>\n<p class=\"title\"> Te recomiendo estos art\u00edculos para ampliar tu b\u00fasqueda.<\/p>\n<p>\n                        Cargar m\u00e1s resultados\n                    <\/p>\n<p>                        \u00a1Hola! Parece que has alcanzado tu l\u00edmite diario de 3 b\u00fasquedas en nuestro chat bot como usuario registrado.<\/p>\n<p>\u00bfQuieres seguir disfrutando de este y otros beneficios exclusivos?\n                        <\/p>\n<p>Adquiere el plan de suscripci\u00f3n que se adapte a tus preferencias y accede a \u00a1contenido ilimitado! No te<br \/>\n                        pierdas la oportunidad de disfrutar todas las funcionalidades que ofrecemos. \ud83c\udf1f\n                    <\/p>\n<p>                    <a href=\"https:\/\/www.eltiempo.com\/suscripcion-digital\" class=\"chat__terminos_button\" rel=\"nofollow noopener\" target=\"_blank\"><br \/>\n                        VER PLANES<br \/>\n                    <\/a><\/p>\n<p>\n                        \u00a1Hola! Haz excedido el m\u00e1ximo de peticiones mensuales.\n                    <\/p>\n<p>                        Estamos resolviendo el problema, int\u00e9ntalo nuevamente m\u00e1s tarde.<\/p>\n<p>\n                        Procesando tu pregunta&#8230; \u00a1Un momento, por favor!\n                    <\/p>\n<p>                El show de la banda estadounidense se tiene programado para el 25 de octubre.<\/p>\n<p class=\"c-articulo-apertura__media__credito\">Linkin Park en Bogot\u00e1 Foto: Instagram @linkinpark &#8211; Vive Claro<\/p>\n<p>Los conciertos y grandes espect\u00e1culos de entretenimiento en Bogot\u00e1 viven un momento de tensi\u00f3n, pues debido a <b>una serie de fallas en la log\u00edstica y permisos necesarios, el Idiger ha negado la licencia para poder realizar varios espect\u00e1culos.<\/b><\/p>\n<p>Las fallas en la documentaci\u00f3n y los tr\u00e1mites necesarios para poder realizar un evento multitudinario, hicieron que <b>el concierto de Kendrick Lamar no se pudiera realizar y fuera cancelado.<\/b><\/p>\n<p class=\"c-cuerpo__media__txt\">Inauguraci\u00f3n de Vive Claro Foto:Pamela Avenda\u00f1o &#8211; EL TIEMPO<\/p>\n<p class=\"c-leatambien__titulo\"> LEA TAMBI\u00c9N <\/p>\n<p><img decoding=\"async\" alt=\"1200x535\" width=\"120\" height=\"120\" loading=\"lazy\" src=\"https:\/\/imagenes2.eltiempo.com\/files\/image_120_120\/uploads\/2025\/10\/01\/68dd7282dd830.jpeg\" data-full-src=\"https:\/\/www.europesays.com\/es\/wp-content\/uploads\/2025\/10\/68dd7282dd830.jpeg\"\/><\/p>\n<p>Recientemente, se conoci\u00f3 que los <b>shows de Guns N&#8217; Roses, programado en el Vive Claro para el martes 7 de octubre y el &#8216;Festival M\u00e1s Contentoso Luis Alfonso&#8217;, programado en el Estado Metropolitano El Camp\u00edn, <\/b>para el 4 y 5 de octubre, <b>no obtuvieron los permisos necesarios en primera instancia<\/b> y los productores se vieran obligados a subsanar los documentos para evitar la cancelaci\u00f3n.<\/p>\n<p>Por el dif\u00edcil panorama que viven este tipo de espect\u00e1culos en Bogot\u00e1, <b>Adam Ruehmer, director de marketing, de la agrupaci\u00f3n estadounidense Linkin Park, se pronunci\u00f3 sobre el tema por medio de su cuenta de X<\/b>, antes Twitter, donde envi\u00f3 un mensaje a los fans.<\/p>\n<p>\u201cPara quienes preguntan,<b> definitivamente estamos al tanto de la situaci\u00f3n del recinto en Bogot\u00e1. No tengo actualizaciones ni informaci\u00f3n adicional, <\/b>solo que quienes deben estar al tanto lo saben\u201d, se lee en la publicaci\u00f3n.<\/p>\n<p class=\"c-cuerpo__media__txt\">Linkin Park en Bogot\u00e1 Foto:Instagram @linkinpark &#8211; Vive Claro<\/p>\n<p class=\"c-leatambien__titulo\"> LEA TAMBI\u00c9N <\/p>\n<p><img decoding=\"async\" alt=\"Luis Alfonso.\" width=\"120\" height=\"120\" loading=\"lazy\" src=\"https:\/\/imagenes2.eltiempo.com\/files\/image_120_120\/files\/fp\/uploads\/2024\/07\/21\/669d83b5ba98e.r_d.476-238.png\" data-full-src=\"https:\/\/www.europesays.com\/es\/wp-content\/uploads\/2025\/10\/669d83b5ba98e.png\"\/><\/p>\n<p>Adem\u00e1s, agreg\u00f3: \u201cTengan en cuenta que <b>mi falta de informaci\u00f3n solo significa que no tengo informaci\u00f3n. No tengo nada que ver con la organizaci\u00f3n de espect\u00e1culos ni con la toma de decisiones sobre ellos<\/b>. Solo quer\u00eda que todos supieran que quienes toman esas decisiones en nuestro equipo est\u00e1n al tanto de lo que sucede\u201d.<\/p>\n<p class=\"c-cuerpo__media__txt\">Linkin Park en Bogot\u00e1 Foto:Instagram @linkinpark &#8211; Vive Claro<\/p>\n<p>Hasta el momento, <b>las productoras del concierto P\u00e1ramo Presenta, Ocesa y Live Nation no se han pronunciado<\/b> sobre una eventual cancelaci\u00f3n del concierto, que est\u00e1 programado desde marzo de 2025.<\/p>\n<p>Los eventos programados en el Vive Claro durante lo que resta del 2025 son:<\/p>\n<ul>\n<li>Guns N&#8217; Roses: 7 de octubre. <\/li>\n<li>Imagine Dragons: 17 de octubre. <\/li>\n<li>Linkin Park: 25 de octubre.<\/li>\n<li>Shakira: 1 de noviembre. <\/li>\n<li>Blessed: 22 de noviembre.<\/li>\n<\/ul>\n<p>M\u00e1s noticias en EL TIEMPO<\/p>\n<p class=\"c-cuerpo__infointernacional\"> Sigue toda la informaci\u00f3n de Cultura en <a href=\"https:\/\/www.facebook.com\/eltiempo\" target=\"_blank\" rel=\"nofollow noopener\">Facebook<\/a> y <a href=\"https:\/\/twitter.com\/eltiempo\" target=\"_blank\" rel=\"nofollow noopener\">X<\/a>, o en nuestra <a href=\"https:\/\/www.eltiempo.com\/zona-usuario\/boletines\" target=\"_blank\" rel=\"nofollow noopener\">newsletter semanal<\/a>. <\/p>\n<p>                Cerrar<\/p>\n<p>                <img decoding=\"async\" src=\"\" alt=\"\"\/><\/p>\n<p>            <img loading=\"lazy\" decoding=\"async\" class=\"img-tracking\" src=\"https:\/\/www.europesays.com\/es\/wp-content\/uploads\/2025\/10\/article-3496164.gif\" width=\"1\" height=\"1\"\/><\/p>\n<p><script async src=\"https:\/\/platform.twitter.com\/widgets.js\" charset=\"utf-8\"><\/script><\/p>\n","protected":false},"excerpt":{"rendered":"Integrante de Linkin Park confirm\u00f3 que est\u00e1n al tanto de la situaci\u00f3n del Vive Claro por su concierto&hellip;\n","protected":false},"author":2,"featured_media":153518,"comment_status":"","ping_status":"","sticky":false,"template":"","format":"standard","meta":{"footnotes":""},"categories":[170],"tags":[46255,3008,146,147,25,24,25249,31924,184,185,12569,23],"class_list":{"0":"post-153517","1":"post","2":"type-post","3":"status-publish","4":"format-standard","5":"has-post-thumbnail","7":"category-musica","8":"tag-confirmo","9":"tag-de","10":"tag-entertainment","11":"tag-entretenimiento","12":"tag-es","13":"tag-espana","14":"tag-integrante","15":"tag-linkin","16":"tag-music","17":"tag-musica","18":"tag-park","19":"tag-spain"},"share_on_mastodon":{"url":"","error":""},"_links":{"self":[{"href":"https:\/\/www.europesays.com\/es\/wp-json\/wp\/v2\/posts\/153517","targetHints":{"allow":["GET"]}}],"collection":[{"href":"https:\/\/www.europesays.com\/es\/wp-json\/wp\/v2\/posts"}],"about":[{"href":"https:\/\/www.europesays.com\/es\/wp-json\/wp\/v2\/types\/post"}],"author":[{"embeddable":true,"href":"https:\/\/www.europesays.com\/es\/wp-json\/wp\/v2\/users\/2"}],"replies":[{"embeddable":true,"href":"https:\/\/www.europesays.com\/es\/wp-json\/wp\/v2\/comments?post=153517"}],"version-history":[{"count":0,"href":"https:\/\/www.europesays.com\/es\/wp-json\/wp\/v2\/posts\/153517\/revisions"}],"wp:featuredmedia":[{"embeddable":true,"href":"https:\/\/www.europesays.com\/es\/wp-json\/wp\/v2\/media\/153518"}],"wp:attachment":[{"href":"https:\/\/www.europesays.com\/es\/wp-json\/wp\/v2\/media?parent=153517"}],"wp:term":[{"taxonomy":"category","embeddable":true,"href":"https:\/\/www.europesays.com\/es\/wp-json\/wp\/v2\/categories?post=153517"},{"taxonomy":"post_tag","embeddable":true,"href":"https:\/\/www.europesays.com\/es\/wp-json\/wp\/v2\/tags?post=153517"}],"curies":[{"name":"wp","href":"https:\/\/api.w.org\/{rel}","templated":true}]}}