{"id":153523,"date":"2025-10-02T20:57:15","date_gmt":"2025-10-02T20:57:15","guid":{"rendered":"https:\/\/www.europesays.com\/es\/153523\/"},"modified":"2025-10-02T20:57:15","modified_gmt":"2025-10-02T20:57:15","slug":"el-cafe-te-da-anos-de-vida","status":"publish","type":"post","link":"https:\/\/www.europesays.com\/es\/153523\/","title":{"rendered":"\u00abEl caf\u00e9 te da a\u00f1os de vida\u00bb"},"content":{"rendered":"<p data-start=\"477\" data-end=\"913\">Cada 1 de octubre se rinde homenaje a una de las bebidas m\u00e1s consumidas, compartidas y defendidas del planeta: el <strong><a href=\"https:\/\/www.ultimahora.es\/etiqueta\/Caf%C3%A9.html?utm_source=Inline-tag&amp;utm_medium=internal\" rel=\"nofollow noopener\" target=\"_blank\">caf\u00e9<\/a><\/strong>. Y este a\u00f1o, lejos de los mitos que lo demonizaban, la ciencia y los expertos en salud parecen coincidir en algo que har\u00e1 sonre\u00edr a m\u00e1s de un cafetero. Seg\u00fan el <a href=\"https:\/\/www.ultimahora.es\/etiqueta\/cardi%C3%B3logo.html?utm_source=Inline-tag&amp;utm_medium=internal\" rel=\"nofollow noopener\" target=\"_blank\">cardi\u00f3logo<\/a> Jos\u00e9 Abell\u00e1n, \u00ab<strong>tomar caf\u00e9 te a\u00f1ade a\u00f1os de salud<\/strong>\u00bb, y m\u00e1s a\u00fan: \u00ab<strong>disminuye tu riesgo de sufrir una muerte prematura por enfermedad cardiovascular<\/strong>\u00bb.<\/p>\n<p data-start=\"915\" data-end=\"1322\">Aunque durante d\u00e9cadas se mir\u00f3 al caf\u00e9 con recelo, estudios recientes han demostrado que su consumo moderado \u2014entre 2 y 4 tazas al d\u00eda\u2014 puede tener efectos protectores sobre el <strong>coraz\u00f3n, el h\u00edgado e incluso el cerebro<\/strong>. Rico en antioxidantes y compuestos antiinflamatorios, el caf\u00e9 ha pasado de ser considerado un \u00ab<strong>vicio<\/strong>\u00bb a consolidarse como una posible herramienta preventiva dentro de una dieta equilibrada.<\/p>\n<p>M\u00e1s que cafe\u00edna: lo que dice la ciencia<\/p>\n<p data-start=\"1376\" data-end=\"1761\">\u00ab<strong>El caf\u00e9 no solo no es malo, sino que puede ser buen\u00edsimo<\/strong>\u00bb, insiste Abell\u00e1n, en l\u00ednea con m\u00faltiples estudios que relacionan el caf\u00e9 con una menor incidencia de enfermedades cr\u00f3nicas. Seg\u00fan una revisi\u00f3n publicada en The New England Journal of Medicine, los consumidores habituales de caf\u00e9 presentan <strong>menor riesgo de muerte por causas cardiovasculares, neurodegenerativas y metab\u00f3lica<\/strong>s.<\/p>\n<p data-start=\"1763\" data-end=\"1971\">Y no todo depende de la cafe\u00edna. Incluso las versiones descafeinadas han mostrado beneficios similares, lo que sugiere que otros componentes del caf\u00e9 \u2014como los polifenoles\u2014 tambi\u00e9n juegan un papel importante.<\/p>\n<p>Una bebida con historia&#8230; y presente<\/p>\n<p data-start=\"2021\" data-end=\"2336\">M\u00e1s all\u00e1 de sus propiedades, el caf\u00e9 es tambi\u00e9n un s\u00edmbolo cultural. Est\u00e1 presente en rituales sociales, en la<strong> rutina diaria de millones de personas<\/strong> y en la econom\u00eda de m\u00e1s de 50 pa\u00edses productores. En su d\u00eda internacional, se celebra no solo el producto, sino tambi\u00e9n a quienes lo cultivan, lo tuestan y lo sirven.<\/p>\n<blockquote class=\"tiktok-embed\" style=\"max-width: 605px; min-width: 325px;\" cite=\"https:\/\/www.tiktok.com\/@elpodcastdedruni\/video\/7424522784392449313\" data-video-id=\"7424522784392449313\"><p>&#13;<br \/>\n<a title=\"@elpodcastdedruni\" href=\"https:\/\/www.tiktok.com\/@elpodcastdedruni?refer=embed\" target=\"_blank\" rel=\"noopener nofollow\">@elpodcastdedruni<\/a> El <a title=\"cardiologo\" href=\"https:\/\/www.tiktok.com\/tag\/cardiologo?refer=embed\" target=\"_blank\" rel=\"noopener nofollow\">#cardiologo<\/a> DR JOS\u00c9 ABELL\u00c1N no da consejos para mejorar nuestra salud y tambi\u00e9n para la de nuestro coraz\u00f3n \ud83d\udc96 Ya disponible en el PODCAST DE DRUNI en <a title=\"youtube\" href=\"https:\/\/www.tiktok.com\/tag\/youtube?refer=embed\" target=\"_blank\" rel=\"noopener nofollow\">#youtube<\/a> y <a title=\"spotify\" href=\"https:\/\/www.tiktok.com\/tag\/spotify?refer=embed\" target=\"_blank\" rel=\"noopener nofollow\">#spotify<\/a> <a title=\"podcast\" href=\"https:\/\/www.tiktok.com\/tag\/podcast?refer=embed\" target=\"_blank\" rel=\"noopener nofollow\">#podcast<\/a> <a title=\"podcastclips\" href=\"https:\/\/www.tiktok.com\/tag\/podcastclips?refer=embed\" target=\"_blank\" rel=\"noopener nofollow\">#podcastclips<\/a> <a title=\"podcastdruni\" href=\"https:\/\/www.tiktok.com\/tag\/podcastdruni?refer=embed\" target=\"_blank\" rel=\"noopener nofollow\">#podcastdruni<\/a> <a title=\"cardiolog\u00eda\" href=\"https:\/\/www.tiktok.com\/tag\/cardiolog%C3%ADa?refer=embed\" target=\"_blank\" rel=\"noopener nofollow\">#cardiolog\u00eda<\/a><a title=\"cardiologosentiktok\" href=\"https:\/\/www.tiktok.com\/tag\/cardiologosentiktok?refer=embed\" target=\"_blank\" rel=\"noopener nofollow\">#cardiologosentiktok<\/a> <a title=\"elpodcastdedruni\" href=\"https:\/\/www.tiktok.com\/tag\/elpodcastdedruni?refer=embed\" target=\"_blank\" rel=\"noopener nofollow\">#elpodcastdedruni<\/a><a title=\"podcastdedruni\" href=\"https:\/\/www.tiktok.com\/tag\/podcastdedruni?refer=embed\" target=\"_blank\" rel=\"noopener nofollow\">#podcastdedruni<\/a> <a title=\"tipsparamejorartuvida\" href=\"https:\/\/www.tiktok.com\/tag\/tipsparamejorartuvida?refer=embed\" target=\"_blank\" rel=\"noopener nofollow\">#tipsparamejorartuvida<\/a> <a title=\"\u266c sonido original - El Podcast de Druni\" href=\"https:\/\/www.tiktok.com\/music\/sonido-original-El-Podcast-de-Druni-7424522849370524448?refer=embed\" target=\"_blank\" rel=\"noopener nofollow\">\u266c sonido original &#8211; El Podcast de Druni<\/a>&#13;\n<\/p><\/blockquote>\n<p data-start=\"2338\" data-end=\"2577\">Pero como todo, el caf\u00e9 tambi\u00e9n tiene matices: no todos los organismos lo toleran igual, y su consumo excesivo puede provocar insomnio, ansiedad o molestias digestivas. La clave est\u00e1 en la <strong>moderaci\u00f3n<\/strong> y, como siempre, en escuchar al cuerpo.<\/p>\n<p data-start=\"2596\" data-end=\"2873\">En tiempos donde la salud se valora m\u00e1s que nunca, celebrar el D\u00eda Internacional del Caf\u00e9 es tambi\u00e9n una forma de brindar \u2014con taza en mano\u2014 por la <a href=\"https:\/\/www.ultimahora.es\/etiqueta\/Vida.html?utm_source=Inline-tag&amp;utm_medium=internal\" rel=\"nofollow noopener\" target=\"_blank\">vida<\/a>. Porque s\u00ed: <strong>tomar caf\u00e9, con cabeza y con gusto, puede ser mucho m\u00e1s que un placer diario. Puede ser un h\u00e1bito saludable<\/strong>.<\/p>\n<p>                        <script async src=\"\/\/www.tiktok.com\/embed.js\"><\/script><\/p>\n","protected":false},"excerpt":{"rendered":"Cada 1 de octubre se rinde homenaje a una de las bebidas m\u00e1s consumidas, compartidas y defendidas del&hellip;\n","protected":false},"author":2,"featured_media":153524,"comment_status":"","ping_status":"","sticky":false,"template":"","format":"standard","meta":{"footnotes":""},"categories":[92],"tags":[12640,6185,5532,12641,12642,12639,25,24,165,12648,12643,166,13476,23,12644,2606],"class_list":{"0":"post-153523","1":"post","2":"type-post","3":"status-publish","4":"format-standard","5":"has-post-thumbnail","7":"category-salud","8":"tag-aprender-y-mas","9":"tag-cafe","10":"tag-cardiologo","11":"tag-consejos-utiles","12":"tag-curiosidades-y-trucos","13":"tag-dudas-y-respuestas","14":"tag-es","15":"tag-espana","16":"tag-health","17":"tag-ia-news","18":"tag-noticias-interesantes","19":"tag-salud","20":"tag-salud-y-bienestar","21":"tag-spain","22":"tag-trucos-para-ahorrar","23":"tag-vida"},"share_on_mastodon":{"url":"","error":""},"_links":{"self":[{"href":"https:\/\/www.europesays.com\/es\/wp-json\/wp\/v2\/posts\/153523","targetHints":{"allow":["GET"]}}],"collection":[{"href":"https:\/\/www.europesays.com\/es\/wp-json\/wp\/v2\/posts"}],"about":[{"href":"https:\/\/www.europesays.com\/es\/wp-json\/wp\/v2\/types\/post"}],"author":[{"embeddable":true,"href":"https:\/\/www.europesays.com\/es\/wp-json\/wp\/v2\/users\/2"}],"replies":[{"embeddable":true,"href":"https:\/\/www.europesays.com\/es\/wp-json\/wp\/v2\/comments?post=153523"}],"version-history":[{"count":0,"href":"https:\/\/www.europesays.com\/es\/wp-json\/wp\/v2\/posts\/153523\/revisions"}],"wp:featuredmedia":[{"embeddable":true,"href":"https:\/\/www.europesays.com\/es\/wp-json\/wp\/v2\/media\/153524"}],"wp:attachment":[{"href":"https:\/\/www.europesays.com\/es\/wp-json\/wp\/v2\/media?parent=153523"}],"wp:term":[{"taxonomy":"category","embeddable":true,"href":"https:\/\/www.europesays.com\/es\/wp-json\/wp\/v2\/categories?post=153523"},{"taxonomy":"post_tag","embeddable":true,"href":"https:\/\/www.europesays.com\/es\/wp-json\/wp\/v2\/tags?post=153523"}],"curies":[{"name":"wp","href":"https:\/\/api.w.org\/{rel}","templated":true}]}}