{"id":153527,"date":"2025-10-02T20:59:12","date_gmt":"2025-10-02T20:59:12","guid":{"rendered":"https:\/\/www.europesays.com\/es\/153527\/"},"modified":"2025-10-02T20:59:12","modified_gmt":"2025-10-02T20:59:12","slug":"asi-son-las-nuevas-camaras-google-nest-cam-potenciadas-con-gemini-para-home-gadgets-smartlife","status":"publish","type":"post","link":"https:\/\/www.europesays.com\/es\/153527\/","title":{"rendered":"As\u00ed son las nuevas c\u00e1maras Google Nest Cam potenciadas con Gemini para Home | Gadgets | Smartlife"},"content":{"rendered":"<p class=\"\">Est\u00e1 claro que Google ten\u00eda preparado un aluvi\u00f3n de novedades para responder a la reciente <a href=\"https:\/\/cincodias.elpais.com\/smartlife\/gadgets\/2025-10-01\/nuevas-blink-mini-2k-blink-outdoor-2k-blink-arc.html\" target=\"_self\" rel=\"nofollow noopener\" title=\"https:\/\/cincodias.elpais.com\/smartlife\/gadgets\/2025-10-01\/nuevas-blink-mini-2k-blink-outdoor-2k-blink-arc.html\">presentaci\u00f3n de Amazon<\/a>, y no nos ha decepcionado. De esta manera, Google acaba de presentar <b>nuevas c\u00e1maras Nest Cam de interior y exterior. <\/b><\/p>\n<p class=\"\">\u00bfSu gran novedad? El motor que las impulsa: Gemini, la inteligencia artificial generativa de la compa\u00f1\u00eda, que llega para <b>transformar por completo la manera en la que nos relacionamos con nuestros dispositivos dentro del ecosistema de Google..<\/b><\/p>\n<p>As\u00ed son las nuevas c\u00e1maras inteligentes Google Nest de 2025<\/p>\n<p class=\"\">Comenzaremos por la Google <b>Nest Cam 2K Indoor con cable, un modelo que <\/b>est\u00e1 dise\u00f1ada espec\u00edficamente para interiores. Ofrece una <b>resoluci\u00f3n 2K con HDR<\/b>, adem\u00e1 de un <b>campo de visi\u00f3n de 152 grados<\/b> en formato 16:9.<\/p>\n<p class=\"\">Por si no fuera suficiente, la nueva <b>Nest Cam 2K Indoor de 2025 tambi\u00e9n ofrece visi\u00f3n nocturna por infrarrojos<\/b>, y permite almacenar hasta <b>6 horas de historial de v\u00eddeo<\/b> en la nube, con clips individuales de hasta 10 segundos. Se alimenta por cable, lo que asegura una conexi\u00f3n constante sin preocuparse por recargar bater\u00edas.<\/p>\n<p class=\"\">Por su parte, la Google <b>Nest Cam Indoor\/Outdoor 1080p con bater\u00eda<\/b> es m\u00e1s vers\u00e1til gracias a su dise\u00f1o sin cables, ideal para zonas donde no hay enchufes o para instalaciones en exteriores. Cuenta con <b>resoluci\u00f3n Full HD 1080p con HDR<\/b>, adem\u00e1s de ium <b>campo de visi\u00f3n es de 130 grados<\/b>.<\/p>\n<p class=\"\">Este modelo destaca porque funciona con una <b>bater\u00eda recargable<\/b>, lo que facilita su instalaci\u00f3n y movilidad, y permite almacenar hasta <b>3 horas de historial de v\u00eddeo<\/b>, con clips de hasta 3 minutos de duraci\u00f3n. Pero lo mejor de estas c\u00e1maras es la llegada de Gemini para Home.<\/p>\n<p>Gemini para Home: la IA que lo une todo<\/p>\n<p class=\"\">Estas nuevas Nest forman parte de una actualizaci\u00f3n profunda del ecosistema Google Home. Gemini sustituye al Asistente de Google en pantallas y altavoces, y lo hace a lo grande, mejorando de forma sensible el concepto de hogar conectado. <\/p>\n<p class=\"\">Hasta ahora, las c\u00e1maras inteligentes de la gran G funcionaban como sensores pasivos: detectaban movimiento, personas o paquetes y enviaban notificaciones gen\u00e9ricas. Pero las nuevas Google Nest Cam mejoran notablemente. Gracias a Gemini, ahora son capaces de <b>entender lo que ocurre frente a ellas<\/b> con un nivel de detalle in\u00e9dito.<\/p>\n<p><img decoding=\"auto\" class=\"_re lazyload a_m-h\" height=\"239\"  width=\"414\"  src=\"https:\/\/www.europesays.com\/es\/wp-content\/uploads\/2025\/10\/UK5YILUBI5HNRLHHKVJAQ3XR6M.jpg\" loading=\"lazy\"\/>Gemini para HomeGoogle<\/p>\n<p class=\"\">Ya no recibir\u00e1s una simple alerta de \u201cpersona detectada\u201d, sino algo mucho m\u00e1s \u00fatil como \u201cUna persona con camisa azul de cuadros y pantalones verdes chuta una pelota de f\u00fatbol en el jard\u00edn.\u201d El futuro ya est\u00e1 aqu\u00ed.<\/p>\n<p class=\"\">Tampoco faltar\u00e1n funciones como <b>Gemini Live<\/b>, y que te permiten mantener conversaciones fluidas con tu casa, o saber lo que ha pasado en el d\u00eda con el<b> resumen diario de Home Brief<\/b>. Una funci\u00f3n que te contar\u00e1 lo importante, con videoclips incluidos.<\/p>\n<p> Disponibilidad y precios: dos modelos Nest Cam con la inteligencia de Gemini<img decoding=\"auto\" class=\"_re lazyload a_m-h\" height=\"239\"  width=\"414\"  src=\"https:\/\/www.europesays.com\/es\/wp-content\/uploads\/2025\/10\/SCQBRFEA45GQLHVEFO5FKAEIBQ.jpg\" loading=\"lazy\"\/>Nuevas c\u00e1maras Google NestGoogle <\/p>\n<p class=\"\">Respecto al precio y fecha de lanzamiento, la <b>Google Nest Cam 2K Indoor con cable<\/b> ya est\u00e1 disponible en la tienda oficial de Google por <b>99,99 euros<\/b>.<\/p>\n<p class=\"\">Por otro lado, la <b>Google Nest Cam Indoor\/Outdoor 1080p<\/b> ya se puede adquirir por <b>199,99 euros<\/b>.<\/p>\n","protected":false},"excerpt":{"rendered":"Est\u00e1 claro que Google ten\u00eda preparado un aluvi\u00f3n de novedades para responder a la reciente presentaci\u00f3n de Amazon,&hellip;\n","protected":false},"author":2,"featured_media":153528,"comment_status":"","ping_status":"","sticky":false,"template":"","format":"standard","meta":{"footnotes":""},"categories":[81],"tags":[46256,119,123,124,2308,25,24,3826,5003,10904,117,121,122,23,118,120],"class_list":{"0":"post-153527","1":"post","2":"type-post","3":"status-publish","4":"format-standard","5":"has-post-thumbnail","7":"category-ciencia-y-tecnologia","8":"tag-camaras-video","9":"tag-ciencia","10":"tag-ciencia-y-tecnologia","11":"tag-cienciaytecnologia","12":"tag-empresas","13":"tag-es","14":"tag-espana","15":"tag-gadgets","16":"tag-google","17":"tag-informatica","18":"tag-science","19":"tag-science-and-technology","20":"tag-scienceandtechnology","21":"tag-spain","22":"tag-technology","23":"tag-tecnologia"},"share_on_mastodon":{"url":"","error":""},"_links":{"self":[{"href":"https:\/\/www.europesays.com\/es\/wp-json\/wp\/v2\/posts\/153527","targetHints":{"allow":["GET"]}}],"collection":[{"href":"https:\/\/www.europesays.com\/es\/wp-json\/wp\/v2\/posts"}],"about":[{"href":"https:\/\/www.europesays.com\/es\/wp-json\/wp\/v2\/types\/post"}],"author":[{"embeddable":true,"href":"https:\/\/www.europesays.com\/es\/wp-json\/wp\/v2\/users\/2"}],"replies":[{"embeddable":true,"href":"https:\/\/www.europesays.com\/es\/wp-json\/wp\/v2\/comments?post=153527"}],"version-history":[{"count":0,"href":"https:\/\/www.europesays.com\/es\/wp-json\/wp\/v2\/posts\/153527\/revisions"}],"wp:featuredmedia":[{"embeddable":true,"href":"https:\/\/www.europesays.com\/es\/wp-json\/wp\/v2\/media\/153528"}],"wp:attachment":[{"href":"https:\/\/www.europesays.com\/es\/wp-json\/wp\/v2\/media?parent=153527"}],"wp:term":[{"taxonomy":"category","embeddable":true,"href":"https:\/\/www.europesays.com\/es\/wp-json\/wp\/v2\/categories?post=153527"},{"taxonomy":"post_tag","embeddable":true,"href":"https:\/\/www.europesays.com\/es\/wp-json\/wp\/v2\/tags?post=153527"}],"curies":[{"name":"wp","href":"https:\/\/api.w.org\/{rel}","templated":true}]}}