{"id":153531,"date":"2025-10-02T21:01:09","date_gmt":"2025-10-02T21:01:09","guid":{"rendered":"https:\/\/www.europesays.com\/es\/153531\/"},"modified":"2025-10-02T21:01:09","modified_gmt":"2025-10-02T21:01:09","slug":"flotilla-global-sumud-que-se-dirigia-a-gaza-bulos-y-desinformacion","status":"publish","type":"post","link":"https:\/\/www.europesays.com\/es\/153531\/","title":{"rendered":"Flotilla Global Sumud que se dirig\u00eda a Gaza: bulos y\u00a0desinformaci\u00f3n"},"content":{"rendered":"<p style=\"text-align:justify;\">Israel ha interceptado la Flotilla Global Sumud, la flota que se dirig\u00eda a la Franja de Gaza con ayuda humanitaria. La operaci\u00f3n ha dejado im\u00e1genes que muestran el momento en que militares israel\u00edes han abordado las embarcaciones, pero en redes sociales se han difundido contenidos que se presentan como si correspondieran a este episodio a pesar de que no guardan relaci\u00f3n con \u00e9l. <strong>Desde v\u00eddeos descontextualizados a im\u00e1genes generadas con Inteligencia Artificial, <\/strong>en VerificaRTVE recopilamos y desmontamos los bulos que han circulado sobre la Global Sumud Flotilla. <\/p>\n<p>Este v\u00eddeo no muestra la llegada del Mikeno a la costa de Gaza <\/p>\n<p style=\"text-align:justify;\">Se ha difundido en X un <a href=\"https:\/\/archive.ph\/Lod9O\" target=\"_blank\" rel=\"nofollow noopener\">v\u00eddeo <\/a>en el que una multitud jalea en una playa a un grupo en la orilla que porta una gran bandera palestina. Un mensaje publicado el 2 de octubre adjunta la grabaci\u00f3n y asegura que se trata de la llegada a la costa de Gaza de uno de los componentes de la Flotilla, el barco Mikenos. La misma cuenta ha enviado <a href=\"https:\/\/archive.ph\/dLTph\" target=\"_blank\" rel=\"nofollow noopener\">otro mensaje<\/a> en el que aseguraba que la llegada del barco no hab\u00eda sido verificada. Ambos mensajes han sido borrados. <\/p>\n<p>Capturas de pantalla del v\u00eddeo compartido como la llegada del Mykonos a Gaza\u00a0VerificaRTVE<\/p>\n<p style=\"text-align:justify;\"><strong>Este v\u00eddeo no muestra la llegada del Mikenos a la costa de Gaza. <\/strong>La cuenta que difunde la grabaci\u00f3n no es el perfil oficial de la Flotilla en la red social X, <a href=\"https:\/\/x.com\/gbsumudflotilla\" target=\"_blank\" rel=\"nofollow\">@gbsumudflotilla<\/a>. Una b\u00fasqueda inversa de imagen revela que la misma grabaci\u00f3n ya circulaba en Internet tanto el 30 de septiembre como el 1 de octubre en <a href=\"https:\/\/www.tiktok.com\/@rashi_rashi92\/video\/7555485956590030087\" target=\"_blank\" rel=\"nofollow noopener\">TikTok<\/a>,<a href=\"https:\/\/www.facebook.com\/watch\/?v=1306716354510573\" rel=\"nofollow noopener\" target=\"_blank\"> Facebook <\/a>y <a href=\"https:\/\/www.youtube.com\/shorts\/WEpaWB3Dr24\" target=\"_blank\" rel=\"nofollow noopener\">YouTube<\/a>. En el momento de publicarse esta informaci\u00f3n, el barco Mikeno sigue anclado frente a la costa de Gaza sin tocar tierra y sin emitir se\u00f1al GPS desde las 8 de la ma\u00f1ana del 2 de octubre, como <a href=\"https:\/\/x.com\/telediario_tve\/status\/1973735965379412263\" rel=\"nofollow\">te hemos explicado en el Telediario<\/a> de TVE. El Gobierno israel\u00ed ha advertido que ser\u00e1 detenido.<\/p>\n<p>Israel no hab\u00eda detenido a toda la Flotilla Global Sumud el 1 de octubre<\/p>\n<p style=\"text-align:justify;\">Un mensaje difundido en redes sociales el 1 de octubre aseguraba que Israel hab\u00eda arrestado a toda la Flotilla Global Sumud. \u00abLevanta tu mano si tambi\u00e9n celebras el arresto de toda la Flotilla Global Sumud de Greta Thunberg por parte de Israel\u00bb, leemos en la publicaci\u00f3n <strong>compartida en X m\u00e1s de 1.000 veces<\/strong>. El texto adjunta una imagen de varias embarcaciones que portan la bandera de Palestina y escritos en los que se lee \u00abAyuda para Gaza\u00bb y \u00abSumud Flotilla\u00bb. <strong>Es enga\u00f1oso.<\/strong><\/p>\n<p>Publicaci\u00f3n que difunde una imagen creada con IA para afirmar que \u00abtoda\u00bb la Flotilla ha sido detenida el 1 de octubre\u00a0VerificaRTVE<\/p>\n<p style=\"text-align:justify;\"><strong>Israel no hab\u00eda detenido a toda la Flotilla Global Sumud el 1 de octubre.<\/strong> El Ministerio de Asuntos Exteriores de Israel <a href=\"https:\/\/x.com\/IsraelMFA\/status\/1973699335347937479\" target=\"_blank\" rel=\"nofollow\">ha informado en su perfil de X<\/a> de que ha dado por finalizada la operaci\u00f3n contra la flota a las 12:30 h. del 2 de octubre. Desde esta cuenta, han puntualizado que \u00abun \u00faltimo buque permanece a distancia\u00bb. Tal y como te hemos contado en <a href=\"https:\/\/www.rtve.es\/noticias\/20251001\/guerra-israel-gaza-directo-ultima-hora-hoy\/16751540.shtml#:~:text=La%20Global%20Sumud%20Flotilla%2C%20casi%20completamente%20desarticulada%20y%20con%20m%C3%A1s%20del%2090%25%20de%20sus%20integrantes%20detenidos%C2%A0por%20fuerzas%20israel%C3%ADes%2C%20mantiene%20el%20barco%20Summertime%20%2Dde%20apoyo%20legal%2D%20en%20el%20Mediterr%C3%A1neo%2C%20tras%20la%20interceptaci%C3%B3n%20de%20m%C3%A1s%20de%2040%20embarcaciones%20cuando%20se%20aproximaban%20a%20Gaza.%C2%A0\" rel=\"nofollow noopener\" target=\"_blank\">RTVE<\/a>, la tarde del jueves 2 de octubre la Global Sumud Flotilla ha quedado casi completamente desarticulada  con m\u00e1s del 90% de sus integrantes detenidos por fuerzas israel\u00edes\u00bb. Por tanto, a diferencia de lo que afirmaba el mensaje de redes, el 1 de octubre por la noche Israel no hab\u00eda arrestado a toda la Flotilla Global Sumud. <strong>Adem\u00e1s, esta publicaci\u00f3n comparte una foto falsa<\/strong>. Hemos analizado la instant\u00e1nea del mensaje con las herramientas de detecci\u00f3n de IA <a href=\"https:\/\/hivemoderation.com\/ai-generated-content-detection\" target=\"_blank\" rel=\"nofollow noopener\">Hive <\/a>y la plataforma de IVERES y ambas concluyen que se trata de un contenido generado con esta tecnolog\u00eda con un 98% de confianza en su predicci\u00f3n.<\/p>\n<p>Esta fotograf\u00eda de la flotilla est\u00e1 generada mediante inteligencia artificial <\/p>\n<p style=\"text-align:justify;\">Tambi\u00e9n circula por redes sociales una fotograf\u00eda que muestra varios nav\u00edos en alta mar y lo presentan como la Global Sumud Flotilla en las inmediaciones de Gaza. \u00abLa Global Sumud Flotilla est\u00e1 cerca de Gaza\u00bb leemos en una publicaci\u00f3n en ingl\u00e9s del 1 de octubre compartida m\u00e1s de 6.000 veces en X. <strong>Es falso.<\/strong><\/p>\n<p>Mensaje que difunde una foto generada con IA como si fuera real\u00a0VerificaRTVE<\/p>\n<p style=\"text-align:justify;\"><strong>La fotograf\u00eda ha sido generada mediante inteligencia artificial. <\/strong>Hemos analizado la instant\u00e1nea con las plataformas <a href=\"https:\/\/decopy.ai\/ai-image-detector\/\" target=\"_blank\" rel=\"nofollow noopener\">Decopy <\/a>e <a href=\"https:\/\/iveres.es\/\" target=\"_blank\" rel=\"nofollow noopener\">IVERES <\/a>especializadas en la detecci\u00f3n de im\u00e1genes generadas por inteligencia artificial. Ambas coinciden en que se trata de un contenido generado mediante esta tecnolog\u00eda <strong>con m\u00e1s de un 95% de confianza en su predicci\u00f3n.<\/strong> Adem\u00e1s, hemos detectado inconsistencias que delatan la naturaleza alterada de la imagen. Es el caso de las banderas de Palestina que flotan en el aire en algunas embarcaciones.<\/p>\n<p>A la izquierda, resultado de la herramienta Decopy. A la derecha, resultado de la herramienta del proyecto de IVERES\u00a0VerificaRTVE<\/p>\n<p>No es la Global Sumud Flotilla rumbo a Gaza, son barcos pesqueros en China<\/p>\n<p style=\"text-align:justify;\">Circula un v\u00eddeo de 16 segundos de duraci\u00f3n en redes sociales que muestra varios nav\u00edos que navegan en el agua y lo presentan como si fuesen im\u00e1genes de los barcos de camino a la Franja. \u00abLa Flotilla Global Sumud rumbo a Gaza. 50 barcos. 44 pa\u00eds (sic)\u00bb, leemos en un mensaje compartido m\u00e1s de 4.000 veces en X desde el 30 de septiembre. La grabaci\u00f3n incrusta un r\u00f3tulo en ingl\u00e9s en el que se lee \u00abla ayuda est\u00e1 en camino\u00bb. <strong>Es falso.<\/strong><\/p>\n<p>Mensaje que difunde la falsa idea de que el v\u00eddeo muestra a la Flotilla Global Sumud\u00a0VerificaRTVE<\/p>\n<p style=\"text-align:justify;\"><strong>Las im\u00e1genes presentan buques pesqueros en China que no guardan relaci\u00f3n con la situaci\u00f3n humanitaria en Gaza.<\/strong> A trav\u00e9s de una b\u00fasqueda inversa encontramos la grabaci\u00f3n difundida al menos desde el 1 de septiembre en la <a href=\"https:\/\/www.bilibili.com\/video\/BV118aEztEkC\/?spm_id_from=333.788.player.switch\" target=\"_blank\" rel=\"nofollow noopener\">plataforma china Bili Bili<\/a>. \u00abLa temporada de pesca ha terminado en el mar Amarillo y el mar de Bohai, y muchos barcos pesqueros est\u00e1n navegando en Shandong\u00bb, dice la publicaci\u00f3n en chino. Seg\u00fan inform\u00f3 el medio chino Global Times el 2 de septiembre, el d\u00eda anterior s<a href=\"https:\/\/www.globaltimes.cn\/page\/202509\/1342360.shtml\" target=\"_blank\" rel=\"nofollow noopener\">e puso fin a la prohibici\u00f3n de pesca de verano vigente durante cuatro meses<\/a> en el mar de Bohai y el mar Amarillo. <\/p>\n<p>\t\t\t\t\t\t<script async src=\"\/\/www.tiktok.com\/embed.js\"><\/script><\/p>\n","protected":false},"excerpt":{"rendered":"Israel ha interceptado la Flotilla Global Sumud, la flota que se dirig\u00eda a la Franja de Gaza con&hellip;\n","protected":false},"author":2,"featured_media":153532,"comment_status":"","ping_status":"","sticky":false,"template":"","format":"standard","meta":{"footnotes":""},"categories":[42],"tags":[17,18,13,14,11,61,62,63,64,19,20,9,10,15,16,12,21,22,65,66,67],"class_list":{"0":"post-153531","1":"post","2":"type-post","3":"status-publish","4":"format-standard","5":"has-post-thumbnail","7":"category-internacional","8":"tag-breaking-news","9":"tag-breakingnews","10":"tag-featured-news","11":"tag-featurednews","12":"tag-headlines","13":"tag-internacional","14":"tag-international","15":"tag-international-news","16":"tag-internationalnews","17":"tag-latest-news","18":"tag-latestnews","19":"tag-news","20":"tag-noticias","21":"tag-noticias-destacadas","22":"tag-noticiasdestacadas","23":"tag-titulares","24":"tag-ultimas-noticias","25":"tag-ultimasnoticias","26":"tag-world","27":"tag-world-news","28":"tag-worldnews"},"share_on_mastodon":{"url":"","error":""},"_links":{"self":[{"href":"https:\/\/www.europesays.com\/es\/wp-json\/wp\/v2\/posts\/153531","targetHints":{"allow":["GET"]}}],"collection":[{"href":"https:\/\/www.europesays.com\/es\/wp-json\/wp\/v2\/posts"}],"about":[{"href":"https:\/\/www.europesays.com\/es\/wp-json\/wp\/v2\/types\/post"}],"author":[{"embeddable":true,"href":"https:\/\/www.europesays.com\/es\/wp-json\/wp\/v2\/users\/2"}],"replies":[{"embeddable":true,"href":"https:\/\/www.europesays.com\/es\/wp-json\/wp\/v2\/comments?post=153531"}],"version-history":[{"count":0,"href":"https:\/\/www.europesays.com\/es\/wp-json\/wp\/v2\/posts\/153531\/revisions"}],"wp:featuredmedia":[{"embeddable":true,"href":"https:\/\/www.europesays.com\/es\/wp-json\/wp\/v2\/media\/153532"}],"wp:attachment":[{"href":"https:\/\/www.europesays.com\/es\/wp-json\/wp\/v2\/media?parent=153531"}],"wp:term":[{"taxonomy":"category","embeddable":true,"href":"https:\/\/www.europesays.com\/es\/wp-json\/wp\/v2\/categories?post=153531"},{"taxonomy":"post_tag","embeddable":true,"href":"https:\/\/www.europesays.com\/es\/wp-json\/wp\/v2\/tags?post=153531"}],"curies":[{"name":"wp","href":"https:\/\/api.w.org\/{rel}","templated":true}]}}