{"id":153533,"date":"2025-10-02T21:02:07","date_gmt":"2025-10-02T21:02:07","guid":{"rendered":"https:\/\/www.europesays.com\/es\/153533\/"},"modified":"2025-10-02T21:02:07","modified_gmt":"2025-10-02T21:02:07","slug":"arranca-una-para-en-gines-la-gran-cita-turistica-de-este-fin-de-semana-en-toda-andalucia-ayuntamiento-de-gines","status":"publish","type":"post","link":"https:\/\/www.europesays.com\/es\/153533\/","title":{"rendered":"Arranca Una Par\u00e1 en Gines, la gran cita tur\u00edstica de este fin de semana en toda Andaluc\u00eda &#8211; Ayuntamiento de Gines"},"content":{"rendered":"<ol>\n<li><a href=\"https:\/\/news.google.com\/rss\/articles\/CBMiywFBVV95cUxOSkNjcHdQQmFtUDRyUXNidVkzRW9pVGtOcTZfd2I2cXZzanlhN3FyalhxWm9IY0d5UXNRUGtreWtvYWVDZklkNjRadzNpOU5kNjF6emg1ZWJXVjdoSFI4LTlqel9UcGRoUXNESW56SWpmMDhEcGZmbDY3VVl6ZmFldmkwRllkNURuSWJ6anlMYTZWWmZwUHRpVGY1UzI0aG1mSzd0Sy14aU1JRU5CbVFwNWFvWGhjWkdUMHpKMGpWclRfaGxObWRQRTc2OA?oc=5\" target=\"_blank\" rel=\"nofollow noopener\">Arranca Una Par\u00e1 en Gines, la gran cita tur\u00edstica de este fin de semana en toda Andaluc\u00eda<\/a>&nbsp;&nbsp;Ayuntamiento de Gines<\/li>\n<li><a href=\"https:\/\/news.google.com\/rss\/articles\/CBMikgFBVV95cUxPRWc3MXdYb3ZpMm1JZGVMYk9YcDhNdHFkSU9pRjd2NFhDOG9PTGRjbUdRQWluQmpSQVdyVTF1djNwU0gwMmdmRUJpOS0xTWJlc3ZWOGpDRkl1ZDdscTdWNE8waENIY0tWMDFCQ2JGNVY0OUxnQmtUYWVheFl5NEFwVExzUUpnTFc3N24zZHBUeXAwZ9IBlwFBVV95cUxOSDhIbUZZTkIxd0k5c1U0bkp4TjR1OVktX3JTWGJjSndfdnhvYlhhZjZmMkhieDlkOVpSWGZ2U3NCUUlZR2lMdmVMYkJBX0llb3c4blZhNmg0NkFWMDFjZWRwOTNhbHZMVjVPb0ZlZWQ2R2tOaUpQakxIZEFocmN2S2tNWGJYcUZ6OFpMa3VYS1RIUy1hUTFN?oc=5\" target=\"_blank\" rel=\"nofollow noopener\">La moda de \u2018We Love Flamenco\u2019 inaugura \u2018Una Par\u00e1 en Gines\u2019<\/a>&nbsp;&nbsp;Diario de Sevilla<\/li>\n<li><a href=\"https:\/\/news.google.com\/rss\/articles\/CBMirwFBVV95cUxQNHRWMmdXRDhuRTlkbzFPTElxWExQSEhwOENXWmNiRFVwQ18yNVRZVG5UaG9ER08yc29WcXRnRkRIdnFjM1RXU0M0N0RNQ3Jmd2YxNklpZlhySl9FYXlJRVZhRHFCbkdwQksxbmtVRGthWjVyeXppeW8wejFSd0FNVnp1RWljOVk3dEQtQVNDSjl0ZnZBd1dGdmRCbzU5Skt2cGM0a3J4eGxzWGdTeG1v?oc=5\" target=\"_blank\" rel=\"nofollow noopener\">Una representaci\u00f3n a caballo de la Guardia Real, en La Par\u00e1 de Gines<\/a>&nbsp;&nbsp;Ayuntamiento de Gines<\/li>\n<li><a href=\"https:\/\/news.google.com\/rss\/articles\/CBMi1AFBVV95cUxQQWFBMnlMRHdZUzhQNkV0b2tzRTVIeUdLWURvc2VzYjg5TzBzcl91X1JCX1BmQmF5VmFBYmFlVE5hOG5RZm04cXk4YU5OU25WQjNZY0JUUlZxZGRLUkJteDdDQjZuZnk0Vk54VGw1NEFibmNNSEJheTdYX05MR3NrV25MajU2eWpaZDI1bjRKQndKZm1lYWh1YnhzaHR1RjF5YkUycVRlRzhCLU4zVFBvOGRGNGplXzR6UkMzV2RIcFk1dnU5ZUVDMHN6R25wOVVKc2V6Rg?oc=5\" target=\"_blank\" rel=\"nofollow noopener\">Una Par\u00e1 en Gines llega con importantes novedades impregnadas de tradici\u00f3n que sorprender\u00e1n al p\u00fablico<\/a>&nbsp;&nbsp;Aljarafe y m\u00e1s<\/li>\n<li><a href=\"https:\/\/news.google.com\/rss\/articles\/CBMipwFBVV95cUxQcU0zTWktcVczNVlIR0pRUnA5X0t6VWlVTG1yaThZZXcybDVEREtNdnozUGVZQVVXTzJoa2stT05TelNXRjNRd2RnQlp6amVTemZ1cGdjTWd3R1lLZnZYenQwSkszZEN3TkFMVUI3cTkxM0EzWEZud2JCUUdzS25CVTZlQ3J2cFUycGFNNjRVRzItcTR3akR4VEp6NEx5TS1zOFE3ejV0QQ?oc=5\" target=\"_blank\" rel=\"nofollow noopener\">\u201cUna Par\u00e1 en Gines\u201d abre su 17\u00aa edici\u00f3n con el desfile \u2018We Love Flamenco\u2019<\/a>&nbsp;&nbsp;Sevilla Buenas Noticias<\/li>\n<\/ol>\n","protected":false},"excerpt":{"rendered":"Arranca Una Par\u00e1 en Gines, la gran cita tur\u00edstica de este fin de semana en toda Andaluc\u00eda&nbsp;&nbsp;Ayuntamiento de&hellip;\n","protected":false},"author":2,"featured_media":153310,"comment_status":"","ping_status":"","sticky":false,"template":"","format":"standard","meta":{"footnotes":""},"categories":[8],"tags":[17,18,25,24,13,14,11,19,20,9,10,15,16,23,12,21,22],"class_list":{"0":"post-153533","1":"post","2":"type-post","3":"status-publish","4":"format-standard","5":"has-post-thumbnail","7":"category-espana","8":"tag-breaking-news","9":"tag-breakingnews","10":"tag-es","11":"tag-espana","12":"tag-featured-news","13":"tag-featurednews","14":"tag-headlines","15":"tag-latest-news","16":"tag-latestnews","17":"tag-news","18":"tag-noticias","19":"tag-noticias-destacadas","20":"tag-noticiasdestacadas","21":"tag-spain","22":"tag-titulares","23":"tag-ultimas-noticias","24":"tag-ultimasnoticias"},"share_on_mastodon":{"url":"","error":""},"_links":{"self":[{"href":"https:\/\/www.europesays.com\/es\/wp-json\/wp\/v2\/posts\/153533","targetHints":{"allow":["GET"]}}],"collection":[{"href":"https:\/\/www.europesays.com\/es\/wp-json\/wp\/v2\/posts"}],"about":[{"href":"https:\/\/www.europesays.com\/es\/wp-json\/wp\/v2\/types\/post"}],"author":[{"embeddable":true,"href":"https:\/\/www.europesays.com\/es\/wp-json\/wp\/v2\/users\/2"}],"replies":[{"embeddable":true,"href":"https:\/\/www.europesays.com\/es\/wp-json\/wp\/v2\/comments?post=153533"}],"version-history":[{"count":0,"href":"https:\/\/www.europesays.com\/es\/wp-json\/wp\/v2\/posts\/153533\/revisions"}],"wp:featuredmedia":[{"embeddable":true,"href":"https:\/\/www.europesays.com\/es\/wp-json\/wp\/v2\/media\/153310"}],"wp:attachment":[{"href":"https:\/\/www.europesays.com\/es\/wp-json\/wp\/v2\/media?parent=153533"}],"wp:term":[{"taxonomy":"category","embeddable":true,"href":"https:\/\/www.europesays.com\/es\/wp-json\/wp\/v2\/categories?post=153533"},{"taxonomy":"post_tag","embeddable":true,"href":"https:\/\/www.europesays.com\/es\/wp-json\/wp\/v2\/tags?post=153533"}],"curies":[{"name":"wp","href":"https:\/\/api.w.org\/{rel}","templated":true}]}}