{"id":153534,"date":"2025-10-02T21:03:12","date_gmt":"2025-10-02T21:03:12","guid":{"rendered":"https:\/\/www.europesays.com\/es\/153534\/"},"modified":"2025-10-02T21:03:12","modified_gmt":"2025-10-02T21:03:12","slug":"europa-se-manifiesta-para-protestar-por-el-genocidio-en-gaza-y-la-intercepcion-de-la-flotilla-sociedad","status":"publish","type":"post","link":"https:\/\/www.europesays.com\/es\/153534\/","title":{"rendered":"Europa se manifiesta para protestar por el genocidio en Gaza y la intercepci\u00f3n de la flotilla | Sociedad"},"content":{"rendered":"<p>Europa ha dicho basta. Miles de ciudadanos por todo el continente se manifiestan este jueves en apoyo a los activistas de la flotilla rumbo a Gaza que han sido detenidos por el ej\u00e9rcito israel\u00ed a pocos kil\u00f3metros de llegar a las costas de la Franja. Israel ha asaltado las 50 embarcaciones que formaban parte de la iniciativa y los tripulantes, entre ellos 50 espa\u00f1oles, esperan ahora a ser interrogados y deportados de nuevo a Europa. <\/p>\n<p>M\u00e1s informaci\u00f3n<\/p>\n<p>Barcelona acoge la manifestaci\u00f3n m\u00e1s multitudinaria de Espa\u00f1a en estos momentos, donde se han concentrado decenas de miles de personas en la zona mar\u00edtima rodeando el puerto de la ciudad condal. En Madrid la gente est\u00e1 emprendiendo una marcha desde el c\u00e9ntrico ministerio de Exteriores hasta la fuente de Neptuno. Los asistentes han coreado contra el genocidio y en defensa de la flotilla. \u00abEstamos viendo un genocidio televisado\u00bb, manifiestan. <\/p>\n<p>En Berl\u00edn, Londres y Par\u00eds se han concentrado miles de personas en manifestaciones tranquilas y multitudinarias que se\u00f1alan a Israel. En la capital francesa se han sumado partidos pol\u00edticos como la Francia Insumisa y algunas personas han intentado bloquear la calle y trepar al monumento de la rep\u00fablica con banderas y pancartas. <\/p>\n<p>En Lisboa, miles de personas se han manifestado en la embajada del pa\u00eds hebreo y en Roma avanza una marcha que ha partido desde el m\u00edtico Coliseo. Este viernes los sindicatos han convocado una huelga general en Italia en apoyo a Gaza que pretende paralizar el pa\u00eds. <\/p>\n<p><img loading=\"lazy\" decoding=\"async\" src=\"https:\/\/www.europesays.com\/es\/wp-content\/uploads\/2025\/10\/https:\/\/sdmedia.playser.cadenaser.com\/mcv\/playser\/multimedia\/20251002\/1095289_190436_still.0000001.j.jpeg\" width=\"16\" height=\"9\"\/><\/p>\n","protected":false},"excerpt":{"rendered":"Europa ha dicho basta. Miles de ciudadanos por todo el continente se manifiestan este jueves en apoyo a&hellip;\n","protected":false},"author":2,"featured_media":153535,"comment_status":"","ping_status":"","sticky":false,"template":"","format":"standard","meta":{"footnotes":""},"categories":[5],"tags":[17,18,25,24,13,14,11,19,20,9,10,15,16,23,12,21,22],"class_list":{"0":"post-153534","1":"post","2":"type-post","3":"status-publish","4":"format-standard","5":"has-post-thumbnail","7":"category-titulares","8":"tag-breaking-news","9":"tag-breakingnews","10":"tag-es","11":"tag-espana","12":"tag-featured-news","13":"tag-featurednews","14":"tag-headlines","15":"tag-latest-news","16":"tag-latestnews","17":"tag-news","18":"tag-noticias","19":"tag-noticias-destacadas","20":"tag-noticiasdestacadas","21":"tag-spain","22":"tag-titulares","23":"tag-ultimas-noticias","24":"tag-ultimasnoticias"},"share_on_mastodon":{"url":"","error":""},"_links":{"self":[{"href":"https:\/\/www.europesays.com\/es\/wp-json\/wp\/v2\/posts\/153534","targetHints":{"allow":["GET"]}}],"collection":[{"href":"https:\/\/www.europesays.com\/es\/wp-json\/wp\/v2\/posts"}],"about":[{"href":"https:\/\/www.europesays.com\/es\/wp-json\/wp\/v2\/types\/post"}],"author":[{"embeddable":true,"href":"https:\/\/www.europesays.com\/es\/wp-json\/wp\/v2\/users\/2"}],"replies":[{"embeddable":true,"href":"https:\/\/www.europesays.com\/es\/wp-json\/wp\/v2\/comments?post=153534"}],"version-history":[{"count":0,"href":"https:\/\/www.europesays.com\/es\/wp-json\/wp\/v2\/posts\/153534\/revisions"}],"wp:featuredmedia":[{"embeddable":true,"href":"https:\/\/www.europesays.com\/es\/wp-json\/wp\/v2\/media\/153535"}],"wp:attachment":[{"href":"https:\/\/www.europesays.com\/es\/wp-json\/wp\/v2\/media?parent=153534"}],"wp:term":[{"taxonomy":"category","embeddable":true,"href":"https:\/\/www.europesays.com\/es\/wp-json\/wp\/v2\/categories?post=153534"},{"taxonomy":"post_tag","embeddable":true,"href":"https:\/\/www.europesays.com\/es\/wp-json\/wp\/v2\/tags?post=153534"}],"curies":[{"name":"wp","href":"https:\/\/api.w.org\/{rel}","templated":true}]}}