{"id":153536,"date":"2025-10-02T21:05:14","date_gmt":"2025-10-02T21:05:14","guid":{"rendered":"https:\/\/www.europesays.com\/es\/153536\/"},"modified":"2025-10-02T21:05:14","modified_gmt":"2025-10-02T21:05:14","slug":"talavante-recibira-el-trofeo-calatraveno-como-triunfador-de-la-feria-taurina-de-almodovar-del-campo","status":"publish","type":"post","link":"https:\/\/www.europesays.com\/es\/153536\/","title":{"rendered":"Talavante recibir\u00e1 el trofeo \u2018Calatrave\u00f1o\u2019 como triunfador de la Feria Taurina de Almod\u00f3var del Campo"},"content":{"rendered":"<p>El jurado del Club Taurino \u2018Almod\u00f3var\u2019 ha emitido el fallo de los diferentes galardones que anualmente concede con motivo de la Feria Taurina de Almod\u00f3var del Campo, cuyo m\u00e1ximo galard\u00f3n este a\u00f1o, el trofeo \u2018Calatrave\u00f1o\u2019 al triunfador del ciclo, ha reca\u00eddo en el diestro Alejandro Talavante.<\/p>\n<p>El torero extreme\u00f1o ha sido considerado el m\u00e1s destacado del ciclo, merecedor del prestigioso reconocimiento que le ser\u00e1 entregado, junto al resto de premiados, en la noche del pr\u00f3ximo s\u00e1bado 15 de noviembre, durante la cena de gala en El Mesto con que concluir\u00e1 la XXXIV Semana Cultural que organiza el colectivo que preside Carmelo Garc\u00eda.<\/p>\n<p>En esta edici\u00f3n, la figura de Morante de la Puebla ha sido tambi\u00e9n protagonista, en este caso por partida doble, al serle concedidos los trofeos a la mejor faena que lleva el nombre de \u2018Antonio S\u00e1nchez Puerto\u2019, y a la mejor estocada del serial, el trofeo \u2018Paco Camino\u2019.<\/p>\n<p>El palmar\u00e9s de grandes figuras reconocidas tras la feria septembrina que acogi\u00f3 el Coso Multifuncional \u2018Las Eras de Marta\u2019 se completa con los trofeos \u2018Victoriano de la Serna\u2019 al mejor toreo de capa para Juan Ortega y \u2018Antonio Ca\u00f1ero\u2019 al mejor rejoneador, que ha sido para Sergio Gal\u00e1n.<\/p>\n<p>En cuanto a los subalternos, el trofeo \u2018Modesto Prado\u2019 al mejor banderillero ha sido para Jos\u00e9 \u00c1ngel Mu\u00f1oz, \u2018Perico\u2019 y el trofeo \u2018Michelin\u2019 al mejor subalterno de Brega para Jorge Fuentes.<\/p>\n<p>Adem\u00e1s, el jurado tambi\u00e9n ha fallado el trofeo \u2018Valle de Alcudia\u2019 al mejor recortador provincial, que ha reca\u00eddo en Jes\u00fas Ponce y especialmente el Memorial \u2018Reina Rinc\u00f3n\u2019 a Diputaci\u00f3n Provincial de Ciudad Real, en reconocimiento a su firme y decidida apuesta en la defensa de la fiesta de los toros.<\/p>\n<p>Algo que as\u00ed demuestra particularmente con motivo de la celebraci\u00f3n de festejos taurinos como las del D\u00eda de la Provincia que tiene lugar desde hace un par de a\u00f1os, como as\u00ed fue a finales de junio en Almod\u00f3var del Campo y que ha motivado la creaci\u00f3n del trofeo al novillero triunfador del D\u00eda de la Provincia, adjudicado a Adri\u00e1n Reinosa.<\/p>\n","protected":false},"excerpt":{"rendered":"El jurado del Club Taurino \u2018Almod\u00f3var\u2019 ha emitido el fallo de los diferentes galardones que anualmente concede con&hellip;\n","protected":false},"author":2,"featured_media":153537,"comment_status":"","ping_status":"","sticky":false,"template":"","format":"standard","meta":{"footnotes":""},"categories":[277],"tags":[373,46151,168,25,24,46257,23,167,6142,374,444,46258],"class_list":{"0":"post-153536","1":"post","2":"type-post","3":"status-publish","4":"format-standard","5":"has-post-thumbnail","7":"category-toreo","8":"tag-bullfighting","9":"tag-club-taurino-almodovar","10":"tag-deportes","11":"tag-es","12":"tag-espana","13":"tag-feria-taurina-almodovar","14":"tag-spain","15":"tag-sports","16":"tag-talavante","17":"tag-toreo","18":"tag-toros","19":"tag-trofeo-calatraveno"},"share_on_mastodon":{"url":"","error":""},"_links":{"self":[{"href":"https:\/\/www.europesays.com\/es\/wp-json\/wp\/v2\/posts\/153536","targetHints":{"allow":["GET"]}}],"collection":[{"href":"https:\/\/www.europesays.com\/es\/wp-json\/wp\/v2\/posts"}],"about":[{"href":"https:\/\/www.europesays.com\/es\/wp-json\/wp\/v2\/types\/post"}],"author":[{"embeddable":true,"href":"https:\/\/www.europesays.com\/es\/wp-json\/wp\/v2\/users\/2"}],"replies":[{"embeddable":true,"href":"https:\/\/www.europesays.com\/es\/wp-json\/wp\/v2\/comments?post=153536"}],"version-history":[{"count":0,"href":"https:\/\/www.europesays.com\/es\/wp-json\/wp\/v2\/posts\/153536\/revisions"}],"wp:featuredmedia":[{"embeddable":true,"href":"https:\/\/www.europesays.com\/es\/wp-json\/wp\/v2\/media\/153537"}],"wp:attachment":[{"href":"https:\/\/www.europesays.com\/es\/wp-json\/wp\/v2\/media?parent=153536"}],"wp:term":[{"taxonomy":"category","embeddable":true,"href":"https:\/\/www.europesays.com\/es\/wp-json\/wp\/v2\/categories?post=153536"},{"taxonomy":"post_tag","embeddable":true,"href":"https:\/\/www.europesays.com\/es\/wp-json\/wp\/v2\/tags?post=153536"}],"curies":[{"name":"wp","href":"https:\/\/api.w.org\/{rel}","templated":true}]}}