{"id":15354,"date":"2025-07-31T03:08:09","date_gmt":"2025-07-31T03:08:09","guid":{"rendered":"https:\/\/www.europesays.com\/es\/15354\/"},"modified":"2025-07-31T03:08:09","modified_gmt":"2025-07-31T03:08:09","slug":"la-emotiva-despedida-de-juan-carlos-etxeberria-al-frente-de-su-ultimo-informativo-en-etb2-gracias-por-su-confianza","status":"publish","type":"post","link":"https:\/\/www.europesays.com\/es\/15354\/","title":{"rendered":"La emotiva despedida de Juan Carlos Etxeberria al frente de su \u00faltimo informativo en ETB2: \u00abGracias por su confianza\u00bb"},"content":{"rendered":"<p><a class=\"v-mdl-ath__fig-a\" href=\"https:\/\/www.elcorreo.com\/autor\/marina-leon-6788.html\" title=\"Marina Le\u00f3n\" rel=\"nofollow noopener\" target=\"_blank\"><br \/>\n<img decoding=\"async\" class=\"v-mdl-ath__img\" src=\"https:\/\/www.europesays.com\/es\/wp-content\/uploads\/2025\/07\/autor-6788-foto-1.jpeg\" alt=\"Marina Le\u00f3n\"\/><br \/>\n<\/a><\/p>\n<p class=\"v-mdl-ath__p v-mdl-ath__p--6\">\nMi\u00e9rcoles, 30 de julio 2025, 22:04<\/p>\n<p>| Actualizado 22:13h.<\/p>\n<p class=\"v-p\">Estaba claro que esta iba a ser una noche cargada de emociones para <a href=\"https:\/\/www.elcorreo.com\/culturas\/tv\/presentador-juan-carlos-etxeberria-despide-tras-ocho-20250730131021-nt.html\" target=\"_blank\" title=\"\u00abMe queda un Teleberri\u00bb: Juan Carlos Etxeberria se despide del informativo de ETB2 tras ocho a\u00f1os\" data-voc-vtm-id=\"in-text-traffic\" data-mrf-link=\"www.elcorreo.com\" rel=\"nofollow noopener\">Juan Carlos Etxeberria<\/a>. El presentador del Teleberri, de 56 a\u00f1os, se ha sentado este mi\u00e9rcoles a las 21.00 horas ante las c\u00e1maras para ofrecer por \u00faltima vez el informativo de ETB2 tras ocho a\u00f1os al frente. \u00abMe van a permitir que me alargue un poco m\u00e1s\u00bb, ha dicho despu\u00e9s de dar paso a la \u00faltima informaci\u00f3n. \u00abHoy quiero compartir dos despedidas. Primero, la de Marian Alca\u00f1iz, la maquilladora mas r\u00e1pida a este lado del ibaizabal. Marian, que te vaya todo fenomenal, que es lo que te mereces\u00bb, relata. <\/p>\n<p class=\"v-p\">\u00abLa segunda despedida es la m\u00eda\u00bb, a\u00f1ade. \u00abA partir de septiembre habr\u00e1 un nuevo presentador en este plat\u00f3. Este ha sido mi \u00faltimo Teleberri despu\u00e9s de 8 a\u00f1os y m\u00e1s de 1.500 informativos cont\u00e1ndoles la actualidad de Euskadi y del mundo. Gracias por su confianza y gracias a todo el equipo. A los que ustedes ven y a los que no ven\u00bb, apunta y cierra la despedida con unas palabras de agradecimiento en euskera para quienes le han acompa\u00f1ado desde el otro lado de la pantalla todo este tiempo: \u00abEta orain bai. Besterik ez, mila esker zuen arretagatik eta betirarte\u00bb.<\/p>\n<p class=\"v-p\">Unas horas antes, el comunicador donostiarra lanzaba un mensaje en su blog que ha arrancado con un \u00abme queda un Teleberri\u00bb y en el que ha avanzado que continuar\u00e1 ligado a la televisi\u00f3n p\u00fablica vasca \u00aben otro formato\u00bb. Ha aprovechado el espacio para realizar un repaso por su trayectoria. \u00abEn el periodismo y la televisi\u00f3n, los trenes raramente pasan dos veces. Para todo hay una excepci\u00f3n\u00ab, reflexiona en su blog, donde ha hecho p\u00fablica la noticia. \u00bbEn verano de 2017, ocho a\u00f1os despu\u00e9s de mi primer agur al informativo de ETB-2, volv\u00ed a plat\u00f3. Lo hice adem\u00e1s como editor de Gaur Egun y Teleberri fin de semana y al mismo tiempo presentador de la segunda edici\u00f3n\u00bb, cuenta.<\/p>\n<p class=\"v-p\">Pocos d\u00edas antes de su incorporaci\u00f3n \u00abse hab\u00eda producido en las Ramblas de Barcelona el peor atentado desde el 11-M y solo unas semanas despu\u00e9s vendr\u00eda un refer\u00e9ndum y la fuga al extranjero en el maletero de un coche del President de la Generalitat. Para empezar a recuperar rodaje, no estuvo mal\u00bb, reflexiona antes de confirmar su marcha: \u00abA partir de septiembre el informativo que -desde hace ya unos a\u00f1os- m\u00e1s gente ve en Euskadi cambiar\u00e1 de presentador y yo cerrar\u00e9 una inolvidable etapa profesional de ocho a\u00f1os\u00bb.<\/p>\n<p>Nueva etapa profesional<\/p>\n<p class=\"v-p\">El periodista tambi\u00e9n destaca que \u00abno puedo dejar de mencionar el reto que fue para m\u00ed ser la cara y la voz del equipo de Teleberri 2 en los 2-3 a\u00f1os de mayor consumo de informativos de la historia de Euskal Telebista, los a\u00f1os de la pandemia. Fueron meses terribles para todos y les aseguro que cada noche sent\u00ed la responsabilidad de tener que contar noticias que literalmente iban a condicionar la vida de nuestros espectadores al d\u00eda siguiente\u00bb.<\/p>\n<p class=\"v-p\">Sobre su futuro asegura que \u00abtermina una etapa profesional y se abre otra dentro de la redacci\u00f3n de informativos de ETB en la que aspiro a seguir haciendo lo que m\u00e1s me gusta: contar las historias que conforman la cr\u00f3nica de actualidad de Euskadi y el mundo con la esperanza de que ayuden a entender mejor este planeta de locos, a veces maravilloso, a veces terrible. Ser\u00e1 en otro formato (entrevistas, reportajes, noticias a secas\u2026ya se ver\u00e1) pero no cambiar\u00e1 lo sustancial. Eskerrik asko guztioi, mila esker zuen arretagatik eta beti arte\u00bb, finaliza el presentador.<\/p>\n<p>Comenta<\/p>\n<p>Reporta un error<\/p>\n","protected":false},"excerpt":{"rendered":"Mi\u00e9rcoles, 30 de julio 2025, 22:04 | Actualizado 22:13h. Estaba claro que esta iba a ser una noche&hellip;\n","protected":false},"author":2,"featured_media":15355,"comment_status":"","ping_status":"","sticky":false,"template":"","format":"standard","meta":{"footnotes":""},"categories":[91],"tags":[415,3092,204,10187,146,147,25,24,10189,5802,2837,10188,409,23,3667],"class_list":{"0":"post-15354","1":"post","2":"type-post","3":"status-publish","4":"format-standard","5":"has-post-thumbnail","7":"category-entretenimiento","8":"tag-carlos","9":"tag-confianza","10":"tag-despedida","11":"tag-emotiva","12":"tag-entertainment","13":"tag-entretenimiento","14":"tag-es","15":"tag-espana","16":"tag-etb2","17":"tag-etxeberria","18":"tag-gracias","19":"tag-informativo","20":"tag-juan","21":"tag-spain","22":"tag-ultimo"},"share_on_mastodon":{"url":"","error":""},"_links":{"self":[{"href":"https:\/\/www.europesays.com\/es\/wp-json\/wp\/v2\/posts\/15354","targetHints":{"allow":["GET"]}}],"collection":[{"href":"https:\/\/www.europesays.com\/es\/wp-json\/wp\/v2\/posts"}],"about":[{"href":"https:\/\/www.europesays.com\/es\/wp-json\/wp\/v2\/types\/post"}],"author":[{"embeddable":true,"href":"https:\/\/www.europesays.com\/es\/wp-json\/wp\/v2\/users\/2"}],"replies":[{"embeddable":true,"href":"https:\/\/www.europesays.com\/es\/wp-json\/wp\/v2\/comments?post=15354"}],"version-history":[{"count":0,"href":"https:\/\/www.europesays.com\/es\/wp-json\/wp\/v2\/posts\/15354\/revisions"}],"wp:featuredmedia":[{"embeddable":true,"href":"https:\/\/www.europesays.com\/es\/wp-json\/wp\/v2\/media\/15355"}],"wp:attachment":[{"href":"https:\/\/www.europesays.com\/es\/wp-json\/wp\/v2\/media?parent=15354"}],"wp:term":[{"taxonomy":"category","embeddable":true,"href":"https:\/\/www.europesays.com\/es\/wp-json\/wp\/v2\/categories?post=15354"},{"taxonomy":"post_tag","embeddable":true,"href":"https:\/\/www.europesays.com\/es\/wp-json\/wp\/v2\/tags?post=15354"}],"curies":[{"name":"wp","href":"https:\/\/api.w.org\/{rel}","templated":true}]}}