{"id":153543,"date":"2025-10-02T21:11:11","date_gmt":"2025-10-02T21:11:11","guid":{"rendered":"https:\/\/www.europesays.com\/es\/153543\/"},"modified":"2025-10-02T21:11:11","modified_gmt":"2025-10-02T21:11:11","slug":"el-casademont-zaragoza-ya-conoce-rivales-y-calendario-para-la-fiba-europe-cup","status":"publish","type":"post","link":"https:\/\/www.europesays.com\/es\/153543\/","title":{"rendered":"El Casademont Zaragoza ya conoce rivales y calendario para la FIBA Europe Cup"},"content":{"rendered":"<p class=\"ft-text\">La disputa de los partidos de vuelta de la ronda de clasificaci\u00f3n este mi\u00e9rcoles ha completado ya los 40 participantes que tomar\u00e1n parte en la fase regular de la <strong>FIBA Europe Cup<\/strong>. El <strong>Casademont Zaragoza<\/strong> jugar\u00e1 encuadrado en el grupo H y se enfrentar\u00e1 al <strong>Falco Szombathely <\/strong>h\u00fangaro, el <strong>Bakken Bears <\/strong>Aarhus dan\u00e9s y el <strong>Anorthosis Famagusta <\/strong>chipriota, rival que logr\u00f3 el \u00faltimo billete este mismo mi\u00e9rcoles.<\/p>\n<p class=\"ft-text\">El conjunto de <strong>Jes\u00fas Ram\u00edrez<\/strong> iniciar\u00e1 su participaci\u00f3n en casa el pr\u00f3ximo mi\u00e9rcoles 15 de octubre ante el Falco h\u00fangaro, mientras que su primer viaje ser\u00e1 a Chipre el 22 de octubre y cerrar\u00e1 la primera vuelta tambi\u00e9n fuera, en Aarhus, el 29 de octubre, para completar su tercera salida consecutiva a Hungr\u00eda el 5 de noviembre.<\/p>\n<p class=\"ft-text\">Las visitas del Anorthosis y el Bakken Bears los d\u00edas 12 y 19 de noviembre completar\u00e1n esta primera fase de grupos. <strong>Los diez primeros clasificados y los seis mejores segundos<\/strong> ser\u00e1n los que accedan a la segunda fase, tambi\u00e9n de grupos con cuatro equipos cada uno. Tras una nueva liguilla, los dos primeros de cada uno de los cuatro grupos pasar\u00e1n a los cuartos de final. Tanto esta como las eliminatorias de semifinales y la final se disputan a ida y vuelta.<\/p>\n<p class=\"ft-text\">El Casademont Zaragoza es el \u00fanico de los cuatro equipos de su grupo que accedi\u00f3 directamente a esta fase regular, mientras que Falco y Bakken han ca\u00eddo de la previa de la <strong>Champions <\/strong>y el Anorthosis se ha ganado su plaza en la previa de la propia FIBA Europe Cup. El conjunto chipriota <strong>remont\u00f3 16 puntos ante el equipo azerbaiyano Absheron Lions<\/strong> para ganar por 77-60 en la vuelta y 150-149 en general.<\/p>\n<p class=\"ft-text\">Por su parte, el Bakken Bears cay\u00f3 en la final de su fase de clasificaci\u00f3n ante el Levice mientras que el Falco Szombathely cay\u00f3 en la primera ronda ante el Porto.<\/p>\n<p class=\"ft-text\"><strong>El Casademont Zaragoza ya se ha enfrentado a dos de sus tres rivales<\/strong>. El curso pasado lo hizo ante el Anorthosis chipriota y en 2020 lo hizo frente al Falco en la Champions. Ser\u00e1 la primera vez que se enfrente a un conjunto dan\u00e9s.<\/p>\n","protected":false},"excerpt":{"rendered":"La disputa de los partidos de vuelta de la ronda de clasificaci\u00f3n este mi\u00e9rcoles ha completado ya los&hellip;\n","protected":false},"author":2,"featured_media":153544,"comment_status":"","ping_status":"","sticky":false,"template":"","format":"standard","meta":{"footnotes":""},"categories":[269],"tags":[299,298,6783,2511,5369,11181,168,25,24,46259,1669,23,167,491],"class_list":{"0":"post-153543","1":"post","2":"type-post","3":"status-publish","4":"format-standard","5":"has-post-thumbnail","7":"category-baloncesto","8":"tag-baloncesto","9":"tag-basketball","10":"tag-calendario","11":"tag-casademont","12":"tag-casademont-zaragoza","13":"tag-conoce","14":"tag-deportes","15":"tag-es","16":"tag-espana","17":"tag-fiba-europe-cup","18":"tag-rivales","19":"tag-spain","20":"tag-sports","21":"tag-zaragoza"},"share_on_mastodon":{"url":"","error":""},"_links":{"self":[{"href":"https:\/\/www.europesays.com\/es\/wp-json\/wp\/v2\/posts\/153543","targetHints":{"allow":["GET"]}}],"collection":[{"href":"https:\/\/www.europesays.com\/es\/wp-json\/wp\/v2\/posts"}],"about":[{"href":"https:\/\/www.europesays.com\/es\/wp-json\/wp\/v2\/types\/post"}],"author":[{"embeddable":true,"href":"https:\/\/www.europesays.com\/es\/wp-json\/wp\/v2\/users\/2"}],"replies":[{"embeddable":true,"href":"https:\/\/www.europesays.com\/es\/wp-json\/wp\/v2\/comments?post=153543"}],"version-history":[{"count":0,"href":"https:\/\/www.europesays.com\/es\/wp-json\/wp\/v2\/posts\/153543\/revisions"}],"wp:featuredmedia":[{"embeddable":true,"href":"https:\/\/www.europesays.com\/es\/wp-json\/wp\/v2\/media\/153544"}],"wp:attachment":[{"href":"https:\/\/www.europesays.com\/es\/wp-json\/wp\/v2\/media?parent=153543"}],"wp:term":[{"taxonomy":"category","embeddable":true,"href":"https:\/\/www.europesays.com\/es\/wp-json\/wp\/v2\/categories?post=153543"},{"taxonomy":"post_tag","embeddable":true,"href":"https:\/\/www.europesays.com\/es\/wp-json\/wp\/v2\/tags?post=153543"}],"curies":[{"name":"wp","href":"https:\/\/api.w.org\/{rel}","templated":true}]}}