{"id":153549,"date":"2025-10-02T21:16:07","date_gmt":"2025-10-02T21:16:07","guid":{"rendered":"https:\/\/www.europesays.com\/es\/153549\/"},"modified":"2025-10-02T21:16:07","modified_gmt":"2025-10-02T21:16:07","slug":"la-promesa-avance-del-capitulo-del-viernes-3-de-octubre-curro-desesperado-por-la-boda-de-angela-el-mundo","status":"publish","type":"post","link":"https:\/\/www.europesays.com\/es\/153549\/","title":{"rendered":"La Promesa, avance del cap\u00edtulo del viernes 3 de octubre: Curro desesperado por la boda de \u00c1ngela &#8211; El Mundo"},"content":{"rendered":"<ol>\n<li><a href=\"https:\/\/news.google.com\/rss\/articles\/CBMiiAFBVV95cUxNMExyczZ4aTU3SU5IVldGeHVITTREYnZMOXdadVNxZ0UxeE1UWjJUdDQ5OFk3enlIeUNKa2dyV2NSaTM4aFdXWmZINzlDbUptSU5tS21pUjhJSGdjcjd4RTZEZk00WFNUWW9vQnBveWNvUW5OSVljNmdQeVRUYm1BNVkyRGdoTzlz0gGIAUFVX3lxTE1rbzUzSkZENnJ2bjA1OXU1ZWpGNlRhWlZKblVKNnFKeTRsNnBkYUR6TnVLMTZkcXNNQzQ0bFdIVVRNZi03elBreGlZRVFWQ21OLWpzWEhzN2J2dnphcVlMcnFRMTVyZXpBU2xQd1paYzVBd3Z4TXY1M0RoVjNqTGVHTWxKSXIyMTU?oc=5\" target=\"_blank\" rel=\"nofollow noopener\">La Promesa, avance del cap\u00edtulo del viernes 3 de octubre: Curro desesperado por la boda de \u00c1ngela<\/a>&nbsp;&nbsp;El Mundo<\/li>\n<li><a href=\"https:\/\/news.google.com\/rss\/articles\/CBMiiAFBVV95cUxOTDhndFZlZTl1eWc3UjdIN255T2drTHdOMDg4alppdGI0QzNZRGtPcUVZTHpsYk5HSS1yS1NESG1jb2Q1U1FGQlR2RlNISkxwOWNyRllTSU50a1RCTFJSTlJ1cm1QQTA4S1hzY0lvWnhsc2RHMENHb2FYZ0h6aWozSjR0T2JTeFU20gGIAUFVX3lxTE1lY1preXZGREVYMlFXWFJraVVYNkxXNmlhSHZWclItRC02bXFxQmNTcy0zUFhiNHZaODJvU0p5Y2dZVmt4ZDdudlVHb292bEN3b0F5Q0xUMHU4d3lkMjBlblpzbUtVc2JCU19oN1FaMHZfYXU1MXlzY0NTd0ZOMllPVms0OVQtdTk?oc=5\" target=\"_blank\" rel=\"nofollow noopener\">Avance de &#8216;La Promesa&#8217;, cap\u00edtulo 688 de hoy jueves 2 de octubre: El servicio se rebela contra Crist\u00f3bal<\/a>&nbsp;&nbsp;El Mundo<\/li>\n<li><a href=\"https:\/\/news.google.com\/rss\/articles\/CBMivAFBVV95cUxNZHFhSjVPdmNyYTQ5c0s4R0pweG8wdXVTRHlVNndLTDFQRzN5R1lySlJCNUZhRTY3d25XWUxEbkFuQm84TkF1QVhjYkJqM09sUkc4aDF4LUtZTm1IZkZGbE9SUkFfcTNHeDhvaDh0WmhzS0dBRXViWGRWdjV0ZGtHWUNnWWQxc3pJdnZmZnI4azBqd3kxSlo2UWxUYjhQd01FMDVvQzBsQmZPRnZ6Q09FYklGV2N3d2paTzJXRtIBwgFBVV95cUxNWGJrd0NJbkY3TjBJNF9Ga1FWV1RhcVFNLUIya2ZmdUpVdVhrSUQ3c3ZPemd4UkwtSVNHSTFGMWJ3TkQ4UjRzSVVENHdLNWFkRWFMcFVscVlOME1yMC1ldkZuWU1sV2swZ25RMHZfeFZKOEZkN1hYblVnLU9iTWhCU09NSTJKcTN3d2NuZDBsOVRsWE5LSzZoUGREcGt1cEx5THdVRllmVkdYeTZSTWR1WGsxWmpjUUcyOFJldTJlYzlmUQ?oc=5\" target=\"_blank\" rel=\"nofollow noopener\">Avance del cap\u00edtulo de &#8216;La Promesa&#8217; del viernes, 3 de octubre: Petra, en las \u00faltimas<\/a>&nbsp;&nbsp;El Confidencial<\/li>\n<li><a href=\"https:\/\/news.google.com\/rss\/articles\/CBMitgFBVV95cUxNc2VaY1NMVnQ1Wi1vMEMyYk9ycnNsWno2Q2VUUTRFSEh3UDBqSzZYWEg1RU5SbHktem1WTk9JQTZxTG5lYkZPS0xaXzRzVE9UdnhVMTg4UnJ0VndfSlQzdEIycjA3Umpfdm1CdGlvZUhYbGwwY1VaUWE1ZnR2ZG9GRFRWQlc2S0JZT0VRSF9kSVkwVkttZTloYWl1LTlyTWd1UmowYm1yOFpZcVhGZTVGclV5Y3owZ9IBuwFBVV95cUxQLUZmWmNSRWZCN2hSUUVnMmF5YXcyTnF4eng4RGVIdXpGaUJhWUhRMHF4V1Itdm5aMGxyVVlLZmJZOXdUaFY0bUNkTzc4alhabGdaTU93NmRuaUlhQ0paZTNVTTc1Yk9qbjAwTnRpcWtybFlYWFdXc3VENmtQU2pfVzlFM25ydXpYc1hybEwyODBwSTZja18ybkRYU0RZUEJhQlUtZXVLanA3eE4xU3BHOHk1elhUemxWTDJZ?oc=5\" target=\"_blank\" rel=\"nofollow noopener\">Avance del cap\u00edtulo de \u2018La Promesa\u2019 de hoy: Adriano, dispuesto a marcharse de palacio con sus h&#8230;<\/a>&nbsp;&nbsp;OkDiario<\/li>\n<li><a href=\"https:\/\/news.google.com\/rss\/articles\/CBMiwwFBVV95cUxPdTYyVmIxMkdOUUttODQzZGpENFR4WmxXR1JjQlB4cVNNMnhZLUVWX2JzVU9XdmZYTXAwb1A5MEY3Z19SaG4xUlYxd3V2VDRrdFQ1aVhnQ0dFTFJLNG1qdEtDVU1OMXNiWlMybEZmemdVRjJKamdXNzhSTHFScXR5S3hlQlJ3SzJxelVFN3QzT2M3eFB4ZjRXOVp3TDVwR3lzYWZmY1U2dmVyZkRrVEFucjdlQlhVUkZiRmJRNmh1MzJ0dTA?oc=5\" target=\"_blank\" rel=\"nofollow noopener\">&#8216;La Promesa\u2019: Avance del cap\u00edtulo 689, viernes 3 de octubre: la \u00fanica opci\u00f3n que le queda a \u00c1ngela y Curro<\/a>&nbsp;&nbsp;Lecturas<\/li>\n<\/ol>\n","protected":false},"excerpt":{"rendered":"La Promesa, avance del cap\u00edtulo del viernes 3 de octubre: Curro desesperado por la boda de \u00c1ngela&nbsp;&nbsp;El Mundo&hellip;\n","protected":false},"author":2,"featured_media":153550,"comment_status":"","ping_status":"","sticky":false,"template":"","format":"standard","meta":{"footnotes":""},"categories":[171],"tags":[11030,146,147,25,24,11031,805,23,807,11029,6761,214],"class_list":{"0":"post-153549","1":"post","2":"type-post","3":"status-publish","4":"format-standard","5":"has-post-thumbnail","7":"category-tv","8":"tag-cineseries","9":"tag-entertainment","10":"tag-entretenimiento","11":"tag-es","12":"tag-espana","13":"tag-la-promesa","14":"tag-series","15":"tag-spain","16":"tag-television","17":"tag-television-series","18":"tag-tresb","19":"tag-tv"},"share_on_mastodon":{"url":"","error":""},"_links":{"self":[{"href":"https:\/\/www.europesays.com\/es\/wp-json\/wp\/v2\/posts\/153549","targetHints":{"allow":["GET"]}}],"collection":[{"href":"https:\/\/www.europesays.com\/es\/wp-json\/wp\/v2\/posts"}],"about":[{"href":"https:\/\/www.europesays.com\/es\/wp-json\/wp\/v2\/types\/post"}],"author":[{"embeddable":true,"href":"https:\/\/www.europesays.com\/es\/wp-json\/wp\/v2\/users\/2"}],"replies":[{"embeddable":true,"href":"https:\/\/www.europesays.com\/es\/wp-json\/wp\/v2\/comments?post=153549"}],"version-history":[{"count":0,"href":"https:\/\/www.europesays.com\/es\/wp-json\/wp\/v2\/posts\/153549\/revisions"}],"wp:featuredmedia":[{"embeddable":true,"href":"https:\/\/www.europesays.com\/es\/wp-json\/wp\/v2\/media\/153550"}],"wp:attachment":[{"href":"https:\/\/www.europesays.com\/es\/wp-json\/wp\/v2\/media?parent=153549"}],"wp:term":[{"taxonomy":"category","embeddable":true,"href":"https:\/\/www.europesays.com\/es\/wp-json\/wp\/v2\/categories?post=153549"},{"taxonomy":"post_tag","embeddable":true,"href":"https:\/\/www.europesays.com\/es\/wp-json\/wp\/v2\/tags?post=153549"}],"curies":[{"name":"wp","href":"https:\/\/api.w.org\/{rel}","templated":true}]}}