{"id":153551,"date":"2025-10-02T21:17:09","date_gmt":"2025-10-02T21:17:09","guid":{"rendered":"https:\/\/www.europesays.com\/es\/153551\/"},"modified":"2025-10-02T21:17:09","modified_gmt":"2025-10-02T21:17:09","slug":"entrevista-exclusiva-el-lunes-6-de-octubre-a-las-2000-hora-espanola-sobre-su-futuro","status":"publish","type":"post","link":"https:\/\/www.europesays.com\/es\/153551\/","title":{"rendered":"Entrevista exclusiva el lunes 6 de octubre a las 20:00 (Hora espa\u00f1ola) sobre su futuro"},"content":{"rendered":"<p>&#13;<br \/>\n        &#13;<br \/>\n&#13;<br \/>\n        &#13;<br \/>\n&#13;<\/p>\n<p>\u00a0<\/p>\n<p>\u00a0<\/p>\n<p><img fetchpriority=\"high\" decoding=\"async\" src=\"https:\/\/www.europesays.com\/es\/wp-content\/uploads\/2025\/10\/seoane5_500x267entrevista.jpg\" alt=\"SEOANE\" width=\"500\" height=\"267\"\/><br \/>\n<strong>SEOANE \u2013 Entrevista exclusiva el lunes 6 de octubre a las 20:00 (Hora espa\u00f1ola) sobre su futuro<\/strong><\/p>\n<p>Hace unos d\u00edas, el guitarrista <strong>SEOANE<\/strong> me invit\u00f3 a su casa en Madrid<\/p>\n<p>Le hice una muy interesante entrevista sobre tu futuro, en v\u00eddeo, que entra\u00f1a una interesante sorpresa.<\/p>\n<p><strong>La podr\u00e9is ver el pr\u00f3ximo lunes 6 de octubre a las 20:00 (Hora espa\u00f1ola) <\/strong>. <strong>\u00a1\u00a1\u00a1Aviso!!!<\/strong><\/p>\n<p><strong>Rafa Basa<\/strong><\/p>\n<p><img loading=\"lazy\" decoding=\"async\" src=\"https:\/\/www.europesays.com\/es\/wp-content\/uploads\/2025\/10\/manu2021_1.jpg\" alt=\"SEOANE\" width=\"500\" height=\"500\"\/><\/p>\n<p>\u00a0<\/p>\n<p>\u00a0<\/p>\n<p>\u00a0<\/p>\n<p>\u00a0<\/p>\n<p>        &#13;<br \/>\n&#13;<br \/>\n&#13;<br \/>\n        &#13;<br \/>\n                        &#13;<br \/>\n            &#13;<br \/>\n&#13;<br \/>\n                        Art\u00edculo anterior<a href=\"https:\/\/www.rafabasa.com\/2025\/10\/02\/judas-priest-human-fortress-hell-in-the-club\/\" rel=\"nofollow noopener\" target=\"_blank\">JUDAS PRIEST \u2013 HUMAN FORTRESS \u2013 HELL IN THE CLUB<\/a>            \t                &#13;<br \/>\n&#13;<\/p>\n","protected":false},"excerpt":{"rendered":"&#13; &#13; &#13; &#13; &#13; \u00a0 \u00a0 SEOANE \u2013 Entrevista exclusiva el lunes 6 de octubre a las&hellip;\n","protected":false},"author":2,"featured_media":153552,"comment_status":"","ping_status":"","sticky":false,"template":"","format":"standard","meta":{"footnotes":""},"categories":[170],"tags":[146,147,25,24,184,185,8075,23],"class_list":{"0":"post-153551","1":"post","2":"type-post","3":"status-publish","4":"format-standard","5":"has-post-thumbnail","7":"category-musica","8":"tag-entertainment","9":"tag-entretenimiento","10":"tag-es","11":"tag-espana","12":"tag-music","13":"tag-musica","14":"tag-seoane","15":"tag-spain"},"share_on_mastodon":{"url":"","error":""},"_links":{"self":[{"href":"https:\/\/www.europesays.com\/es\/wp-json\/wp\/v2\/posts\/153551","targetHints":{"allow":["GET"]}}],"collection":[{"href":"https:\/\/www.europesays.com\/es\/wp-json\/wp\/v2\/posts"}],"about":[{"href":"https:\/\/www.europesays.com\/es\/wp-json\/wp\/v2\/types\/post"}],"author":[{"embeddable":true,"href":"https:\/\/www.europesays.com\/es\/wp-json\/wp\/v2\/users\/2"}],"replies":[{"embeddable":true,"href":"https:\/\/www.europesays.com\/es\/wp-json\/wp\/v2\/comments?post=153551"}],"version-history":[{"count":0,"href":"https:\/\/www.europesays.com\/es\/wp-json\/wp\/v2\/posts\/153551\/revisions"}],"wp:featuredmedia":[{"embeddable":true,"href":"https:\/\/www.europesays.com\/es\/wp-json\/wp\/v2\/media\/153552"}],"wp:attachment":[{"href":"https:\/\/www.europesays.com\/es\/wp-json\/wp\/v2\/media?parent=153551"}],"wp:term":[{"taxonomy":"category","embeddable":true,"href":"https:\/\/www.europesays.com\/es\/wp-json\/wp\/v2\/categories?post=153551"},{"taxonomy":"post_tag","embeddable":true,"href":"https:\/\/www.europesays.com\/es\/wp-json\/wp\/v2\/tags?post=153551"}],"curies":[{"name":"wp","href":"https:\/\/api.w.org\/{rel}","templated":true}]}}