{"id":153555,"date":"2025-10-02T21:19:08","date_gmt":"2025-10-02T21:19:08","guid":{"rendered":"https:\/\/www.europesays.com\/es\/153555\/"},"modified":"2025-10-02T21:19:08","modified_gmt":"2025-10-02T21:19:08","slug":"previa-la-consolidacion-pasa-por-ceuta-sd-eibar","status":"publish","type":"post","link":"https:\/\/www.europesays.com\/es\/153555\/","title":{"rendered":"Previa | La consolidaci\u00f3n pasa por Ceuta | SD Eibar"},"content":{"rendered":"<p><strong>AD Ceuta &#8211; SD Eibar (Alfonso Morube; viernes 3 de octubre, 20:30 horas)<\/strong><\/p>\n<p style=\"text-align: justify;\" data-start=\"153\" data-end=\"505\">Despu\u00e9s de demostrar que ni siquiera la visita del l\u00edder cambia un \u00e1pice la identidad, intensidad y ambiciosa propuesta de la SD Eibar, los pupilos de Be\u00f1at San Jos\u00e9 pusieron rumbo al sur este jueves para enfrentarse a la AD Ceuta en el Alfonso Murube. Armeros y caballas abrir\u00e1n la octava jornada del campeonato liguero el viernes a las 20:30 horas.<\/p>\n<p style=\"text-align: justify;\" data-start=\"507\" data-end=\"1213\">La traves\u00eda, que arranc\u00f3 esta ma\u00f1ana en Areitio y que incluy\u00f3 un vuelo hasta M\u00e1laga, entrenamiento en C\u00e1rtama, M\u00e1laga, un traslado en autob\u00fas hasta Algeciras y un cruce en ferry por el Estrecho, ha culminado con el desembarco en tierras ceut\u00edes 20 a\u00f1os despu\u00e9s. La expedici\u00f3n al completo, a excepci\u00f3n de Arambarri y Mada, lesionados, tratar\u00e1 de dar valor al punto conseguido frente al Deportivo en el descuento del fort\u00edn de Ipurua. Un encuentro en el que los armeros concedieron un tanto desde el punto de penalti, pero pronto se hicieron merecedores del empate e incluso de la victoria. No obstante, fueron los cambios del segundo tiempo quienes, con la definici\u00f3n de Adu Ares en el 93\u2019, preservaron la imbatibilidad del feudo armero.<\/p>\n<p style=\"text-align: justify;\" data-start=\"1215\" data-end=\"1690\">El punto, m\u00e1s all\u00e1 de su valor clasificatorio, confirm\u00f3 al Eibar como un rival muy competitivo contra cualquier adversario. Ahora busca trasladar esa regularidad a sus salidas, donde hasta la fecha el rendimiento no ha acompa\u00f1ado a los resultados. En Huesca y en C\u00e1diz, el nivel de los azulgranas dist\u00f3 mucho del bot\u00edn obtenido. Comenzar a sumar lejos de su estadio es una de las grandes metas de este Eibar, que ilusiona en Ipurua y ans\u00eda consolidarse tambi\u00e9n a domicilio.<\/p>\n<p style=\"text-align: justify;\" data-start=\"1692\" data-end=\"2212\">Enfrente estar\u00e1 una AD Ceuta que acumula cuatro jornadas sin perder. Tras encajar un contundente 4-1 en El Sardinero, los caballas han enlazado dos triunfos en el Murube (ante SD Huesca y Real Zaragoza) y dos empates a domicilio (frente a Castell\u00f3n y C\u00e1diz). Un bot\u00edn que los ha sacado del fondo de la tabla, que ocupaban en la tercera jornada, hasta situarse en la 15\u00aa posici\u00f3n con 8 puntos tras siete fechas. Por su parte, el Eibar aterriza en Ceuta en la sexta plaza con 11 puntos, cerrando los puestos de playoff.<\/p>\n<p style=\"text-align: justify;\" data-start=\"2214\" data-end=\"2609\">Eibar y Ceuta no se ven las caras desde septiembre de 2005, cuando se enfrentaron en la Copa del Rey con triunfo armero en la pr\u00f3rroga. Entre aquel once que salt\u00f3 al Morube figuraba, con el dorsal 5 a la espalda, el actual segundo entrenador de la SD Eibar, Iban Fagoaga. Hay que remontarse a 1987 para encontrar el anterior duelo, cuando ambas escuadras militaban en la ya desaparecida Segunda Divisi\u00f3n B.<\/p>\n<p style=\"text-align: justify;\" data-start=\"2611\" data-end=\"2915\">La cita en el Alfonso Murube, por tanto, tendr\u00e1 un matiz hist\u00f3rico y competitivo a partes iguales. El reencuentro entre armeros y caballas, dos d\u00e9cadas despu\u00e9s, pondr\u00e1 frente a frente a un Eibar que busca consolidarse en la zona alta y a un Ceuta decidido a prolongar su escalada con la buena din\u00e1mica en casa.<\/p>\n<p><strong>Cara a cara:<\/strong><br \/>\n<strong>\u00daltimos resultados de la SD Eibar:<\/strong><\/p>\n<p class=\"MsoNormal\">&#8211;<strong> \u00a0 \u00a0 \u00a0 SD Eibar <\/strong>1 &#8211; 1<strong> <\/strong>RC Deportivo<strong>\u00a0<\/strong><\/p>\n<p class=\"MsoNormal\">&#8211;<strong>\u00a0 \u00a0 \u00a0 \u00a0<\/strong>C\u00e1diz CF 1<strong>\u00a0<\/strong>&#8211; 0<strong>\u00a0SD Eibar<\/strong><\/p>\n<p class=\"MsoNormal\">&#8211;<strong>\u00a0 \u00a0 \u00a0 \u00a0SD Eibar\u00a0<\/strong>2 &#8211; 0<strong>\u00a0<\/strong>FC Andorra<\/p>\n<p class=\"MsoNormal\">&#8211;<strong>\u00a0 \u00a0 \u00a0 \u00a0<\/strong>SD Huesca 2<strong>\u00a0<\/strong>&#8211; 1<strong>\u00a0SD Eibar<\/strong><\/p>\n<p class=\"MsoNormal\">&#8211;<strong>\u00a0 \u00a0 \u00a0 \u00a0SD Eibar\u00a0<\/strong>3 &#8211; 0<strong>\u00a0<\/strong>Granada CF<\/p>\n<p><strong>\u00daltimos resultados del rival:<\/strong><\/p>\n<p class=\"MsoNormal\">&#8211;\u00a0 \u00a0 \u00a0 \u00a0C\u00e1diz CF 0 &#8211; 0 <strong>AD Ceuta<\/strong><\/p>\n<p class=\"MsoNormal\">&#8211; \u00a0 \u00a0 \u00a0 <strong>AD Ceuta<\/strong> 1 &#8211; 0 Real Zaragoza<\/p>\n<p class=\"MsoNormal\">&#8211;\u00a0 \u00a0 \u00a0 \u00a0Castell\u00f3n 3 &#8211; 3 <strong>AD Ceuta<\/strong><\/p>\n<p class=\"MsoNormal\">&#8211; \u00a0 \u00a0 \u00a0 <strong>AD Ceuta <\/strong>2 &#8211; 1 SD Huesca<\/p>\n<p class=\"MsoNormal\">&#8211;\u00a0 \u00a0 \u00a0 \u00a0Racing 4 &#8211; 1 <strong>AD Ceuta<\/strong><\/p>\n<p><strong>\u00daltimos enfrentamientos:<\/strong><\/p>\n<p class=\"MsoNormal\">&#8211; \u00a0 \u00a0 \u00a0 AD Ceuta 0 &#8211; 1 <strong>SD Eibar<\/strong>;<strong>\u00a0<\/strong>Copa del Rey (15\/09\/2005)<\/p>\n<p class=\"MsoNormal\">&#8211; \u00a0 \u00a0 \u00a0 AD Ceuta 2 &#8211; 1 <strong>SD Eibar<\/strong>;<strong> <\/strong>Segunda B\u00a0(28\/09\/1986)<\/p>\n<p class=\"MsoNormal\">&#8211;\u00a0 \u00a0 \u00a0 \u00a0<strong>SD Eibar\u00a0<\/strong>2 &#8211; 0 AD Ceuta;<strong> <\/strong>Segunda B (11\/03\/1987)<\/p>\n<p><strong>Max. Goleadores:<\/strong><\/p>\n<p class=\"MsoNormal\"><strong>SD Eibar:\u00a0<br \/><\/strong>Javi Mart\u00f3n:\u00a0<strong>2 goles<br \/><\/strong>Adu Ares, Jon Magunazelaia, Javi Mart\u00ednez, Arbilla, \u00c1lvaro y Cubero:\u00a0<strong>1 gol<\/strong><\/p>\n<p class=\"MsoNormal\"><strong>AD Ceuta<\/strong><strong>:\u00a0<br \/><\/strong>Marcos Fern\u00e1ndez: <strong>3 goles<br \/><\/strong>Rub\u00e9n D\u00edez, Matos, Kone y Obeng:<strong>\u00a01 gol<br \/><\/strong><\/p>\n<p class=\"MsoNormal\"><strong>Max. Asistentes:<\/strong><\/p>\n<p class=\"MsoNormal\"><strong>SD Eibar:\u00a0<\/strong>Aleix Garrido &#8211;\u00a0<strong>2 asistencias<\/strong><\/p>\n<p class=\"MsoNormal\"><strong>AD Ceuta:\u00a0<\/strong>Ahmed &#8211;\u00a0<strong>2 asistencias<\/strong><\/p>\n<p><strong>Apercibidos:<\/strong><\/p>\n<p class=\"MsoNormal\"><strong>SD Eibar: <\/strong>Jos\u00e9 Corpas<\/p>\n<p class=\"MsoNormal\"><strong>AD Ceuta: <\/strong>&#8211;<\/p>\n<p><strong>Sancionados:<\/strong><\/p>\n<p class=\"MsoNormal\"><strong>SD Eibar: <\/strong>&#8211;<\/p>\n<p class=\"MsoNormal\"><strong>AD Ceuta: <\/strong>&#8211;<\/p>\n<p><strong>Efem\u00e9rides:<\/strong><\/p>\n<p class=\"MsoNormal\"><strong>Jon Bautista\u00a0<\/strong>puede alcanzar 50 victorias con el Eibar.<\/p>\n","protected":false},"excerpt":{"rendered":"AD Ceuta &#8211; SD Eibar (Alfonso Morube; viernes 3 de octubre, 20:30 horas) Despu\u00e9s de demostrar que ni&hellip;\n","protected":false},"author":2,"featured_media":153556,"comment_status":"","ping_status":"","sticky":false,"template":"","format":"standard","meta":{"footnotes":""},"categories":[93],"tags":[168,25,24,23,167],"class_list":{"0":"post-153555","1":"post","2":"type-post","3":"status-publish","4":"format-standard","5":"has-post-thumbnail","7":"category-deportes","8":"tag-deportes","9":"tag-es","10":"tag-espana","11":"tag-spain","12":"tag-sports"},"share_on_mastodon":{"url":"","error":""},"_links":{"self":[{"href":"https:\/\/www.europesays.com\/es\/wp-json\/wp\/v2\/posts\/153555","targetHints":{"allow":["GET"]}}],"collection":[{"href":"https:\/\/www.europesays.com\/es\/wp-json\/wp\/v2\/posts"}],"about":[{"href":"https:\/\/www.europesays.com\/es\/wp-json\/wp\/v2\/types\/post"}],"author":[{"embeddable":true,"href":"https:\/\/www.europesays.com\/es\/wp-json\/wp\/v2\/users\/2"}],"replies":[{"embeddable":true,"href":"https:\/\/www.europesays.com\/es\/wp-json\/wp\/v2\/comments?post=153555"}],"version-history":[{"count":0,"href":"https:\/\/www.europesays.com\/es\/wp-json\/wp\/v2\/posts\/153555\/revisions"}],"wp:featuredmedia":[{"embeddable":true,"href":"https:\/\/www.europesays.com\/es\/wp-json\/wp\/v2\/media\/153556"}],"wp:attachment":[{"href":"https:\/\/www.europesays.com\/es\/wp-json\/wp\/v2\/media?parent=153555"}],"wp:term":[{"taxonomy":"category","embeddable":true,"href":"https:\/\/www.europesays.com\/es\/wp-json\/wp\/v2\/categories?post=153555"},{"taxonomy":"post_tag","embeddable":true,"href":"https:\/\/www.europesays.com\/es\/wp-json\/wp\/v2\/tags?post=153555"}],"curies":[{"name":"wp","href":"https:\/\/api.w.org\/{rel}","templated":true}]}}