{"id":153559,"date":"2025-10-02T21:21:30","date_gmt":"2025-10-02T21:21:30","guid":{"rendered":"https:\/\/www.europesays.com\/es\/153559\/"},"modified":"2025-10-02T21:21:30","modified_gmt":"2025-10-02T21:21:30","slug":"alcala-de-henares-presenta-su-semana-cervantina-y-el-mercado-cervantino-en-lisboa","status":"publish","type":"post","link":"https:\/\/www.europesays.com\/es\/153559\/","title":{"rendered":"Alcal\u00e1 de Henares presenta su Semana Cervantina y el Mercado Cervantino en Lisboa"},"content":{"rendered":"<p>La primera teniente de alcaldesa y concejala de Turismo, Isabel Ruiz Maldonado, presenta hoy en Lisboa a los medios de comunicaci\u00f3n de cobertura nacional la nueva edici\u00f3n de la Semana Cervantina y su Mercado Cervantino. La edil de Turismo est\u00e1 acompa\u00f1ada por el director de Musical Sport, Manuel Iglesias, empresa organizadora del Mercado Cervantino.\u00a0<\/p>\n<p>La primera jornada tendr\u00e1 una presentaci\u00f3n a modo de rueda de prensa con los medios de comunicaci\u00f3n portugueses, tanto de cobertura nacional como medios propiamente lisboetas. En la jornada de la tarde y en la de la ma\u00f1ana del viernes, la primera teniente de alcalde de Alcal\u00e1 realizar\u00e1 entrevistas exclusivas a medios para la promoci\u00f3n del evento m\u00e1s importante del a\u00f1o en la ciudad y el que m\u00e1s visitas concita.<\/p>\n<p>La Semana Cervantina es una Fiesta de Inter\u00e9s Tur\u00edstico Nacional que homenajea a Cervantes en torno al 9 de octubre. La lectura p\u00fablica de El Quijote, la entrega de los Premios Ciudad de Alcal\u00e1 a diez modalidades creativas con m\u00e1s de medio siglo de tradici\u00f3n, la procesi\u00f3n c\u00edvica de la partida bautismal de Cervantes, las m\u00e1s de 300 actividades culturales y la cita de su producto m\u00e1s popular el Mercado Cervantino, como mercado tem\u00e1tico m\u00e1s importante de Europa, son algunos de los argumentos excepcionales con los que se vender\u00e1 este evento en la capital portuguesa.<\/p>\n<p>Como ya anunci\u00f3, Isabel Ruiz en la rueda de prensa de presentaci\u00f3n del evento la pasada semana en Alcal\u00e1, este a\u00f1o se apuesta por la internacionalizaci\u00f3n del evento en nuestro pa\u00eds vecino de Portugal. De hecho, esta campa\u00f1a de presentaci\u00f3n del evento en Lisboa para los medios de comunicaci\u00f3n portugueses est\u00e1 patrocinada por el Grupo Cu\u00f1ado, empresa de Alcal\u00e1 de Henares que ha realizado este patrocinio a trav\u00e9s de la Oficina de Patrocinios del Ayuntamiento de Alcal\u00e1 de Henares.<\/p>\n<p>Ruiz Maldonado ha explicado que \u201clos objetivos de esta campa\u00f1a de promoci\u00f3n son los de internacionalizar la Semana Cervantina, difundir la marca Alcal\u00e1 Enamora en Portugal, como uno de las nacionalidades con m\u00e1s visitantes a la Ciudad de Cervantes y promocionar la \u00fanica Ciudad Patrimonio de la Comunidad de Madrid\u201d.<\/p>\n","protected":false},"excerpt":{"rendered":"La primera teniente de alcaldesa y concejala de Turismo, Isabel Ruiz Maldonado, presenta hoy en Lisboa a los&hellip;\n","protected":false},"author":2,"featured_media":153560,"comment_status":"","ping_status":"","sticky":false,"template":"","format":"standard","meta":{"footnotes":""},"categories":[91],"tags":[16155,146,147,25,24,46262,46263,46264,23],"class_list":{"0":"post-153559","1":"post","2":"type-post","3":"status-publish","4":"format-standard","5":"has-post-thumbnail","7":"category-entretenimiento","8":"tag-alcala","9":"tag-entertainment","10":"tag-entretenimiento","11":"tag-es","12":"tag-espana","13":"tag-isabel-ruiz-maldonado","14":"tag-mercado-cervantino","15":"tag-semana-cervantina","16":"tag-spain"},"share_on_mastodon":{"url":"","error":""},"_links":{"self":[{"href":"https:\/\/www.europesays.com\/es\/wp-json\/wp\/v2\/posts\/153559","targetHints":{"allow":["GET"]}}],"collection":[{"href":"https:\/\/www.europesays.com\/es\/wp-json\/wp\/v2\/posts"}],"about":[{"href":"https:\/\/www.europesays.com\/es\/wp-json\/wp\/v2\/types\/post"}],"author":[{"embeddable":true,"href":"https:\/\/www.europesays.com\/es\/wp-json\/wp\/v2\/users\/2"}],"replies":[{"embeddable":true,"href":"https:\/\/www.europesays.com\/es\/wp-json\/wp\/v2\/comments?post=153559"}],"version-history":[{"count":0,"href":"https:\/\/www.europesays.com\/es\/wp-json\/wp\/v2\/posts\/153559\/revisions"}],"wp:featuredmedia":[{"embeddable":true,"href":"https:\/\/www.europesays.com\/es\/wp-json\/wp\/v2\/media\/153560"}],"wp:attachment":[{"href":"https:\/\/www.europesays.com\/es\/wp-json\/wp\/v2\/media?parent=153559"}],"wp:term":[{"taxonomy":"category","embeddable":true,"href":"https:\/\/www.europesays.com\/es\/wp-json\/wp\/v2\/categories?post=153559"},{"taxonomy":"post_tag","embeddable":true,"href":"https:\/\/www.europesays.com\/es\/wp-json\/wp\/v2\/tags?post=153559"}],"curies":[{"name":"wp","href":"https:\/\/api.w.org\/{rel}","templated":true}]}}