{"id":153567,"date":"2025-10-02T21:25:15","date_gmt":"2025-10-02T21:25:15","guid":{"rendered":"https:\/\/www.europesays.com\/es\/153567\/"},"modified":"2025-10-02T21:25:15","modified_gmt":"2025-10-02T21:25:15","slug":"recoletas-salud-nuevo-patrocinador-principal-del-san-pablo-burgos-san-pablo-burgos","status":"publish","type":"post","link":"https:\/\/www.europesays.com\/es\/153567\/","title":{"rendered":"Recoletas Salud, nuevo patrocinador principal del San Pablo Burgos \/ San Pablo Burgos"},"content":{"rendered":"<p style=\"text-align:justify\">El <strong>San Pablo Burgos<\/strong> y <strong>Recoletas Salud<\/strong> han presentado este jueves en el Hospital Recoletas Salud Burgos la renovaci\u00f3n del convenio de patrocinio, que presenta una novedad principal: la firma sanitaria dar\u00e1 nombre al primer equipo del club burgal\u00e9s en esta <strong>temporada 2025\/26 de Liga Endesa acb<\/strong>. De esta manera, el conjunto que dirige Bruno Savignani pasar\u00e1 a llamarse <strong>Recoletas Salud San Pablo Burgos<\/strong>.<\/p>\n<p style=\"text-align:justify\">En el acto, han estado presentes el presidente del San Pablo Burgos, F\u00e9lix Sancho; el director general de Hospitales de Recoletas Salud, Rold\u00e1n Rodr\u00edguez; y la directora gerente de Recoletas Salud Burgos, Pilar G\u00f3mez; adem\u00e1s de los jugadores y el cuerpo t\u00e9cnico del primer equipo burgal\u00e9s.<\/p>\n<p style=\"text-align:justify\">Antes de la comparecencia, todos los asistentes al acto han posado en las puertas del centro hospitalario para formalizar el acuerdo con una fotograf\u00eda de familia previa al comienzo a la temporada 2025\/26 de Liga Endesa acb.<\/p>\n<p>\n            <img decoding=\"async\" src=\"https:\/\/www.europesays.com\/es\/wp-content\/uploads\/2025\/10\/5439_2_2.jpeg\" alt=\"\" width=\"683\"\/><\/p>\n<p style=\"text-align:justify\"><strong>Pilar G\u00f3mez: \u201cEs un d\u00eda muy bonito porque llevamos una d\u00e9cada de la mano del San Pablo Burgos\u201d<\/strong><\/p>\n<p style=\"text-align:justify\">La directora gerente de Recoletas Salud Burgos, Pilar G\u00f3mez, ha sido la encargada de abrir la rueda de prensa, en la que ha destacado: \u201cEs un d\u00eda muy bonito para nosotros porque llevamos una d\u00e9cada de la mano del San Pablo Burgos. Este es un paso importante, donde demostramos que Recoletas Salud tiene un gran compromiso con el deporte burgal\u00e9s, convirti\u00e9ndonos en el patrocinador principal del equipo\u201d.<\/p>\n<p style=\"text-align:justify\">Pilar G\u00f3mez ha relatado: \u201cDurante estos diez a\u00f1os, las dos instituciones hemos ido creciendo en paralelo. El San Pablo Burgos nos ha hecho muy felices a todos, primero con los t\u00edtulos internacionales, y despu\u00e9s demostrando un esfuerzo y un tes\u00f3n para volver a la m\u00e1xima categor\u00eda. Por parte de Recoletas Salud, hemos conseguido sumar al hospital tres centros nuevos en Burgos, hemos tra\u00eddo la cirug\u00eda rob\u00f3tica y quir\u00f3fanos de \u00faltima operaci\u00f3n, entre otras novedades\u201d. La directora gerente ha recalcado: \u201cEsta es vuestra casa. Somos una familia. Ponemos a vuestra disposici\u00f3n todo nuestro cuadro m\u00e9dico y todas nuestras instalaciones\u201d.<\/p>\n<p style=\"text-align:justify\"><strong>Rold\u00e1n Rodr\u00edguez: \u201cLa uni\u00f3n entre ambas entidades tiene mucho sentido\u201d<\/strong><\/p>\n<p style=\"text-align:justify\">El director general de Hospitales de Recoletas Salud, Rold\u00e1n Rodr\u00edguez, ha alabado la labor de Recoletas Salud en la ciudad: \u201cEl trabajo que hace Recoletas Salud aqu\u00ed en Burgos, que hace Pilar, es muy intenso. Somos una empresa de personas para personas, con el esp\u00edritu de una empresa familiar, que creo que tiene mucha similitud con el propio club\u201d.<\/p>\n<p style=\"text-align:justify\">Rold\u00e1n Rodr\u00edguez ha desgranado: \u201cDesde una ciudad relativamente peque\u00f1a, toca competir con unos valores sanos, apoyados en el esfuerzo, en el trabajo duro, en la fe y en nunca rendirse para intentar ganar y estar a la altura de otros rivales de ciudades m\u00e1s grandes\u201d, a lo que ha agregado: \u201cLa uni\u00f3n de Recoletas Salud con el San Pablo Burgos tiene mucho sentido\u201d.<\/p>\n<p>\n            <img decoding=\"async\" src=\"https:\/\/www.europesays.com\/es\/wp-content\/uploads\/2025\/10\/5440_2_2.jpeg\" alt=\"\" width=\"683\"\/><\/p>\n<p style=\"text-align:justify\"><strong>F\u00e9lix Sancho: \u201cDesde el principio, Recoletas Salud nos acogi\u00f3 en su seno con un patrocinio muy importante\u201d<\/strong><\/p>\n<p style=\"text-align:justify\">El presidente del San Pablo Burgos, F\u00e9lix Sancho, ha devuelto las palabras de agradecimiento a los representantes de Recoletas Salud, que ha hecho extensibles a \u201ctodo el equipo de profesionales de la salud del hospital porque estamos mucho m\u00e1s seguros con vosotros, siempre nos cuid\u00e1is y nos mim\u00e1is\u201d.<\/p>\n<p style=\"text-align:justify\">F\u00e9lix Sancho ha rememorado el inicio de la uni\u00f3n entre ambas entidades: \u201cDesde el principio, ellos nos acogieron en su seno con un patrocinio que para nosotros era muy importante. Durante estos diez a\u00f1os, han estado a nuestro lado y, a\u00f1o a a\u00f1o, han ido creciendo aqu\u00ed en la ciudad, una progresi\u00f3n paralela entre ellos y nosotros\u201d.<\/p>\n<p style=\"text-align:justify\">El dirigente del club burgal\u00e9s ha reconocido: \u201cPersonalmente, ten\u00eda la ilusi\u00f3n de que fuera Recoletas Salud quien nos patrocinase. Hab\u00eda m\u00e1s opciones, pero esta era una manera de cerrar el c\u00edrculo, ya que llev\u00e1bamos muchos a\u00f1os juntos. Ellos est\u00e1n haci\u00e9ndolo muy bien en Burgos y se han posicionado como una de las grandes empresas de la salud privada en Espa\u00f1a\u201d.<\/p>\n","protected":false},"excerpt":{"rendered":"El San Pablo Burgos y Recoletas Salud han presentado este jueves en el Hospital Recoletas Salud Burgos la&hellip;\n","protected":false},"author":2,"featured_media":153568,"comment_status":"","ping_status":"","sticky":false,"template":"","format":"standard","meta":{"footnotes":""},"categories":[8],"tags":[17,18,25,24,13,14,11,19,20,9,10,15,16,23,12,21,22],"class_list":{"0":"post-153567","1":"post","2":"type-post","3":"status-publish","4":"format-standard","5":"has-post-thumbnail","7":"category-espana","8":"tag-breaking-news","9":"tag-breakingnews","10":"tag-es","11":"tag-espana","12":"tag-featured-news","13":"tag-featurednews","14":"tag-headlines","15":"tag-latest-news","16":"tag-latestnews","17":"tag-news","18":"tag-noticias","19":"tag-noticias-destacadas","20":"tag-noticiasdestacadas","21":"tag-spain","22":"tag-titulares","23":"tag-ultimas-noticias","24":"tag-ultimasnoticias"},"share_on_mastodon":{"url":"","error":""},"_links":{"self":[{"href":"https:\/\/www.europesays.com\/es\/wp-json\/wp\/v2\/posts\/153567","targetHints":{"allow":["GET"]}}],"collection":[{"href":"https:\/\/www.europesays.com\/es\/wp-json\/wp\/v2\/posts"}],"about":[{"href":"https:\/\/www.europesays.com\/es\/wp-json\/wp\/v2\/types\/post"}],"author":[{"embeddable":true,"href":"https:\/\/www.europesays.com\/es\/wp-json\/wp\/v2\/users\/2"}],"replies":[{"embeddable":true,"href":"https:\/\/www.europesays.com\/es\/wp-json\/wp\/v2\/comments?post=153567"}],"version-history":[{"count":0,"href":"https:\/\/www.europesays.com\/es\/wp-json\/wp\/v2\/posts\/153567\/revisions"}],"wp:featuredmedia":[{"embeddable":true,"href":"https:\/\/www.europesays.com\/es\/wp-json\/wp\/v2\/media\/153568"}],"wp:attachment":[{"href":"https:\/\/www.europesays.com\/es\/wp-json\/wp\/v2\/media?parent=153567"}],"wp:term":[{"taxonomy":"category","embeddable":true,"href":"https:\/\/www.europesays.com\/es\/wp-json\/wp\/v2\/categories?post=153567"},{"taxonomy":"post_tag","embeddable":true,"href":"https:\/\/www.europesays.com\/es\/wp-json\/wp\/v2\/tags?post=153567"}],"curies":[{"name":"wp","href":"https:\/\/api.w.org\/{rel}","templated":true}]}}