{"id":153569,"date":"2025-10-02T21:26:07","date_gmt":"2025-10-02T21:26:07","guid":{"rendered":"https:\/\/www.europesays.com\/es\/153569\/"},"modified":"2025-10-02T21:26:07","modified_gmt":"2025-10-02T21:26:07","slug":"la-convocatoria-en-merindades-en-favor-de-la-flotilla-corta-el-trafico","status":"publish","type":"post","link":"https:\/\/www.europesays.com\/es\/153569\/","title":{"rendered":"La convocatoria en Merindades en favor de la Flotilla corta el tr\u00e1fico"},"content":{"rendered":"<p>Una multitudinaria concentraci\u00f3n convocada este jueves a las <strong>18.30 horas<\/strong> en <strong>Pamplona<\/strong>, en <strong>Merindades<\/strong>, en favor de la liberaci\u00f3n de la flotilla interceptada por Israel h<strong>a conseguido cortar el tr\u00e1fico a los veh\u00edculos durante media hora<\/strong>.\u00a0<\/p>\n<p>La protesta convocada por <strong>Global Movement to Gaza<\/strong> en diferentes puntos del pa\u00edsha sido difundida por redes sociales e impulsada en la Comunidad foral por la delegaci\u00f3n de la asociaci\u00f3n en la zona y de Yala Nafarroa con Palestina desde el mi\u00e9rcoles.<\/p>\n<p>Durante el corte de la v\u00eda, que ha afectado a un tr\u00e1fico regulado por agentes de la <strong>Polic\u00eda Municipal<\/strong>, los manifestantes,<strong> unos 3.000 a lo de la protesta seg\u00fan Delegaci\u00f3n de Gobierno<\/strong>, han exigido la libertad del pueblo palestino y el boikot al estado de Israel.<\/p>\n<p><strong>HACIA LA PLAZA DEL CASTILLO<\/strong><\/p>\n<p>Despu\u00e9s de treinta minutos en actitud pac\u00edfica en la c\u00e9ntrica rotonda de la capital navarra<strong> se han desplazado hacia la Plaza del Castillo<\/strong>, donde se ha le\u00eddo un comunicado en nombre de los convocantes condenando la interceptaci\u00f3n de la flotilla por parte del ej\u00e9rcito israel\u00ed en aguas internacionales, un asalto que, seg\u00fan denunciaron, vulnera el derecho mar\u00edtimo internacional y constituye <strong>\u201cun acto de abordaje violento contra una misi\u00f3n humanitaria\u201d<\/strong>.<\/p>\n<p>A lo largo de toda la protesta se han podido ver carteles con mensajes como: \u201cRompamos el bloqueo de Gaza\u201d, \u201cSi nuestros gobiernos no act\u00faan, lo haremos nosotras\u201d, \u201cDetengamos el genocidio, basta de impunidad\u201d, o \u201cRuptura de relaciones con Israel\u201d.<\/p>\n<p><strong>EXIGEN LA ENTREGA URGENTE DE LA AYUDA RETENIDA\u00a0<\/strong><\/p>\n<p>\n<strong>La flotilla transportaba ayuda \u201cimprescindible\u201d<\/strong> y pretend\u00eda \u00abromper el bloqueo impuesto sobre la Franja de Gaza desde hace 17 a\u00f1os\u00bb, que el colectivo considera un castigo colectivo prohibido por el derecho internacional y responsable de \u201cuna cat\u00e1strofe humanitaria sin precedentes\u201d.<\/p>\n<p>El movimiento enmarca este ataque en lo que califica de <strong>\u201cgenocidio en curso contra el pueblo palestino\u201d<\/strong>, se\u00f1alando que Gaza est\u00e1 sometida a bombardeos, desplazamientos forzosos y ocupaci\u00f3n militar, con el objetivo de \u201cquebrar a un pueblo entero y borrar su existencia\u201d.<\/p>\n<p>En el comunicado, la organizaci\u00f3n ha exigido la entrega urgente de la ayuda humanitaria retenida, el fin del bloqueo y de la ofensiva israel\u00ed, as\u00ed como la liberaci\u00f3n inmediata de las personas activistas y tripulantes de la flotilla.<\/p>\n<p>Asimismo, ha hecho un llamamiento a la sociedad civil e instituciones vascas a intensificar la movilizaci\u00f3n, la denuncia y la solidaridad internacionalista hasta lograr \u201cel levantamiento del bloqueo y el reconocimiento de Palestina libre\u201d.<\/p>\n","protected":false},"excerpt":{"rendered":"Una multitudinaria concentraci\u00f3n convocada este jueves a las 18.30 horas en Pamplona, en Merindades, en favor de la&hellip;\n","protected":false},"author":2,"featured_media":153570,"comment_status":"","ping_status":"","sticky":false,"template":"","format":"standard","meta":{"footnotes":""},"categories":[5],"tags":[17,18,8461,4708,25,24,14269,13,14,9144,11,19,20,46265,9,10,15,16,23,12,21,22],"class_list":{"0":"post-153569","1":"post","2":"type-post","3":"status-publish","4":"format-standard","5":"has-post-thumbnail","7":"category-titulares","8":"tag-breaking-news","9":"tag-breakingnews","10":"tag-convocatoria","11":"tag-corta","12":"tag-es","13":"tag-espana","14":"tag-favor","15":"tag-featured-news","16":"tag-featurednews","17":"tag-flotilla","18":"tag-headlines","19":"tag-latest-news","20":"tag-latestnews","21":"tag-merindades","22":"tag-news","23":"tag-noticias","24":"tag-noticias-destacadas","25":"tag-noticiasdestacadas","26":"tag-spain","27":"tag-titulares","28":"tag-ultimas-noticias","29":"tag-ultimasnoticias"},"share_on_mastodon":{"url":"","error":""},"_links":{"self":[{"href":"https:\/\/www.europesays.com\/es\/wp-json\/wp\/v2\/posts\/153569","targetHints":{"allow":["GET"]}}],"collection":[{"href":"https:\/\/www.europesays.com\/es\/wp-json\/wp\/v2\/posts"}],"about":[{"href":"https:\/\/www.europesays.com\/es\/wp-json\/wp\/v2\/types\/post"}],"author":[{"embeddable":true,"href":"https:\/\/www.europesays.com\/es\/wp-json\/wp\/v2\/users\/2"}],"replies":[{"embeddable":true,"href":"https:\/\/www.europesays.com\/es\/wp-json\/wp\/v2\/comments?post=153569"}],"version-history":[{"count":0,"href":"https:\/\/www.europesays.com\/es\/wp-json\/wp\/v2\/posts\/153569\/revisions"}],"wp:featuredmedia":[{"embeddable":true,"href":"https:\/\/www.europesays.com\/es\/wp-json\/wp\/v2\/media\/153570"}],"wp:attachment":[{"href":"https:\/\/www.europesays.com\/es\/wp-json\/wp\/v2\/media?parent=153569"}],"wp:term":[{"taxonomy":"category","embeddable":true,"href":"https:\/\/www.europesays.com\/es\/wp-json\/wp\/v2\/categories?post=153569"},{"taxonomy":"post_tag","embeddable":true,"href":"https:\/\/www.europesays.com\/es\/wp-json\/wp\/v2\/tags?post=153569"}],"curies":[{"name":"wp","href":"https:\/\/api.w.org\/{rel}","templated":true}]}}