{"id":153571,"date":"2025-10-02T21:28:10","date_gmt":"2025-10-02T21:28:10","guid":{"rendered":"https:\/\/www.europesays.com\/es\/153571\/"},"modified":"2025-10-02T21:28:10","modified_gmt":"2025-10-02T21:28:10","slug":"david-de-miranda-inaugura-los-encuentros-carrusel-taurino-de-canal-sur-y-fundacion-cajasol","status":"publish","type":"post","link":"https:\/\/www.europesays.com\/es\/153571\/","title":{"rendered":"David de Miranda inaugura los &#8216;Encuentros Carrusel Taurino&#8217; de Canal Sur y Fundaci\u00f3n Cajasol"},"content":{"rendered":"<p>   SEVILLA 2 Oct. (EUROPA PRESS) &#8211;  <\/p>\n<p>   Canal Sur ha iniciado la tarde-noche de este jueves, 2 de octubre, el ciclo de &#8216;Encuentros Carrusel Taurino&#8217;, un espacio de di\u00e1logo y reflexi\u00f3n en torno al mundo de la tauromaquia. El torero David de Miranda ha sido el protagonista del primer encuentro, que se ha celebrado en la Sala Machado de la Fundaci\u00f3n Cajasol.<\/p>\n<p>   Los &#8216;Encuentros Carrusel Taurino&#8217; son una iniciativa de la Canal Sur Radio y Televisi\u00f3n para la divulgaci\u00f3n de la cultura taurina. Cuentan con el apoyo de la Fundaci\u00f3n Cajasol y est\u00e1n moderados por el director del programa &#8216;Carrusel Taurino&#8217; de Canal Sur Radio, Juan Ram\u00f3n Romero, seg\u00fan ha detallado RTVA en una nota.<\/p>\n<p>   El primer invitado, David de Miranda, ha sido el torero que ha revolucionado la temporada en este 2025. En este sentido, Romero se ha referido a la trayectoria taurina del diestro como \u00abla historia de un hombre an\u00f3nimo\u00bb.<\/p>\n<p>   La asistencia al Encuentro ha sido libre hasta completar el aforo de la sala y el evento ha podido seguirse a trav\u00e9s de la plataforma de contenidos digitales de RTVA CanalSur M\u00e1s.<\/p>\n","protected":false},"excerpt":{"rendered":"SEVILLA 2 Oct. (EUROPA PRESS) &#8211; Canal Sur ha iniciado la tarde-noche de este jueves, 2 de octubre,&hellip;\n","protected":false},"author":2,"featured_media":153572,"comment_status":"","ping_status":"","sticky":false,"template":"","format":"standard","meta":{"footnotes":""},"categories":[277],"tags":[373,168,25,24,23,167,374],"class_list":{"0":"post-153571","1":"post","2":"type-post","3":"status-publish","4":"format-standard","5":"has-post-thumbnail","7":"category-toreo","8":"tag-bullfighting","9":"tag-deportes","10":"tag-es","11":"tag-espana","12":"tag-spain","13":"tag-sports","14":"tag-toreo"},"share_on_mastodon":{"url":"","error":""},"_links":{"self":[{"href":"https:\/\/www.europesays.com\/es\/wp-json\/wp\/v2\/posts\/153571","targetHints":{"allow":["GET"]}}],"collection":[{"href":"https:\/\/www.europesays.com\/es\/wp-json\/wp\/v2\/posts"}],"about":[{"href":"https:\/\/www.europesays.com\/es\/wp-json\/wp\/v2\/types\/post"}],"author":[{"embeddable":true,"href":"https:\/\/www.europesays.com\/es\/wp-json\/wp\/v2\/users\/2"}],"replies":[{"embeddable":true,"href":"https:\/\/www.europesays.com\/es\/wp-json\/wp\/v2\/comments?post=153571"}],"version-history":[{"count":0,"href":"https:\/\/www.europesays.com\/es\/wp-json\/wp\/v2\/posts\/153571\/revisions"}],"wp:featuredmedia":[{"embeddable":true,"href":"https:\/\/www.europesays.com\/es\/wp-json\/wp\/v2\/media\/153572"}],"wp:attachment":[{"href":"https:\/\/www.europesays.com\/es\/wp-json\/wp\/v2\/media?parent=153571"}],"wp:term":[{"taxonomy":"category","embeddable":true,"href":"https:\/\/www.europesays.com\/es\/wp-json\/wp\/v2\/categories?post=153571"},{"taxonomy":"post_tag","embeddable":true,"href":"https:\/\/www.europesays.com\/es\/wp-json\/wp\/v2\/tags?post=153571"}],"curies":[{"name":"wp","href":"https:\/\/api.w.org\/{rel}","templated":true}]}}