{"id":153577,"date":"2025-10-02T21:33:15","date_gmt":"2025-10-02T21:33:15","guid":{"rendered":"https:\/\/www.europesays.com\/es\/153577\/"},"modified":"2025-10-02T21:33:15","modified_gmt":"2025-10-02T21:33:15","slug":"la-pase-realmente-mal-el-domingo-despues-de-baku","status":"publish","type":"post","link":"https:\/\/www.europesays.com\/es\/153577\/","title":{"rendered":"La pas\u00e9 realmente mal el domingo despu\u00e9s de Bak\u00fa"},"content":{"rendered":"<p>El equipo <a href=\"https:\/\/lat.motorsport.com\/team\/alpine\/37484\/\" target=\"_blank\" rel=\"noopener nofollow\">Alpine<\/a> atraviesa una situaci\u00f3n muy dif\u00edcil en la temporada 2025 de F\u00f3rmula 1, ya que su A525 ha mostrado problemas claros para ser competitivo en la segunda parte del campeonato, tras la decisi\u00f3n de la escuder\u00eda de abandonar tempranamente el desarrollo del coche actual para concentrar todos sus esfuerzos en el modelo de 2026.<\/p>\n<p><a href=\"https:\/\/lat.motorsport.com\/driver\/pierre-gasly\/469687\/\" target=\"_blank\" rel=\"noopener nofollow\">Pierre Gasly<\/a>, en particular, logr\u00f3 avanzar a la Q3 en ocho ocasiones \u2014incluyendo las clasificaciones sprint\u2014 durante los primeros 15 fines de semana de la temporada, pero hace cinco Grandes Premios que no logra acercarse a esas posiciones. De hecho, en los dos \u00faltimos s\u00e1bados de F1 \u2014Italia y Azerbaiy\u00e1n\u2014 el franc\u00e9s qued\u00f3 eliminado en la Q1, junto con <a href=\"https:\/\/lat.motorsport.com\/driver\/franco-colapinto\/875930\/\" target=\"_blank\" rel=\"noopener nofollow\">Franco Colapinto<\/a>.<\/p>\n<p>La carrera de Bak\u00fa fue especialmente complicada para Gasly, ya que solo el choque de <a href=\"https:\/\/lat.motorsport.com\/driver\/alex-albon\/468536\/\" target=\"_blank\" rel=\"noopener nofollow\">Alex Albon<\/a> con Colapinto evit\u00f3 que el franc\u00e9s terminara \u00faltimo el domingo.<\/p>\n<p>Tambi\u00e9n lee:<\/p>\n<p>\u00abEl fin de semana pasado fue muy doloroso, debo decirlo. Realmente lo pas\u00e9 mal el domingo por la noche porque ni siquiera est\u00e1bamos en la pelea por estar cerca del top 10\u00bb, revel\u00f3 Gasly este jueves ante los medios, entre ellos <strong>Motorsport.com<\/strong>, en la previa del Gran Premio de Singapur.<\/p>\n<p>\u00abPero bueno, conocemos el proyecto en el que estamos. Sabemos que dentro de un par de meses estaremos en una situaci\u00f3n diferente. Es nuestro deber presentarnos cada fin de semana y dar lo mejor de nosotros, intentando aprovechar al m\u00e1ximo nuestras oportunidades\u00bb, agreg\u00f3.<\/p>\n<p>   <img decoding=\"async\" draggable=\"false\" src=\"https:\/\/www.europesays.com\/es\/wp-content\/uploads\/2025\/10\/pierre-gasly-alpine.jpg\" alt=\"Pierre Gasly, Alpine\" width=\"1200\" height=\"800\" loading=\"lazy\"\/> <\/p>\n<p class=\"title\">Pierre Gasly, Alpine<\/p>\n<p class=\"photographer\">Photo by: Simon Galloway \/ LAT Images via Getty Images<\/p>\n<p>Al ser consultado sobre si esperaba que la situaci\u00f3n cambie este fin de semana en el circuito urbano de Marina Bay, el piloto de 29 a\u00f1os no mostr\u00f3 grandes expectativas.<\/p>\n<p>\u00abEso espero. Quiero decir, sobre el papel sabemos que Singapur es bastante similar a Bak\u00fa: bajas velocidades, tracci\u00f3n, es un circuito bacheado, as\u00ed que, de manera realista, no espero un cambio enorme\u00bb, se\u00f1al\u00f3.<\/p>\n<p>\u00abS\u00ed tengo algo de esperanza con el clima; ojal\u00e1 pueda jugar un papel impredecible durante el fin de semana. Pero bueno, creo que conozco la situaci\u00f3n en la que estamos\u00bb.<\/p>\n<p>Pese a los problemas de Alpine, Gasly valor\u00f3 el trabajo del equipo al mantener la motivaci\u00f3n y el compromiso en medio de una temporada que tiene a la escuder\u00eda al fondo del campeonato de constructores.<\/p>\n<p>\u00abEstoy muy agradecido y orgulloso de la reacci\u00f3n y el comportamiento del equipo. Llegar cada fin de semana sabiendo que no tenemos un paquete muy competitivo, y aun as\u00ed cada persona del equipo se presenta con motivaci\u00f3n, dispuesta a dar lo mejor por nosotros. Creo que es muy positivo ver ese tipo de sinergia dentro de todo el equipo. Aun as\u00ed, tenemos que dar nuestro m\u00e1ximo\u00bb.<\/p>\n<p><a href=\"https:\/\/lat.motorsport.com\/app\/ \" target=\"_blank\" rel=\"noopener nofollow\">    <img decoding=\"async\" draggable=\"false\" src=\"https:\/\/www.europesays.com\/es\/wp-content\/uploads\/2025\/09\/1759084572_788_promo-app.jpg\" alt=\"\" width=\"1200\" height=\"800\" loading=\"lazy\"\/>  <\/a><br \/>\nM\u00e1s de la F\u00f3rmula 1:<\/p>\n<p>            Queremos tu opini\u00f3n<\/p>\n<p class=\"mt-auto\">\u00bfQu\u00e9 le gustar\u00eda ver en Motorsport.com?<\/p>\n<p>            <a href=\"#\" class=\"ms-link text-link font-bold\">Responda a nuestra encuesta de 5 minutos.<\/a><\/p>\n<p class=\"mt-1 font-info text-body\">&#8211; El equipo de Motorsport.com<\/p>\n","protected":false},"excerpt":{"rendered":"El equipo Alpine atraviesa una situaci\u00f3n muy dif\u00edcil en la temporada 2025 de F\u00f3rmula 1, ya que su&hellip;\n","protected":false},"author":2,"featured_media":153578,"comment_status":"","ping_status":"","sticky":false,"template":"","format":"standard","meta":{"footnotes":""},"categories":[270],"tags":[1331,168,25,24,306,271,272,1230,46267,44837,1722,44838,23,167],"class_list":{"0":"post-153577","1":"post","2":"type-post","3":"status-publish","4":"format-standard","5":"has-post-thumbnail","7":"category-formula-1","8":"tag-alpine","9":"tag-deportes","10":"tag-es","11":"tag-espana","12":"tag-f1","13":"tag-formula-1","14":"tag-formula1","15":"tag-fu00f3rmula-1","16":"tag-gasly-la-pasu00e9-realmente-mal-el-domingo-despuu00e9s-de-baku00fa","17":"tag-gp-de-singapur","18":"tag-jack-doohan","19":"tag-marina-bay-street-circuit","20":"tag-spain","21":"tag-sports"},"share_on_mastodon":{"url":"","error":""},"_links":{"self":[{"href":"https:\/\/www.europesays.com\/es\/wp-json\/wp\/v2\/posts\/153577","targetHints":{"allow":["GET"]}}],"collection":[{"href":"https:\/\/www.europesays.com\/es\/wp-json\/wp\/v2\/posts"}],"about":[{"href":"https:\/\/www.europesays.com\/es\/wp-json\/wp\/v2\/types\/post"}],"author":[{"embeddable":true,"href":"https:\/\/www.europesays.com\/es\/wp-json\/wp\/v2\/users\/2"}],"replies":[{"embeddable":true,"href":"https:\/\/www.europesays.com\/es\/wp-json\/wp\/v2\/comments?post=153577"}],"version-history":[{"count":0,"href":"https:\/\/www.europesays.com\/es\/wp-json\/wp\/v2\/posts\/153577\/revisions"}],"wp:featuredmedia":[{"embeddable":true,"href":"https:\/\/www.europesays.com\/es\/wp-json\/wp\/v2\/media\/153578"}],"wp:attachment":[{"href":"https:\/\/www.europesays.com\/es\/wp-json\/wp\/v2\/media?parent=153577"}],"wp:term":[{"taxonomy":"category","embeddable":true,"href":"https:\/\/www.europesays.com\/es\/wp-json\/wp\/v2\/categories?post=153577"},{"taxonomy":"post_tag","embeddable":true,"href":"https:\/\/www.europesays.com\/es\/wp-json\/wp\/v2\/tags?post=153577"}],"curies":[{"name":"wp","href":"https:\/\/api.w.org\/{rel}","templated":true}]}}