{"id":15358,"date":"2025-07-31T03:11:06","date_gmt":"2025-07-31T03:11:06","guid":{"rendered":"https:\/\/www.europesays.com\/es\/15358\/"},"modified":"2025-07-31T03:11:06","modified_gmt":"2025-07-31T03:11:06","slug":"estados-unidos-sanciono-al-juez-brasileno-a-cargo-del-juicio-contra-bolsonaro-el-gobierno-de-trump-acusa-a-alexandre-de-moraes-de-permitir-detenciones-arbitrarias","status":"publish","type":"post","link":"https:\/\/www.europesays.com\/es\/15358\/","title":{"rendered":"Estados Unidos sancion\u00f3 al juez brasile\u00f1o a cargo del juicio contra Bolsonaro | El gobierno de Trump acusa a\u00a0Alexandre de Moraes de permitir detenciones arbitrarias"},"content":{"rendered":"<p><b>El gobierno de Estados Unidos impuso este mi\u00e9rcoles sanciones econ\u00f3micas al juez de la Corte Suprema de Brasil <a href=\"https:\/\/www.pagina12.com.ar\/844199-el-supremo-de-brasil-rechaza-injerencia-de-estados-unidos-en\" rel=\"nofollow noopener\" target=\"_blank\">Alexandre de Moraes<\/a><\/b>, a cargo del juicio contra el expresidente Jair Bolsonaro, por \u00abautorizar detenciones arbitrarias\u00bb y \u00absuprimir la libertad de expresi\u00f3n\u00bb. El Departamento del Tesoro detall\u00f3 en un comunicado que <b>las sanciones financieras se enmarcan en la Ley Magnitsky<\/b>, que autoriza al gobierno estadounidense a sancionar a ciudadanos extranjeros implicados en lo que considere actos de corrupci\u00f3n o violaciones a los derechos humanos.\u00a0<\/p>\n<p><b>El gobierno de Brasil calific\u00f3 de \u00abarbitrarias e injustificables\u00bb las sanciones econ\u00f3micas contra Moraes<\/b>, que se conocieron el mismo d\u00eda en que el presidente <b>Donald Trump firm\u00f3 el decreto que oficializa una <a href=\"https:\/\/www.pagina12.com.ar\/842818-brasil-lula-respondio-a-trump-con-firmeza-y-propuesta-de-dia\" rel=\"nofollow noopener\" target=\"_blank\">suba arancelaria del 50 por ciento<\/a>\u00a0<\/b>que hab\u00eda prometido en represalia por una supuesta \u00abcaza de brujas contra su aliado Jair Bolsonaro. El pasado 18 de julio Washington ya hab\u00eda revocado adem\u00e1s el visado a Moraes y le prohibi\u00f3 entrar a territorio estadounidense.\u00a0<\/p>\n<p>                <a data-iframely-url=\"\" href=\"https:\/\/twitter.com\/USTreasury\/status\/1950600358062948576\" rel=\"nofollow noopener\" target=\"_blank\">https:\/\/twitter.com\/USTreasury\/status\/1950600358062948576<\/a><\/p>\n<p>            \u00abSocava derechos de brasile\u00f1os y estadounidenses\u00bb\u00a0<\/p>\n<p><b>El juez Moraes \u00abes responsable de una campa\u00f1a opresiva de censura, detenciones arbitrarias que violan los derechos humanos y juicios politizados<\/b>, incluido el del expresidente Jair Bolsonaro\u00bb, acusado de intentar dar un golpe de Estado, afirma el secretario del Tesoro <b>Scott Bessent<\/b>, citado en un comunicado. \u00abSe ha tomado la libertad de ser juez y jurado en una caza de brujas ilegal contra ciudadanos y empresas estadounidenses y brasile\u00f1as\u00bb, agreg\u00f3 Bessent.<\/p>\n<p>Como resultado de las sanciones impuestas por la Oficina de Control de Activos Extranjeros (OFAC) del Departamento del Tesoro,<b> todos los bienes y participaciones de Moraes que se encuentren en Estados Unidos o que est\u00e9n en poder o bajo el control de estadounidenses quedan bloqueados<\/b>. El 18 de julio el Departamento de Estado ya revoc\u00f3 la visa del magistrado y de sus familiares cercanos. Ahora el gobierno de Trump aprieta a\u00fan m\u00e1s las clavijas por estimar que el magistrado se extralimita.\u00a0<\/p>\n<p><b>Moraes \u00abse convirti\u00f3 en uno de los individuos m\u00e1s poderosos de Brasil\u00bb<\/b>, afirma el <b>Departamento del Tesoro<\/b>. Lo acusa de someter \u00aba las v\u00edctimas a largas detenciones preventivas sin presentar cargos\u00bb y de socavar \u00ablos derechos de los brasile\u00f1os y estadounidenses a la libertad de expresi\u00f3n\u00bb. Washington cita distintos casos como el del arresto de \u00abun periodista durante m\u00e1s de un a\u00f1o\u00bb, el supuesto ataque \u00aba pol\u00edticos de oposici\u00f3n\u00bb, entre los que incluye a Bolsonaro, y plataformas de redes sociales estadounidenses.\u00a0<\/p>\n<p>\u00abHa congelado activos y revocado pasaportes de sus cr\u00edticos, ha prohibido cuentas en redes sociales y ha ordenado a la polic\u00eda federal de Brasil que allane las casas de sus cr\u00edticos, confisque sus pertenencias y asegure su detenci\u00f3n preventiva\u00bb, detalla la cartera estadounidense. El anuncio del Tesoro se produce despu\u00e9s de que Moraes impusiera varias medidas cautelares a Bolsonaro, como el uso de una tobillera electr\u00f3nica, la prohibici\u00f3n de usar redes sociales o un toque de queda nocturno.<\/p>\n<p>Este no es el \u00fanico caso reciente en el que Washington se involucra en procesos judiciales en Am\u00e9rica latina: tambi\u00e9n conden\u00f3 <a href=\"https:\/\/www.pagina12.com.ar\/845546-colombia-condenan-al-expresidente-uribe-por-soborno-a-testig\" rel=\"nofollow noopener\" target=\"_blank\">el fallo contra el expresidente colombiano \u00c1lvaro Uribe por fraude procesal y soborno en actuaci\u00f3n penal<\/a>. El presidente de Colombia, Gustavo Petro, acus\u00f3 al Secretario de Estado Marco Rubio de \u00abintromisi\u00f3n a la soberan\u00eda nacional\u00bb por sus declaraciones respecto a la condena.<\/p>\n<p>\u00abUn acto violento\u00bb contra el juez<\/p>\n<p>La ministra de Relaciones Institucionales de Brasil, <b>Gleisi Hoffmann<\/b>, <b>calific\u00f3 como un \u00abacto violento y arrogante\u00bb la sanci\u00f3n del gobierno de Estados Unidos contra Moraes.<\/b> La aplicaci\u00f3n de la ley Magnitsky contra el magistrado \u00abrepresenta un cap\u00edtulo m\u00e1s de la traici\u00f3n de la familia Bolsonaro al pa\u00eds\u00bb, afirm\u00f3 Hoffmann, una importante aliada del presidente Lula, en un mensaje publicado este mi\u00e9rcoles en sus redes sociales.<\/p>\n<p>\u00abLa aplicaci\u00f3n arbitraria e injustificable, por parte de los Estados Unidos, de las sanciones econ\u00f3micas contra un miembro de la magistratura nacional, constituye un grave e inaceptable ataque a la soberan\u00eda de nuestro pa\u00eds\u00bb, afirm\u00f3 por su parte el jefe de la agencia para la defensa legal del Estado (AGU), Jorge Messias, en un comunicado. Messias anticip\u00f3 \u00abmedidas\u00bb contra la decisi\u00f3n de Washington \u00aben los foros y momentos adecuados\u00bb.<\/p>\n<p>                <a data-iframely-url=\"\" href=\"https:\/\/twitter.com\/gleisi\/status\/1950605856711799228\" rel=\"nofollow noopener\" target=\"_blank\">https:\/\/twitter.com\/gleisi\/status\/1950605856711799228<\/a><\/p>\n<p>            Padre e hijo unidos por el golpismo\u00a0<\/p>\n<p>Desde la vereda opuesta el diputado <b>Eduardo Bolsonaro<\/b>, hijo del expresidente Jair Bolsonaro, public\u00f3 un mensaje agradeciendo al presidente Donald Trump y al secretario de Estado, Marco Rubio, y afirm\u00f3 que<b> tiene \u00abla sensaci\u00f3n de misi\u00f3n cumplida\u00bb<\/b>. \u00abCuando me exili\u00e9 aqu\u00ed en Estados Unidos, dej\u00e9 bien claro mi intenci\u00f3n de sancionar a Alexandre de Moraes, porque entend\u00eda que en Brasil ya no exist\u00edan m\u00e1s medios para luchar contra esa tiran\u00eda. Hoy, tengo la sensaci\u00f3n de misi\u00f3n cumplida\u00bb, expres\u00f3 Eduardo, quien est\u00e1 desde marzo pasado en EE.UU. negociando sanciones contra Brasil.<\/p>\n<p>Eduardo Bolsonaro tambi\u00e9n es objeto de una investigaci\u00f3n en la Corte Suprema brasile\u00f1a, para intentar aclarar las gestiones del diputado ante la Casa Blanca en busca de sanciones para los magistrados de ese tribunal y para el propio pa\u00eds. Seg\u00fan la Fiscal\u00eda brasile\u00f1a, Bolsonaro y otros siete reos en el juicio que tramita en el m\u00e1ximo tribunal incurrieron en los delitos de \u00abgolpe de Estado\u00bb, \u00aborganizaci\u00f3n criminal armada\u00bb, \u00abtentativa de abolici\u00f3n violenta del Estado democr\u00e1tico de derecho\u00bb, \u00abda\u00f1o cualificado por violencia grave o amenaza\u00bb y \u00abdeterioro de patrimonio protegido\u00bb.\u00a0<\/p>\n<p><b>El complot habr\u00eda comenzado tras la derrota del exjefe de Estado en las elecciones de octubre de 2022 frente a Lula, cuya investidura se intentaba impedir<\/b>. De acuerdo con la Fiscal\u00eda, tras fracasar los planes iniciales, se lleg\u00f3 al asalto a las sedes de los tres poderes el 8 de enero de 2023, una semana despu\u00e9s de la investidura de Lula, cuando miles de manifestantes de ultraderecha intentaron presionar a los militares para derrocar al nuevo gobierno. Esta causa judicial contra Bolsonaro y sus aliados fue la que incentiv\u00f3 el arancel del 50 por ciento a las importaciones brasile\u00f1as anunciado a inicios de este mes por Trump y confirmada este mi\u00e9rcoles en un decreto oficial.\u00a0<\/p>\n<p>                <a data-iframely-url=\"\" href=\"https:\/\/twitter.com\/BolsonaroSP\/status\/1950627951399096508\" rel=\"nofollow noopener\" target=\"_blank\">https:\/\/twitter.com\/BolsonaroSP\/status\/1950627951399096508<\/a><\/p>\n<p>            <script async src=\"https:\/\/platform.twitter.com\/widgets.js\" charset=\"utf-8\"><\/script><\/p>\n","protected":false},"excerpt":{"rendered":"El gobierno de Estados Unidos impuso este mi\u00e9rcoles sanciones econ\u00f3micas al juez de la Corte Suprema de Brasil&hellip;\n","protected":false},"author":2,"featured_media":15359,"comment_status":"","ping_status":"","sticky":false,"template":"","format":"standard","meta":{"footnotes":""},"categories":[42],"tags":[9828,3216,17,18,360,629,13,14,11,61,62,63,64,3218,19,20,9,10,15,16,12,21,22,65,66,67],"class_list":{"0":"post-15358","1":"post","2":"type-post","3":"status-publish","4":"format-standard","5":"has-post-thumbnail","7":"category-internacional","8":"tag-alexandre-de-moraes","9":"tag-brasil","10":"tag-breaking-news","11":"tag-breakingnews","12":"tag-el-mundo","13":"tag-estados-unidos","14":"tag-featured-news","15":"tag-featurednews","16":"tag-headlines","17":"tag-internacional","18":"tag-international","19":"tag-international-news","20":"tag-internationalnews","21":"tag-jair-bolsonaro","22":"tag-latest-news","23":"tag-latestnews","24":"tag-news","25":"tag-noticias","26":"tag-noticias-destacadas","27":"tag-noticiasdestacadas","28":"tag-titulares","29":"tag-ultimas-noticias","30":"tag-ultimasnoticias","31":"tag-world","32":"tag-world-news","33":"tag-worldnews"},"share_on_mastodon":{"url":"","error":""},"_links":{"self":[{"href":"https:\/\/www.europesays.com\/es\/wp-json\/wp\/v2\/posts\/15358","targetHints":{"allow":["GET"]}}],"collection":[{"href":"https:\/\/www.europesays.com\/es\/wp-json\/wp\/v2\/posts"}],"about":[{"href":"https:\/\/www.europesays.com\/es\/wp-json\/wp\/v2\/types\/post"}],"author":[{"embeddable":true,"href":"https:\/\/www.europesays.com\/es\/wp-json\/wp\/v2\/users\/2"}],"replies":[{"embeddable":true,"href":"https:\/\/www.europesays.com\/es\/wp-json\/wp\/v2\/comments?post=15358"}],"version-history":[{"count":0,"href":"https:\/\/www.europesays.com\/es\/wp-json\/wp\/v2\/posts\/15358\/revisions"}],"wp:featuredmedia":[{"embeddable":true,"href":"https:\/\/www.europesays.com\/es\/wp-json\/wp\/v2\/media\/15359"}],"wp:attachment":[{"href":"https:\/\/www.europesays.com\/es\/wp-json\/wp\/v2\/media?parent=15358"}],"wp:term":[{"taxonomy":"category","embeddable":true,"href":"https:\/\/www.europesays.com\/es\/wp-json\/wp\/v2\/categories?post=15358"},{"taxonomy":"post_tag","embeddable":true,"href":"https:\/\/www.europesays.com\/es\/wp-json\/wp\/v2\/tags?post=15358"}],"curies":[{"name":"wp","href":"https:\/\/api.w.org\/{rel}","templated":true}]}}