{"id":153581,"date":"2025-10-02T21:35:05","date_gmt":"2025-10-02T21:35:05","guid":{"rendered":"https:\/\/www.europesays.com\/es\/153581\/"},"modified":"2025-10-02T21:35:05","modified_gmt":"2025-10-02T21:35:05","slug":"cachondeo-en-redes-con-el-video-que-ha-compartido-el-shkendija-del-estadio-del-rayo-vallecano","status":"publish","type":"post","link":"https:\/\/www.europesays.com\/es\/153581\/","title":{"rendered":"Cachondeo en redes con el v\u00eddeo que ha compartido el Shk\u00ebndija del estadio del Rayo Vallecano"},"content":{"rendered":"<p>                        Ambos equipos se enfrentar\u00e1n este jueves en la primera jornada de la Conference League\n<\/p>\n<p>                <img decoding=\"async\" class=\"nolazy\" alt=\"Cachondeo en redes con el v\u00eddeo que ha compartido el Shk\u00ebndija del estadio del Rayo Vallecano\" src=\"https:\/\/www.europesays.com\/es\/wp-content\/uploads\/2025\/10\/68de9a3b12b9a.jpeg\" heigth=\"465\" width=\"948\"\/><\/p>\n<p>\n                     Video\n                <\/p>\n<p>\n                        Actualizado a  02\/10\/2025 19:03 CEST\n                    <\/p>\n<p data-gtm-element-container=\"modulo-texto-link\" class=\"paragraph\"><a href=\"https:\/\/www.mundodeportivo.com\/futbol\/conference-league\/20251002\/1002543149\/rayo-kf-shkendija-directo-conference-league-futbol.html\" target=\"_blank\" rel=\"nofollow noopener\">El Rayo Vallecano y el Shk\u00ebndija se enfrentar\u00e1n este jueves a partir de las 18:45 horas en la primera jornada de la Conference League<\/a><strong>.<\/strong> Pero, ya desde ayer, el conjunto\u00a0de Macedonia del Norte est\u00e1 en la capital espa\u00f1ola para preparar el partido. Lo ha hecho en el estadio de su rival, tal y como suele ser habitual.<\/p>\n<p data-gtm-element-container=\"modulo-texto-link\" class=\"paragraph\">Lo que no se esperaba nadie era este <strong>v\u00eddeo <\/strong>que han compartido en sus redes sociales del <strong>supuesto feudo franjirrojo<\/strong> y que absolutamente nada tiene que ver con el de verdad. Por eso, los comentarios en las redes sociales no se han hecho esperar.\u00a0<\/p>\n<blockquote class=\"instagram-media\" data-instgrm-captioned=\"\" data-instgrm-version=\"6\" style=\"background: #FFF; border: 0; border-radius: 3px; box-shadow: 0 0 1px 0 rgba(0,&#10;0, 0, 0.5), 0 1px 10px 0 rgba(0, 0, 0, 0.15); margin: 1px; max-width: 658px; padding: 0;&#10;width: 99.375%; width: -webkit-calc(100% - 2px); width: calc(100% - 2px);\">\n<\/blockquote>\n<p>    Lee tambi\u00e9n<\/p>\n<p data-gtm-element-container=\"modulo-texto-link\" class=\"paragraph\">Y es que, de hecho, hasta hace pocos d\u00edas <strong>no se sab\u00eda si se iba poder jugar all\u00ed <\/strong>debido a las condiciones en las que se encuentra. Adem\u00e1s, la capacidad del estadio de Vallecas es mucho menor que en las im\u00e1genes. Y, por supuesto, no tiene forma de Coliseo romano en el exterior.\u00a0<\/p>\n<p>\n        Mostrar comentarios\n    <\/p>\n<p>{\u00aballowComment\u00bb:\u00bballowed\u00bb,\u00bbarticleId\u00bb:\u00bbarticle-1002543536&#8243;,\u00bburl\u00bb:\u00bbhttps:\\\/\\\/www.mundodeportivo.com\\\/futbol\\\/conference-league\\\/20251002\\\/1002543536\\\/cachondeo-redes-video-compartido-shkendija-estadio-rayo-vallecano.html\u00bb,\u00bblivefyre-url\u00bb:\u00bbarticle-1002543536&#8243;}<\/p>\n<p>Cargando siguiente contenido&#8230;\n                <\/p>\n","protected":false},"excerpt":{"rendered":"Ambos equipos se enfrentar\u00e1n este jueves en la primera jornada de la Conference League Video Actualizado a 02\/10\/2025&hellip;\n","protected":false},"author":2,"featured_media":153582,"comment_status":"","ping_status":"","sticky":false,"template":"","format":"standard","meta":{"footnotes":""},"categories":[268],"tags":[168,25,24,280,282,281,23,167],"class_list":{"0":"post-153581","1":"post","2":"type-post","3":"status-publish","4":"format-standard","5":"has-post-thumbnail","7":"category-futbol","8":"tag-deportes","9":"tag-es","10":"tag-espana","11":"tag-football","12":"tag-futbol","13":"tag-soccer","14":"tag-spain","15":"tag-sports"},"share_on_mastodon":{"url":"","error":""},"_links":{"self":[{"href":"https:\/\/www.europesays.com\/es\/wp-json\/wp\/v2\/posts\/153581","targetHints":{"allow":["GET"]}}],"collection":[{"href":"https:\/\/www.europesays.com\/es\/wp-json\/wp\/v2\/posts"}],"about":[{"href":"https:\/\/www.europesays.com\/es\/wp-json\/wp\/v2\/types\/post"}],"author":[{"embeddable":true,"href":"https:\/\/www.europesays.com\/es\/wp-json\/wp\/v2\/users\/2"}],"replies":[{"embeddable":true,"href":"https:\/\/www.europesays.com\/es\/wp-json\/wp\/v2\/comments?post=153581"}],"version-history":[{"count":0,"href":"https:\/\/www.europesays.com\/es\/wp-json\/wp\/v2\/posts\/153581\/revisions"}],"wp:featuredmedia":[{"embeddable":true,"href":"https:\/\/www.europesays.com\/es\/wp-json\/wp\/v2\/media\/153582"}],"wp:attachment":[{"href":"https:\/\/www.europesays.com\/es\/wp-json\/wp\/v2\/media?parent=153581"}],"wp:term":[{"taxonomy":"category","embeddable":true,"href":"https:\/\/www.europesays.com\/es\/wp-json\/wp\/v2\/categories?post=153581"},{"taxonomy":"post_tag","embeddable":true,"href":"https:\/\/www.europesays.com\/es\/wp-json\/wp\/v2\/tags?post=153581"}],"curies":[{"name":"wp","href":"https:\/\/api.w.org\/{rel}","templated":true}]}}