{"id":153583,"date":"2025-10-02T21:36:13","date_gmt":"2025-10-02T21:36:13","guid":{"rendered":"https:\/\/www.europesays.com\/es\/153583\/"},"modified":"2025-10-02T21:36:13","modified_gmt":"2025-10-02T21:36:13","slug":"victoria-federica-es-la-invitada-sorpresa-al-desfile-de-dior-en-la-semana-de-la-moda-de-paris-con-este-vestido-negro-espectacular","status":"publish","type":"post","link":"https:\/\/www.europesays.com\/es\/153583\/","title":{"rendered":"Victoria Federica es la invitada sorpresa al desfile de Dior en la Semana de la Moda de Par\u00eds con este vestido negro espectacular"},"content":{"rendered":"<p data-journey-content=\"true\" data-node-id=\"2\" class=\"css-6wxqfj emevuu60\">Nadie se quiso perder ayer el debut de Jonathan Anderson como director creativo de Dior. El dise\u00f1ador brit\u00e1nico presentaba su primera <a href=\"https:\/\/www.elle.com\/es\/pasarelas\/primavera-verano-2026\/g68158780\/christian-dior-h2ue3s-6-detalles\/\" target=\"_blank\" data-vars-ga-outbound-link=\"https:\/\/www.elle.com\/es\/pasarelas\/primavera-verano-2026\/g68158780\/christian-dior-h2ue3s-6-detalles\/\" data-vars-ga-ux-element=\"Hyperlink\" data-vars-ga-call-to-action=\"colecci\u00f3n femenina de Primavera-Verano 2026 en la Semana de la Moda de Par\u00eds\" data-node-id=\"2.1\" class=\"body-link css-103hk4r emevuu60\" rel=\"nofollow noopener\">colecci\u00f3n femenina de Primavera-Verano 2026 en la Semana de la Moda de Par\u00eds<\/a> y ha sido todo un \u00e9xito.<strong data-node-id=\"2.3\"> Acompa\u00f1ado de grandes amigos de la firma y rostros conocidos<\/strong>, <a href=\"https:\/\/www.elle.com\/es\/star-style\/el-estilo-de\/g68151403\/invitadas-mejor-vestidas-desfile-dior-debut-jonathan-anderson-semana-moda-paris\/\" target=\"_blank\" data-vars-ga-outbound-link=\"https:\/\/www.elle.com\/es\/star-style\/el-estilo-de\/g68151403\/invitadas-mejor-vestidas-desfile-dior-debut-jonathan-anderson-semana-moda-paris\/\" data-vars-ga-ux-element=\"Hyperlink\" data-vars-ga-call-to-action=\"el front row de Dior\" data-node-id=\"2.5\" class=\"body-link css-103hk4r emevuu60\" rel=\"nofollow noopener\">el front row de Dior<\/a> ha estado lleno, desde Rosal\u00eda o Jenna Ortega a Johnny Depp o Brigitte Macron. Todos ellos han sido testigos del primer bocado de la nueva era de Christian Dior y, si pensabas que la cantante catalana ha sido la \u00fanica representaci\u00f3n espa\u00f1ola en esta ocasi\u00f3n est\u00e1s equivocada.<\/p>\n<p data-journey-content=\"true\" data-node-id=\"3\" class=\"css-6wxqfj emevuu60\">Sentada al lado de Sassa de Osma en el \u00abspanish speaking corner\u00bb, como la Princesa de Hannover ha declarado en sus redes sociales, estaba Victoria Federica. La sobrina del Rey <strong data-node-id=\"3.1\">se ha convertido en una habitual de las Semanas de la Moda <\/strong>desde hace unos a\u00f1os y es amiga de la casa, como hemos visto en m\u00e1s de una ocasi\u00f3n.  <\/p>\n<p><img draggable=\"true\" alt=\"sassa de osma victoria federica\" title=\"sassa de osma victoria federica\" loading=\"lazy\" width=\"1169\" height=\"2065\" decoding=\"async\" data-nimg=\"1\" style=\"color:transparent;width:100%;height:auto;\"   src=\"https:\/\/www.europesays.com\/es\/wp-content\/uploads\/2025\/10\/img-8237-68de660d03919.jpg\" class=\"css-0 e1g79fud0\"\/><a target=\"_blank\" rel=\"noopener nofollow\" data-theme-key=\"base-link\" href=\"https:\/\/pinterest.com\/pin\/create\/button\/?url=https:\/\/www.elle.com\/es\/star-style\/el-estilo-de\/a68167125\/victoria-federica-invitada-sorpresa-desfile-dior-semana-moda-paris\/&amp;description=- ElleSpain&amp;media=https:\/\/hips.hearstapps.com\/hmg-prod\/images\/img-8237-68de660d03919.jpg?resize=1600:*\" class=\"pinterest css-on9hn5 e1c1bym14\"><img decoding=\"async\" data-dynamic-svg=\"true\" src=\"https:\/\/www.elle.com\/_assets\/design-tokens\/fre\/static\/icons\/social\/pinterest.e8cf655.svg?primary=%2523ffffff\" loading=\"lazy\" data-testid=\"dynamic-svg-base\" height=\"auto\" width=\"auto\" alt=\"pinterest\" class=\"css-4lml0h e1mlxuuw1\"\/><\/a><\/p>\n<p>Instagram<\/p>\n<p data-journey-content=\"true\" data-node-id=\"5\" class=\"css-6wxqfj emevuu60\">Aunque ha pasado algo desapercibida, hemos podido verla de lo m\u00e1s c\u00f3mplice con Sassa de Osma, <strong data-node-id=\"5.1\">disfrutando en la primera fila de la nueva colecci\u00f3n de Dior con un look espectacular.<\/strong><\/p>\n<p>Victoria Federica es la invitada sorpresa en Dior<\/p>\n<p data-journey-content=\"true\" data-node-id=\"8\" class=\"css-6wxqfj emevuu60\">Como no pod\u00eda ser de otra manera, &#8216;Vic&#8217; ha acudido a esta ocasi\u00f3n con un &#8216;total look&#8217; negro. Hemos podido ver que el <strong data-node-id=\"8.3\">gran protagonista ha sido un vestido negro con <\/strong><strong data-node-id=\"8.4\"><strong data-node-id=\"8.4.0\">bajo troquelado con motivos geom\u00e9tricos en un tejido de scuba.<\/strong><\/strong> Se trata de un dise\u00f1o de la firma barcelonesa Simorra que ha combinado con un bolso estampado de Dior. Ha optado por lucir su larga melena suelta, con ondas naturales, y un maquillaje sencillo y nada recargado que enfatizaba su belleza habitual.  <\/p>\n<p><img draggable=\"true\" alt=\"street style paris fashion week womenswear spring summer 2026 day three\" title=\"Street Style - Paris Fashion Week - Womenswear Spring Summer 2026 - Day Three\" loading=\"lazy\" width=\"5504\" height=\"8256\" decoding=\"async\" data-nimg=\"1\" style=\"color:transparent;width:100%;height:auto;\"   src=\"https:\/\/www.europesays.com\/es\/wp-content\/uploads\/2025\/10\/guest-wears-black-sleeveless-dress-outside-dior-during-the-news-photo-1759414282.pjpeg\" class=\"css-0 e1g79fud0\"\/><a target=\"_blank\" rel=\"noopener nofollow\" data-theme-key=\"base-link\" href=\"https:\/\/pinterest.com\/pin\/create\/button\/?url=https:\/\/www.elle.com\/es\/star-style\/el-estilo-de\/a68167125\/victoria-federica-invitada-sorpresa-desfile-dior-semana-moda-paris\/&amp;description=- ElleSpain&amp;media=https:\/\/hips.hearstapps.com\/hmg-prod\/images\/guest-wears-black-sleeveless-dress-outside-dior-during-the-news-photo-1759414282.pjpeg?resize=1600:*\" class=\"pinterest css-on9hn5 e1c1bym14\"><img decoding=\"async\" data-dynamic-svg=\"true\" src=\"https:\/\/www.elle.com\/_assets\/design-tokens\/fre\/static\/icons\/social\/pinterest.e8cf655.svg?primary=%2523ffffff\" loading=\"lazy\" data-testid=\"dynamic-svg-base\" height=\"auto\" width=\"auto\" alt=\"pinterest\" class=\"css-4lml0h e1mlxuuw1\"\/><\/a><\/p>\n<p>Claudio Lavenia\/\/Getty Images<\/p>\n<p><img draggable=\"true\" alt=\"street style paris fashion week womenswear spring summer 2026 day three\" title=\"Street Style - Paris Fashion Week - Womenswear Spring Summer 2026 - Day Three\" loading=\"lazy\" width=\"3285\" height=\"5024\" decoding=\"async\" data-nimg=\"1\" style=\"color:transparent;width:100%;height:auto;\"   src=\"https:\/\/www.europesays.com\/es\/wp-content\/uploads\/2025\/10\/guest-is-seen-wearing-a-black-dior-dress-floral-dior-bag-news-photo-1759414150.pjpeg\" class=\"css-0 e1g79fud0\"\/><a target=\"_blank\" rel=\"noopener nofollow\" data-theme-key=\"base-link\" href=\"https:\/\/pinterest.com\/pin\/create\/button\/?url=https:\/\/www.elle.com\/es\/star-style\/el-estilo-de\/a68167125\/victoria-federica-invitada-sorpresa-desfile-dior-semana-moda-paris\/&amp;description=- ElleSpain&amp;media=https:\/\/hips.hearstapps.com\/hmg-prod\/images\/guest-is-seen-wearing-a-black-dior-dress-floral-dior-bag-news-photo-1759414150.pjpeg?resize=1600:*\" class=\"pinterest css-on9hn5 e1c1bym14\"><img decoding=\"async\" data-dynamic-svg=\"true\" src=\"https:\/\/www.elle.com\/_assets\/design-tokens\/fre\/static\/icons\/social\/pinterest.e8cf655.svg?primary=%2523ffffff\" loading=\"lazy\" data-testid=\"dynamic-svg-base\" height=\"auto\" width=\"auto\" alt=\"pinterest\" class=\"css-4lml0h e1mlxuuw1\"\/><\/a><\/p>\n<p>Daniel Zuchnik\/\/Getty Images<\/p>\n<p data-journey-content=\"true\" data-node-id=\"11\" class=\"css-6wxqfj emevuu60\">Sassa de Osma eleg\u00eda para esta ocasi\u00f3n un dos piezas de chaqueta y falda midi de tablas con zapatos de estilo &#8216;lady&#8217; en negro y un bolso amarillo, el dise\u00f1o &#8216;Lady Dior&#8217;, que le daba la nota de color a este look. <\/p>\n<p><img draggable=\"true\" alt=\"street style paris fashion week womenswear spring summer 2026 day three\" title=\"Street Style - Paris Fashion Week - Womenswear Spring Summer 2026 - Day Three\" loading=\"lazy\" width=\"683\" height=\"1024\" decoding=\"async\" data-nimg=\"1\" style=\"color:transparent;width:100%;height:auto;\"   src=\"https:\/\/www.europesays.com\/es\/wp-content\/uploads\/2025\/10\/alessandra-de-osma-aka-sassa-is-seen-wearing-grey-dior-news-photo-1759403388.pjpeg\" class=\"css-0 e1g79fud0\"\/><a target=\"_blank\" rel=\"noopener nofollow\" data-theme-key=\"base-link\" href=\"https:\/\/pinterest.com\/pin\/create\/button\/?url=https:\/\/www.elle.com\/es\/star-style\/el-estilo-de\/a68167125\/victoria-federica-invitada-sorpresa-desfile-dior-semana-moda-paris\/&amp;description=- ElleSpain&amp;media=https:\/\/hips.hearstapps.com\/hmg-prod\/images\/alessandra-de-osma-aka-sassa-is-seen-wearing-grey-dior-news-photo-1759403388.pjpeg?resize=1600:*\" class=\"pinterest css-on9hn5 e1c1bym14\"><img decoding=\"async\" data-dynamic-svg=\"true\" src=\"https:\/\/www.elle.com\/_assets\/design-tokens\/fre\/static\/icons\/social\/pinterest.e8cf655.svg?primary=%2523ffffff\" loading=\"lazy\" data-testid=\"dynamic-svg-base\" height=\"auto\" width=\"auto\" alt=\"pinterest\" class=\"css-4lml0h e1mlxuuw1\"\/><\/a><\/p>\n<p>Hanna Lassen\/\/Getty Images<\/p>\n<p><img draggable=\"true\" alt=\"christian dior: photocall paris fashion week womenswear spring\/summer 2026\" title=\"Christian Dior: Photocall - Paris Fashion Week - Womenswear Spring\/Summer 2026\" loading=\"lazy\" width=\"3455\" height=\"4319\" decoding=\"async\" data-nimg=\"1\" style=\"color:transparent;width:100%;height:auto;\"   src=\"https:\/\/www.europesays.com\/es\/wp-content\/uploads\/2025\/10\/alessandra-de-osma-attends-the-christian-dior-womenswear-news-photo-1759405418.pjpeg\" class=\"css-0 e1g79fud0\"\/><a target=\"_blank\" rel=\"noopener nofollow\" data-theme-key=\"base-link\" href=\"https:\/\/pinterest.com\/pin\/create\/button\/?url=https:\/\/www.elle.com\/es\/star-style\/el-estilo-de\/a68167125\/victoria-federica-invitada-sorpresa-desfile-dior-semana-moda-paris\/&amp;description=- ElleSpain&amp;media=https:\/\/hips.hearstapps.com\/hmg-prod\/images\/alessandra-de-osma-attends-the-christian-dior-womenswear-news-photo-1759405418.pjpeg?resize=1600:*\" class=\"pinterest css-on9hn5 e1c1bym14\"><img decoding=\"async\" data-dynamic-svg=\"true\" src=\"https:\/\/www.elle.com\/_assets\/design-tokens\/fre\/static\/icons\/social\/pinterest.e8cf655.svg?primary=%2523ffffff\" loading=\"lazy\" data-testid=\"dynamic-svg-base\" height=\"auto\" width=\"auto\" alt=\"pinterest\" class=\"css-4lml0h e1mlxuuw1\"\/><\/a><\/p>\n<p>Pascal Le Segretain\/\/Getty Images<\/p>\n<p><img src=\"https:\/\/www.europesays.com\/es\/wp-content\/uploads\/2025\/10\/ade596ee-932c-4fd8-997c-ab0e77af060a_1668503088.file\" alt=\"Headshot of Sara Alcoceba\" title=\"Headshot of Sara Alcoceba\" width=\"100%\" height=\"100%\" decoding=\"async\" loading=\"lazy\" class=\"css-o0wq4v ev8dhu53\"\/><\/p>\n<p>Sara Alcoceba es experta en estilo, celebrities y moda. No hay estilismo de famosa que le pase desapercibido y es capaz de bucear en todas las webs de las marcas de moda hasta sacar el outfit completo que han llevado a su \u00faltimo evento. De Zara, Mango o H&amp;M hasta la boutique m\u00e1s rec\u00f3ndita: Sara es especialista en contarte de qu\u00e9 visten las famosas y c\u00f3mo llevar su look.\u00a0<\/p>\n<p>Su gran pasi\u00f3n es cubrir la actualidad en alfombras rojas y eventos de moda. De los Oscars a la Gala Met, pasando por el d\u00eda a d\u00eda que comparten influencers y celebrities en sus redes sociales o los photocalls a los que acuden los royals y la alta sociedad. Siempre tiene un ojo puesto en lo que se cuece en Instagram y TikTok.\u00a0<\/p>\n<p>Sara Alcoceba se gradu\u00f3 en Periodismo en la Universidad Carlos III de Madrid y desde entonces se ha especializado en medios de comunicaci\u00f3n digitales, trabajando en revistas de moda y lifestyle. Pas\u00f3 por Cosmopolitan, HOLA y Vanitatis cubriendo actualidad y belleza, y tuvo una temporada muy fitness escribiendo sobre entrenamientos y nutrici\u00f3n en Women\u2019s Health. \u00a0\u00a0<\/p>\n<p>Con una trayectoria de casi una d\u00e9cada en medios digitales, Sara lleva m\u00e1s de 7 a\u00f1os vinculada a ELLE, donde ahora ha tomado las riendas de la secci\u00f3n de Star Style para contarte todo lo que tienes que saber sobre tus famosas favoritas. \u00a0\u00a0<\/p>\n","protected":false},"excerpt":{"rendered":"Nadie se quiso perder ayer el debut de Jonathan Anderson como director creativo de Dior. El dise\u00f1ador brit\u00e1nico&hellip;\n","protected":false},"author":2,"featured_media":153584,"comment_status":"","ping_status":"","sticky":false,"template":"","format":"standard","meta":{"footnotes":""},"categories":[174],"tags":[255,253,146,147,25,24,256,23],"class_list":{"0":"post-153583","1":"post","2":"type-post","3":"status-publish","4":"format-standard","5":"has-post-thumbnail","7":"category-famosos","8":"tag-celebrities","9":"tag-discover","10":"tag-entertainment","11":"tag-entretenimiento","12":"tag-es","13":"tag-espana","14":"tag-famosos","15":"tag-spain"},"share_on_mastodon":{"url":"","error":""},"_links":{"self":[{"href":"https:\/\/www.europesays.com\/es\/wp-json\/wp\/v2\/posts\/153583","targetHints":{"allow":["GET"]}}],"collection":[{"href":"https:\/\/www.europesays.com\/es\/wp-json\/wp\/v2\/posts"}],"about":[{"href":"https:\/\/www.europesays.com\/es\/wp-json\/wp\/v2\/types\/post"}],"author":[{"embeddable":true,"href":"https:\/\/www.europesays.com\/es\/wp-json\/wp\/v2\/users\/2"}],"replies":[{"embeddable":true,"href":"https:\/\/www.europesays.com\/es\/wp-json\/wp\/v2\/comments?post=153583"}],"version-history":[{"count":0,"href":"https:\/\/www.europesays.com\/es\/wp-json\/wp\/v2\/posts\/153583\/revisions"}],"wp:featuredmedia":[{"embeddable":true,"href":"https:\/\/www.europesays.com\/es\/wp-json\/wp\/v2\/media\/153584"}],"wp:attachment":[{"href":"https:\/\/www.europesays.com\/es\/wp-json\/wp\/v2\/media?parent=153583"}],"wp:term":[{"taxonomy":"category","embeddable":true,"href":"https:\/\/www.europesays.com\/es\/wp-json\/wp\/v2\/categories?post=153583"},{"taxonomy":"post_tag","embeddable":true,"href":"https:\/\/www.europesays.com\/es\/wp-json\/wp\/v2\/tags?post=153583"}],"curies":[{"name":"wp","href":"https:\/\/api.w.org\/{rel}","templated":true}]}}