{"id":153585,"date":"2025-10-02T21:39:07","date_gmt":"2025-10-02T21:39:07","guid":{"rendered":"https:\/\/www.europesays.com\/es\/153585\/"},"modified":"2025-10-02T21:39:07","modified_gmt":"2025-10-02T21:39:07","slug":"de-viernes-anuncia-a-sus-5-invitados-semanales-en-telecinco-y-pone-de-nuevo-a-rocio-carrasco-en-el-foco","status":"publish","type":"post","link":"https:\/\/www.europesays.com\/es\/153585\/","title":{"rendered":"&#8216;De Viernes&#8217; anuncia a sus 5 invitados semanales en Telecinco y pone de nuevo a Roc\u00edo Carrasco en el foco"},"content":{"rendered":"<p>&#8216;De Viernes&#8217; seguir\u00e1 estirando esta semana el culebr\u00f3n en torno a las memorias de Mar Flores con la participaci\u00f3n del otro protagonista que no ha hablado hasta ahora: su hijo Carlo Costanzia as\u00ed como de las supuestas mentiras de Alessandro Lequio con Sonia Moldes. <\/p>\n<p>De esta manera, tras la <a href=\"https:\/\/eltelevisero.huffingtonpost.es\/2025\/09\/el-publico-cancela-en-masa-a-de-viernes-tras-este-momento-con-carlo-costanzia-machismo-en-prime-time\/\" data-type=\"link\" data-id=\"https:\/\/eltelevisero.huffingtonpost.es\/2025\/09\/el-publico-cancela-en-masa-a-de-viernes-tras-este-momento-con-carlo-costanzia-machismo-en-prime-time\/\" rel=\"nofollow noopener\" target=\"_blank\">pol\u00e9mica entrevista de su padre<\/a> hace unas semanas y despu\u00e9s de todo el revuelo generado sobre las memorias de su madre ahora es <strong>Carlo Costanzia Jr.<\/strong> qui\u00e9n toma la palabra. El hijo de Mar Flores abordar\u00e1 todas las pol\u00e9micas que han surgido a ra\u00edz de la publicaci\u00f3n de las memorias de su madre y las generadas tras la contundente respuesta en plat\u00f3 de su padre. <\/p>\n<p>El novio de Alejandra Rubio ser\u00e1 el protagonista del scoop de &#8216;De Viernes&#8217; y en \u00e9l se referir\u00e1 a los m\u00e1s duros narrados por la modelo durante su relaci\u00f3n con su ex, Carlo Costanzia, y al sufrimiento que le generaron las adicciones e ingreso en prisi\u00f3n de su hijo. Tambi\u00e9n valorar\u00e1 todo el revuelto generado tras el famoso posado junto a su padre, Alejandra Rubio y Terelu Campos en el cumplea\u00f1os de la colaboradora, una foto familiar que no ha gustado a Mar Flores. \u00bfC\u00f3mo es la relaci\u00f3n actual de Carlo con su madre? \u00bfSon ciertas las informaciones que apuntan a una tensi\u00f3n entre ellos? A todo ello responder\u00e1 en esta entrevista con Santi Acosta. <\/p>\n<p>Despu\u00e9s de las acusaciones de la semana pasada y a pesar de las amenazas de Alessandro Lequio con demandarla,<strong> Sonia Moldes<\/strong> regresar\u00e1 al plat\u00f3 de &#8216;De Viernes&#8217; con \u00abpruebas gr\u00e1ficas, fotograf\u00edas y cartas para desmontar las mentiras\u00bb del colaborador de &#8216;Vamos a ver&#8217; sobre la relaci\u00f3n que ambos mantuvieron y los motivos que llevaron a la ruptura. Sobre este tema tambi\u00e9n arrojar\u00e1 luz <strong>Miguel Temprano<\/strong>, paparazzi que mantuvo contacto con ambos durante aquellos a\u00f1os y que asegura \u00abtener mucha informaci\u00f3n sobre todo lo que pas\u00f3 que ha sido silenciada hasta ahora\u00bb. <\/p>\n<p>Amador Mohedano y Nacho Palau, los otros invitados de &#8216;De Viernes&#8217; <\/p>\n<p>Qui\u00e9n tambi\u00e9n reaparecer\u00e1 en &#8216;De Viernes&#8217; tras su ingreso hospitalario y el regreso a la televisi\u00f3n de su sobrina nieta Roc\u00edo Flores ser\u00e1 <strong>Amador Mohedano. <\/strong>El hermano de Roc\u00edo Jurado ser\u00e1 el protagonista del segundo scoop de la noche y en \u00e9l asegura que quiere ajustar cuentas. As\u00ed, no dudar\u00e1 en arremeter contra su sobrina Roc\u00edo Carrasco y advierte que \u00abRoc\u00edo Flores se ha callado muchas cosas que tienen que salir a la luz\u00bb. <\/p>\n<p>El \u00faltimo invitado de &#8216;De Viernes&#8217; ser\u00e1 <strong>Nacho Palau<\/strong>. El escultor volver\u00e1 al programa de Santi Acosta y Beatriz Archidona para hablar del reciente acercamiento que ha vivido con su ex pareja, Miguel Bos\u00e9. El escultor detallar\u00e1 en directo en qu\u00e9 punto se encuentran \u00e9l y su relaci\u00f3n con el cantante. <\/p>\n<p>Por \u00faltimo, el programa ofrecer\u00e1 y analizar\u00e1 la \u00faltima hora con im\u00e1genes in\u00e9ditas de &#8216;Supervivientes All Stars&#8217;, con las valoraciones de Roc\u00edo Flores, Makoke, Yola Berrocal y Elena Rodr\u00edguez, madre de Adara, entre otros colaboradores.<\/p>\n","protected":false},"excerpt":{"rendered":"&#8216;De Viernes&#8217; seguir\u00e1 estirando esta semana el culebr\u00f3n en torno a las memorias de Mar Flores con la&hellip;\n","protected":false},"author":2,"featured_media":153586,"comment_status":"","ping_status":"","sticky":false,"template":"","format":"standard","meta":{"footnotes":""},"categories":[171],"tags":[146,147,25,24,23,214],"class_list":{"0":"post-153585","1":"post","2":"type-post","3":"status-publish","4":"format-standard","5":"has-post-thumbnail","7":"category-tv","8":"tag-entertainment","9":"tag-entretenimiento","10":"tag-es","11":"tag-espana","12":"tag-spain","13":"tag-tv"},"share_on_mastodon":{"url":"","error":""},"_links":{"self":[{"href":"https:\/\/www.europesays.com\/es\/wp-json\/wp\/v2\/posts\/153585","targetHints":{"allow":["GET"]}}],"collection":[{"href":"https:\/\/www.europesays.com\/es\/wp-json\/wp\/v2\/posts"}],"about":[{"href":"https:\/\/www.europesays.com\/es\/wp-json\/wp\/v2\/types\/post"}],"author":[{"embeddable":true,"href":"https:\/\/www.europesays.com\/es\/wp-json\/wp\/v2\/users\/2"}],"replies":[{"embeddable":true,"href":"https:\/\/www.europesays.com\/es\/wp-json\/wp\/v2\/comments?post=153585"}],"version-history":[{"count":0,"href":"https:\/\/www.europesays.com\/es\/wp-json\/wp\/v2\/posts\/153585\/revisions"}],"wp:featuredmedia":[{"embeddable":true,"href":"https:\/\/www.europesays.com\/es\/wp-json\/wp\/v2\/media\/153586"}],"wp:attachment":[{"href":"https:\/\/www.europesays.com\/es\/wp-json\/wp\/v2\/media?parent=153585"}],"wp:term":[{"taxonomy":"category","embeddable":true,"href":"https:\/\/www.europesays.com\/es\/wp-json\/wp\/v2\/categories?post=153585"},{"taxonomy":"post_tag","embeddable":true,"href":"https:\/\/www.europesays.com\/es\/wp-json\/wp\/v2\/tags?post=153585"}],"curies":[{"name":"wp","href":"https:\/\/api.w.org\/{rel}","templated":true}]}}