{"id":153591,"date":"2025-10-02T21:42:08","date_gmt":"2025-10-02T21:42:08","guid":{"rendered":"https:\/\/www.europesays.com\/es\/153591\/"},"modified":"2025-10-02T21:42:08","modified_gmt":"2025-10-02T21:42:08","slug":"el-real-madrid-remonta-y-derrota-al-olympiacos-en-su-primer-partido-de-la-euroliga-en-casa","status":"publish","type":"post","link":"https:\/\/www.europesays.com\/es\/153591\/","title":{"rendered":"El Real Madrid remonta y derrota al Olympiacos en su primer partido de la Euroliga en casa"},"content":{"rendered":"<p>Cinco meses despu\u00e9s del \u00faltimo partido de <b>Euroliga<\/b> en el <b>Movistar Arena<\/b>, el <b>Real Madrid<\/b> se estren\u00f3 en la competici\u00f3n como local con un trabajado triunfo ante Olympiacos. Nuestro equipo venci\u00f3 en un complicado duelo en el que lleg\u00f3 a perder por 12 puntos en el primer cuarto, pero que logr\u00f3 remontar en la segunda parte gracias al gran esfuerzo colectivo. Hezonja lider\u00f3 al equipo con 18 puntos y 19 de valoraci\u00f3n en un encuentro en el que tambi\u00e9n destacaron <b>Feliz<\/b>, <b>Campazzo<\/b>, <b>Deck<\/b> y <b>Tavares<\/b>.<\/p>\n","protected":false},"excerpt":{"rendered":"Cinco meses despu\u00e9s del \u00faltimo partido de Euroliga en el Movistar Arena, el Real Madrid se estren\u00f3 en&hellip;\n","protected":false},"author":2,"featured_media":144132,"comment_status":"","ping_status":"","sticky":false,"template":"","format":"standard","meta":{"footnotes":""},"categories":[93],"tags":[168,25,24,23,167],"class_list":{"0":"post-153591","1":"post","2":"type-post","3":"status-publish","4":"format-standard","5":"has-post-thumbnail","7":"category-deportes","8":"tag-deportes","9":"tag-es","10":"tag-espana","11":"tag-spain","12":"tag-sports"},"share_on_mastodon":{"url":"","error":""},"_links":{"self":[{"href":"https:\/\/www.europesays.com\/es\/wp-json\/wp\/v2\/posts\/153591","targetHints":{"allow":["GET"]}}],"collection":[{"href":"https:\/\/www.europesays.com\/es\/wp-json\/wp\/v2\/posts"}],"about":[{"href":"https:\/\/www.europesays.com\/es\/wp-json\/wp\/v2\/types\/post"}],"author":[{"embeddable":true,"href":"https:\/\/www.europesays.com\/es\/wp-json\/wp\/v2\/users\/2"}],"replies":[{"embeddable":true,"href":"https:\/\/www.europesays.com\/es\/wp-json\/wp\/v2\/comments?post=153591"}],"version-history":[{"count":0,"href":"https:\/\/www.europesays.com\/es\/wp-json\/wp\/v2\/posts\/153591\/revisions"}],"wp:featuredmedia":[{"embeddable":true,"href":"https:\/\/www.europesays.com\/es\/wp-json\/wp\/v2\/media\/144132"}],"wp:attachment":[{"href":"https:\/\/www.europesays.com\/es\/wp-json\/wp\/v2\/media?parent=153591"}],"wp:term":[{"taxonomy":"category","embeddable":true,"href":"https:\/\/www.europesays.com\/es\/wp-json\/wp\/v2\/categories?post=153591"},{"taxonomy":"post_tag","embeddable":true,"href":"https:\/\/www.europesays.com\/es\/wp-json\/wp\/v2\/tags?post=153591"}],"curies":[{"name":"wp","href":"https:\/\/api.w.org\/{rel}","templated":true}]}}