{"id":153592,"date":"2025-10-02T21:44:12","date_gmt":"2025-10-02T21:44:12","guid":{"rendered":"https:\/\/www.europesays.com\/es\/153592\/"},"modified":"2025-10-02T21:44:12","modified_gmt":"2025-10-02T21:44:12","slug":"la-imagen-del-reencuentro-de-irene-rosales-y-anabel-pantoja-tras-la-separacion-asi-esta-su-relacion","status":"publish","type":"post","link":"https:\/\/www.europesays.com\/es\/153592\/","title":{"rendered":"La imagen del reencuentro de Irene Rosales y Anabel Pantoja tras la separaci\u00f3n: as\u00ed est\u00e1 su relaci\u00f3n"},"content":{"rendered":"<p>La historia de amor de Irene Rosales (34 a\u00f1os) y Kiko Rivera (41 a\u00f1os) <strong>parec\u00eda de esas destinadas a durar para siempre. <\/strong>Ambos se conocieron en 2014 a trav\u00e9s de amigos en com\u00fan. El DJ qued\u00f3 totalmente prendado de la joven y, durante un a\u00f1o, se dedic\u00f3 a conquistarla. \u00abFue un hueso duro de roer. Me tuvo un a\u00f1o intent\u00e1ndolo, yo ya no sab\u00eda qu\u00e9 hacer\u00bb, cont\u00f3 el hijo de Isabel Pantoja en &#8216;Mi casa es la tuya&#8217;.<\/p>\n<p>Poco a poco, se convirtieron en <strong>una de las parejas m\u00e1s consolidadas del panorama social.<\/strong> Nada parec\u00eda poder romper su amor. Pero, no ha sido as\u00ed. A finales de agosto sal\u00eda a la luz que <a href=\"https:\/\/www.lecturas.com\/actualidad\/irene-rosales-da-nuevo-giro-su-vida-regresa-television-tras-separarse-kiko-rivera_182017\" target=\"_self\" rel=\"nofollow noopener\">Irene y Kiko hab\u00edan puesto punto y final a su relaci\u00f3n. <\/a>Una noticia totalmente inesperada que hac\u00eda que todos nos pregunt\u00e1ramos qu\u00e9 hab\u00eda pasado entre ellos.<\/p>\n<p><strong>\u00abHa sido una decisi\u00f3n dura, nada f\u00e1cil,\u00a0<\/strong>pero\u00a0ambos necesitamos seguir nuestras vidas\u00a0por caminos separados.\u00a0Hay mucho cari\u00f1o, hay uni\u00f3n, y sobre todo mucho amor por la familia que hemos formado\u00bb, dec\u00eda Rosales en un comunicado. Desde entonces, los dos han intentado readaptarse a su nueva situaci\u00f3n mientras sal\u00edan nuevas informaciones,<a href=\"https:\/\/www.lecturas.com\/actualidad\/mensaje-que-irene-rosales-mando-sus-amigas-poco-antes-su-ruptura-kiko-rivera-no-hay-vuelta-atras_181147\" target=\"_self\" rel=\"nofollow noopener\"> como el mensaje que Irene envi\u00f3 a sus amigos.<\/a><\/p>\n<p><img loading=\"lazy\" decoding=\"async\"   src=\"https:\/\/www.europesays.com\/es\/wp-content\/uploads\/2025\/10\/irene-rosales-y-kiko-rivera_1e9b7d37_251002182602_1200x675.webp.webp\" alt=\"Irene Rosales y Kiko Rivera\" class=\"lazyload\" width=\"1200\" height=\"675\" data-aspectratio=\"1200\/675\"\/><\/p>\n<p>Irene Rosales y Kiko Rivera rompieron su relaci\u00f3n a finales de este agosto tras m\u00e1s de diez a\u00f1os de relaci\u00f3n.<\/p>\n<p>&#13;GTRES<\/p>\n<p>Adem\u00e1s, su entorno\u00a0directo era preguntado por qu\u00e9 hab\u00eda pasado.\u00a0<a href=\"https:\/\/www.lecturas.com\/actualidad\/anabel-pantoja-se-pronuncia-por-primera-vez-sobre-separacion-irene-rosales-y-kiko-rivera_180563\" target=\"_self\" rel=\"nofollow noopener\">Una de esas personas era Anabel Pantoja. <\/a>La influencer est\u00e1 muy unida a su primo, como qued\u00f3 demostrado durante el ingres\u00f3 de su hija peque\u00f1a. Rivera no dud\u00f3 en viajar a Canarias para apoyarla en esos duros momentos. Precisamente por la confianza existente entre ambos,<strong> la sobrina de Isabel Pantoja no quiso desvelar detalles. <\/strong>\u00abHe tomado la decisi\u00f3n de que no me voy a meter en temas&#8230; Tengo que respetar\u00bb, dec\u00eda ante las c\u00e1maras de Europa Press.<\/p>\n<p><img decoding=\"async\" src=\"https:\/\/www.europesays.com\/es\/wp-content\/uploads\/2025\/10\/david-broncano-y-silvia-alonso_6189fed7_251002133905_800x800.webp.webp\" alt=\"David Broncano y Silvia Alonso\" class=\"image lazyload\"\/><img loading=\"lazy\" decoding=\"async\" src=\"https:\/\/www.europesays.com\/es\/wp-content\/uploads\/2025\/10\/david-broncano-y-silvia-alonso_6189fed7_251002133913_1280x720.webp.webp\" alt=\"David Broncano y Silvia Alonso dan un paso m\u00e1s en su relaci\u00f3n: el acuerdo millonario que habla de su futuro juntos\" class=\"image lazyload\" width=\"1280\" height=\"720\" data-aspectratio=\"1280\/720\"\/>La relaci\u00f3n de Irene Rosales y Anabel Pantoja<\/p>\n<p>Esta discreci\u00f3n por parte de<strong> Anabel Pantoja no desvelaba qu\u00e9 sab\u00eda y qu\u00e9 no de la ruptura<\/strong> de la pareja. Tampoco si a ra\u00edz de la separaci\u00f3n hab\u00eda dejado de hablarse con Rosales por lealtad a su primo. Unas dudas que han quedado resueltas. Hace unos d\u00edas sali\u00f3 a la luz que <a href=\"https:\/\/www.lecturas.com\/actualidad\/irene-rosales-da-nuevo-giro-su-vida-regresa-television-tras-separarse-kiko-rivera_182017\" target=\"_self\" rel=\"nofollow noopener\">Irene iba a volver a la televisi\u00f3n <\/a>como bailarina invitada por una noche en &#8216;Bailando con las estrellas&#8217;.<\/p>\n<p><img loading=\"lazy\" decoding=\"async\"   src=\"https:\/\/www.europesays.com\/es\/wp-content\/uploads\/2025\/10\/irene-rosales_20ea90f0_251002181744_1200x664.webp.webp\" alt=\"Irene Rosales\" class=\"lazyload\" width=\"1200\" height=\"664\" data-aspectratio=\"1200\/664\"\/><\/p>\n<p>La participaci\u00f3n de Irene Rosales en &#8216;Bailando con las estrellas&#8217; la har\u00e1 reencontrarse con la prima de su expareja, Kiko Rivera.<\/p>\n<p>&#13;Telecinco<\/p>\n<p>El programa &#8216;El tiempo justo&#8217; ha emitido las primeras im\u00e1genes de la joven practicando para este reto. Enfundada en un conjunto de deporte gris y muy sonriente, <strong>la joven ha mostrado algunos pasos de baile.<\/strong><\/p>\n<p><img loading=\"lazy\" decoding=\"async\"   src=\"https:\/\/www.europesays.com\/es\/wp-content\/uploads\/2025\/10\/irene-rosales_498bb667_251002181828_1200x667.webp.webp\" alt=\"Irene Rosales\" class=\"lazyload\" width=\"1200\" height=\"667\" data-aspectratio=\"1200\/667\"\/><\/p>\n<p>Irene Rosales se ha mostrado ilusionada de participar en &#8216;Bailando con las estrellas&#8217;, el primer proyecto laboral p\u00fablico desde su separaci\u00f3n.<\/p>\n<p>&#13;Telecinco<\/p>\n<p>\u00ab<strong>Irene va a bailar su vida. Se la ve muy proactiva\u00bb,<\/strong> ha sentenciado Joaqu\u00edn Prat al verla, algo con lo que se mostraba de acuerdo Bel\u00e9n Rodr\u00edguez. \u00abEs su primer proyecto laboral despu\u00e9s de la separaci\u00f3n, adem\u00e1s con Anabel\u00bb, ha comentado la colaboradora.\u00a0Y es que, efectivamente, la novia de David Rodr\u00edguez es una de las concursantes oficiales del formato.<\/p>\n<p>De esta manera, las dos coincidir\u00e1n en el plat\u00f3 del programa y compartir\u00e1n protagonismo durante unas horas. Algo con que las dos parecen encantadas. Lejos de haber tensi\u00f3n o distancia entre ellas por la ruptura,<strong> las j\u00f3venes se han mostrado encantadas de vivir esta experiencia juntas.<\/strong><\/p>\n<p><img loading=\"lazy\" decoding=\"async\"   src=\"https:\/\/www.europesays.com\/es\/wp-content\/uploads\/2025\/10\/irene-rosales-y-anabel-pantoja_2f92b901_251002182335_1200x2139.webp.webp\" alt=\"Irene Rosales y Anabel Pantoja\" class=\"lazyload\" width=\"1200\" height=\"2139\" data-aspectratio=\"1200\/2139\"\/><\/p>\n<p>Irene Rosales y Anabel Pantoja han despejado las dudas sobre su relaci\u00f3n con esta foto antes de su participaci\u00f3n en &#8216;Bailando con las estrellas&#8217;.<\/p>\n<p>&#13;Instagram @anabelpantoja00<\/p>\n<p>Prueba de ello es la imagen que han compartido ambas de sus ensayos. \u00ab\u00a1Destruidas pero a darlo todo! <strong>Muy feliz de que vivas esta experiencia tan, tan guay\u00bb<\/strong>, ha escrito Anabel.\u00a0 En la imagen se ve a las dos vestidas con ropa c\u00f3moda, mostrando un neceser de deporte y muy sonrientes tras el esfuerzo realizado. Esta instant\u00e1nea ha aumentado la expectaci\u00f3n por verlas juntas en &#8216;Bailando con las estrellas&#8217; este s\u00e1bado.<\/p>\n<p>La emoci\u00f3n de Anabel en &#8216;Bailando con las estrellas&#8217;<\/p>\n<p>La hija de Merchi lo sabe bien. En el poco tiempo que lleva en el espacio de Telecinco ha vivido momentos muy especiales. \u00ab<strong>Mi t\u00eda me ha dicho que lo haga muy bien y sobre todo que disfrute.<\/strong> Quiero aprender y ense\u00f1\u00e1rselo a mi hija el d\u00eda de ma\u00f1ana. Necesito pas\u00e1rmelo bien, necesito vivir este concurso y disfrutarlo al m\u00e1ximo que creo que me lo merezco\u00bb, dec\u00eda al jurado en el estreno.<\/p>\n<p>Ese mismo d\u00eda <a href=\"https:\/\/www.lecturas.com\/actualidad\/emocion-anabel-pantoja-hablar-alma-estreno-estreno-bailando-estrellas-es-cancion-mia-mi-hija-alma_181193\" target=\"_self\" rel=\"nofollow noopener\">se emocionaba al descubrir la canci\u00f3n que le hab\u00eda tocado bailar:<\/a> &#8216;Si antes te hubiera conocido&#8217; de Karol G. Se trata de un tema muy especial para ella porque es la que le entona a su peque\u00f1a.\u00a0\u00a0\u00ab<strong>Es mentira. Me est\u00e1s gastando una broma.<\/strong> \u00bfEn serio? Mira, se me ponen los pelos de punta\u00bb, dec\u00eda, anonadada de que le hubiera tocado esta canci\u00f3n.\u00a0\u00abEs mi canci\u00f3n con mi ni\u00f1a, es la que le canto a ella. Estaba embaraza de cinco meses y justo estrenaban ese tema\u00bb, explic\u00f3.<\/p>\n","protected":false},"excerpt":{"rendered":"La historia de amor de Irene Rosales (34 a\u00f1os) y Kiko Rivera (41 a\u00f1os) parec\u00eda de esas destinadas&hellip;\n","protected":false},"author":2,"featured_media":153593,"comment_status":"","ping_status":"","sticky":false,"template":"","format":"standard","meta":{"footnotes":""},"categories":[91],"tags":[146,147,25,24,23],"class_list":{"0":"post-153592","1":"post","2":"type-post","3":"status-publish","4":"format-standard","5":"has-post-thumbnail","7":"category-entretenimiento","8":"tag-entertainment","9":"tag-entretenimiento","10":"tag-es","11":"tag-espana","12":"tag-spain"},"share_on_mastodon":{"url":"","error":""},"_links":{"self":[{"href":"https:\/\/www.europesays.com\/es\/wp-json\/wp\/v2\/posts\/153592","targetHints":{"allow":["GET"]}}],"collection":[{"href":"https:\/\/www.europesays.com\/es\/wp-json\/wp\/v2\/posts"}],"about":[{"href":"https:\/\/www.europesays.com\/es\/wp-json\/wp\/v2\/types\/post"}],"author":[{"embeddable":true,"href":"https:\/\/www.europesays.com\/es\/wp-json\/wp\/v2\/users\/2"}],"replies":[{"embeddable":true,"href":"https:\/\/www.europesays.com\/es\/wp-json\/wp\/v2\/comments?post=153592"}],"version-history":[{"count":0,"href":"https:\/\/www.europesays.com\/es\/wp-json\/wp\/v2\/posts\/153592\/revisions"}],"wp:featuredmedia":[{"embeddable":true,"href":"https:\/\/www.europesays.com\/es\/wp-json\/wp\/v2\/media\/153593"}],"wp:attachment":[{"href":"https:\/\/www.europesays.com\/es\/wp-json\/wp\/v2\/media?parent=153592"}],"wp:term":[{"taxonomy":"category","embeddable":true,"href":"https:\/\/www.europesays.com\/es\/wp-json\/wp\/v2\/categories?post=153592"},{"taxonomy":"post_tag","embeddable":true,"href":"https:\/\/www.europesays.com\/es\/wp-json\/wp\/v2\/tags?post=153592"}],"curies":[{"name":"wp","href":"https:\/\/api.w.org\/{rel}","templated":true}]}}