{"id":153597,"date":"2025-10-02T21:47:08","date_gmt":"2025-10-02T21:47:08","guid":{"rendered":"https:\/\/www.europesays.com\/es\/153597\/"},"modified":"2025-10-02T21:47:08","modified_gmt":"2025-10-02T21:47:08","slug":"numerosas-ciudades-europeas-celebran-protestas-por-el-abordaje-de-la-flotilla-de-gaza-y-en-italia-se-convoca-una-huelga-general-internacional","status":"publish","type":"post","link":"https:\/\/www.europesays.com\/es\/153597\/","title":{"rendered":"Numerosas ciudades europeas celebran protestas por el abordaje de la flotilla de Gaza y en Italia se convoca una huelga general | Internacional"},"content":{"rendered":"<p class=\"\">El principal sindicato italiano, CGIL, ha convocado una huelga general para este viernes, <a href=\"https:\/\/elpais.com\/internacional\/2025-09-30\/puertos-sindicatos-medicos-y-hasta-un-arzobispo-se-movilizan-en-italia-por-la-flotilla-de-gaza.html\" target=\"_self\" rel=\"nofollow noopener\" title=\"https:\/\/elpais.com\/internacional\/2025-09-30\/puertos-sindicatos-medicos-y-hasta-un-arzobispo-se-movilizan-en-italia-por-la-flotilla-de-gaza.html\">tal como hab\u00eda anunciado el martes<\/a> en caso de que la flotilla humanitaria a Gaza fuera interceptada por Israel. Tambi\u00e9n se ha sumado a la iniciativa la central USB, m\u00e1s peque\u00f1a, pero que el pasado 22 de septiembre ya<a href=\"https:\/\/elpais.com\/internacional\/2025-09-22\/una-huelga-general-en-italia-en-solidaridad-con-gaza-bloquea-puertos-transportes-y-colegios.html\" target=\"_self\" rel=\"nofollow noopener\" title=\"https:\/\/elpais.com\/internacional\/2025-09-22\/una-huelga-general-en-italia-en-solidaridad-con-gaza-bloquea-puertos-transportes-y-colegios.html\"> organiz\u00f3 con \u00e9xito un paro general <\/a>que sac\u00f3 a decenas de miles de manifestantes a la calle. <\/p>\n<p class=\"\">No obstante, la comisi\u00f3n de garant\u00edas que regula el derecho a huelga en Italia ha considerado la convocatoria \u201cileg\u00edtima\u201d en la tarde del jueves, pues ha sido organizada sin el aviso previo obligatorio, un m\u00ednimo de 10 d\u00edas, algo que solo est\u00e1 permitido en dos casos muy concretos: en defensa del orden constitucional y por graves eventos contra la seguridad de los trabajadores. En todo caso, la huelga ya es imparable, los sindicatos han anunciado que seguir\u00e1n adelante, aunque se arriesguen a sanciones de hasta 100.000 euros, y la iniciativa ya cuenta con numerosas adhesiones de entidades de todo tipo. Las protestas, adem\u00e1s, seguir\u00e1n al d\u00eda siguiente, pues para el s\u00e1bado ya estaba convocada una gran manifestaci\u00f3n en Roma en la que se esperan miles de participantes. <\/p>\n<p class=\"\">Tras el pronunciamiento sobre la ilegitimidad de la huelga, se prev\u00e9 que el Gobierno de derecha de Giorgia Meloni tambi\u00e9n haga un requerimiento formal a los funcionarios y empleados de servicios p\u00fablicos para que no abandonen sus puestos de trabajo. <\/p>\n<p class=\"\">A la espera de una nueva demostraci\u00f3n de fuerza en las calles, la capacidad de movilizaci\u00f3n del mundo sindical y estudiantil ha quedado de nuevo probada en la noche de este mi\u00e9rcoles con numerosas protestas espont\u00e1neas surgidas en las principales capitales italianas en cuanto se tuvo noticia del abordaje de la expedici\u00f3n por el ej\u00e9rcito israel\u00ed. Las manifestaciones se han extendido por toda Europa, con concentraciones en Madrid, Barcelona, Berl\u00edn, Londres, Bruselas y Atenas. En Estambul, cientos se concentraron afuera del consulado estadounidense y llamaron a la comunidad internacional a detener la masacre de civiles.<\/p>\n<p class=\"\">En Francia se han convocado esta tarde manifestaciones en una treintena de ciudades del pa\u00eds en apoyo a la Global Sumud Flotilla. En Par\u00eds est\u00e1 prevista una manifestaci\u00f3n en la Plaza de la Rep\u00fablica a las 18.30, justo despu\u00e9s de las protestas convocadas hoy tambi\u00e9n contra el Gobierno y los recortes presupuestarios. Tambi\u00e9n se prev\u00e9n concentraciones en Marsella, Lille, Nantes, Lyon, Grenoble, Montpellier o Burdeos, informa<b> Raquel Villa\u00e9cija<\/b>. <\/p>\n<p class=\"\">En Roma, m\u00e1s de 10.000 personas se concentraron cerca de la estaci\u00f3n Termini, que fue acordonada por la polic\u00eda para evitar que bloquearan las v\u00edas, cosa que s\u00ed ocurri\u00f3 por ejemplo en las terminales de N\u00e1poles y Tur\u00edn. Los manifestantes se dirigieron luego hacia Palazzo Chigi, sede de la presidencia del Gobierno, pero la marcha top\u00f3 con una barrera de agentes con veh\u00edculos blindados. Finalmente, llegaron hasta una plaza cercana al edificio oficial. Otras protestas con miles de personas se organizaron en Mil\u00e1n, Bolonia, Florencia, Palermo y G\u00e9nova, entre otras capitales. <\/p>\n<p class=\"\">Pasada la noche, tambi\u00e9n durante toda la jornada del jueves se han registrado manifestaciones, algunas con cargas de la polic\u00eda, como en Bolonia. En Tur\u00edn, un grupo se col\u00f3 en la pista del aeropuerto a primera hora de la tarde y caus\u00f3 retrasos en varios vuelos hasta que fue desalojado por fuerzas del orden.<\/p>\n<p class=\"\">Matteo Salvini, l\u00edder ultraderechista de la Liga y ministro italiano de Infraestructuras y Transportes, ya hab\u00eda advertido de que la huelga general convocada para el viernes no entrar\u00eda en los supuestos en que se puede organizar un paro sin aviso previo, y este jueves ha vuelto a insistir en ello: \u201cQuiero evitar que una minor\u00eda irresponsable pueda da\u00f1ar a millones de italianos\u201d. Para Salvini, los manifestantes \u201cno son pro-Palestina, son pro-caos y hay que detenerlos, castigarlos y multarlos\u201d. La primera ministra, Giorgia Meloni, que ya consider\u00f3 \u201cirresponsables\u201d a los integrantes de la flotilla, ha desde\u00f1ado la huelga general diciendo que los sindicatos solo buscan \u201cun fin de semana largo\u201d. <\/p>\n<p class=\"\">En la Flotilla Global Sumud viajaban cuatro diputados italianos y un concejal de tres partidos de la oposici\u00f3n. Algunos de ellos ya han hecho llegar declaraciones tras su arresto, subrayando que Israel ha actuado en aguas internacionales sobre las que no tiene ninguna jurisdicci\u00f3n: \u201cSi est\u00e1is viendo este v\u00eddeo, he sido secuestrado y trasladado contra mi voluntad por las fuerzas israel\u00edes. Nuestra misi\u00f3n humanitaria era no violenta y respetaba el derecho internacional. Por favor, decid a mi gobierno que exija mi liberaci\u00f3n inmediata y la de todos los italianos a bordo\u201d, ha dicho en un v\u00eddeo el senador Marco Croatti, del Movimiento Cinco Estrellas, que viajaba en el Morgana, una de las embarcaciones abordadas. <\/p>\n<p class=\"\">Tambi\u00e9n Benedetta Scuderi, de AVS, envi\u00f3 un v\u00eddeo: \u201cNos han interceptado en aguas internacionales, han violado el derecho mar\u00edtimo internacional, han atacado a civiles que llevaban ayuda, y lo han hecho con impunidad. Esto es un verdadero acto de pirater\u00eda\u201d. <\/p>\n<p class=\"\">Elly Schlein, l\u00edder del Partido Democr\u00e1tico (PD), primera fuerza de la oposici\u00f3n y a la que pertenecen los otros dos diputados italianos de la flotilla, tambi\u00e9n ha reaccionado con severidad: \u201cHemos perdido el contacto con nuestros parlamentarios a bordo a las 19.30, pero seguimos la situaci\u00f3n a trav\u00e9s de nuestros canales. Ser\u00e1n horas largas y dif\u00edciles. Debemos recordar que la flotilla es una misi\u00f3n humanitaria, pac\u00edfica, desarmada y no violenta. Lo que Israel hace en aguas internacionales es totalmente ilegal. Los gobiernos europeos no deben tolerarlo y deben hacer todo lo posible para proteger la seguridad de los activistas a bordo. Solicito esto en particular al Gobierno italiano. Y deben insistir en la apertura de un corredor humanitario permanente\u201d.<\/p>\n","protected":false},"excerpt":{"rendered":"El principal sindicato italiano, CGIL, ha convocado una huelga general para este viernes, tal como hab\u00eda anunciado el&hellip;\n","protected":false},"author":2,"featured_media":153598,"comment_status":"","ping_status":"","sticky":false,"template":"","format":"standard","meta":{"footnotes":""},"categories":[42],"tags":[17,18,41094,13,14,32256,73,11,61,62,63,64,74,628,19,20,8987,9,10,15,16,42991,1255,12,21,22,65,66,67],"class_list":{"0":"post-153597","1":"post","2":"type-post","3":"status-publish","4":"format-standard","5":"has-post-thumbnail","7":"category-internacional","8":"tag-breaking-news","9":"tag-breakingnews","10":"tag-derecho-internacional","11":"tag-featured-news","12":"tag-featurednews","13":"tag-flotilla-de-la-libertad","14":"tag-franja-gaza","15":"tag-headlines","16":"tag-internacional","17":"tag-international","18":"tag-international-news","19":"tag-internationalnews","20":"tag-israel","21":"tag-italia","22":"tag-latest-news","23":"tag-latestnews","24":"tag-mar-mediterraneo","25":"tag-news","26":"tag-noticias","27":"tag-noticias-destacadas","28":"tag-noticiasdestacadas","29":"tag-pacifismo","30":"tag-territorios-palestinos","31":"tag-titulares","32":"tag-ultimas-noticias","33":"tag-ultimasnoticias","34":"tag-world","35":"tag-world-news","36":"tag-worldnews"},"share_on_mastodon":{"url":"","error":""},"_links":{"self":[{"href":"https:\/\/www.europesays.com\/es\/wp-json\/wp\/v2\/posts\/153597","targetHints":{"allow":["GET"]}}],"collection":[{"href":"https:\/\/www.europesays.com\/es\/wp-json\/wp\/v2\/posts"}],"about":[{"href":"https:\/\/www.europesays.com\/es\/wp-json\/wp\/v2\/types\/post"}],"author":[{"embeddable":true,"href":"https:\/\/www.europesays.com\/es\/wp-json\/wp\/v2\/users\/2"}],"replies":[{"embeddable":true,"href":"https:\/\/www.europesays.com\/es\/wp-json\/wp\/v2\/comments?post=153597"}],"version-history":[{"count":0,"href":"https:\/\/www.europesays.com\/es\/wp-json\/wp\/v2\/posts\/153597\/revisions"}],"wp:featuredmedia":[{"embeddable":true,"href":"https:\/\/www.europesays.com\/es\/wp-json\/wp\/v2\/media\/153598"}],"wp:attachment":[{"href":"https:\/\/www.europesays.com\/es\/wp-json\/wp\/v2\/media?parent=153597"}],"wp:term":[{"taxonomy":"category","embeddable":true,"href":"https:\/\/www.europesays.com\/es\/wp-json\/wp\/v2\/categories?post=153597"},{"taxonomy":"post_tag","embeddable":true,"href":"https:\/\/www.europesays.com\/es\/wp-json\/wp\/v2\/tags?post=153597"}],"curies":[{"name":"wp","href":"https:\/\/api.w.org\/{rel}","templated":true}]}}